{"id":72225,"date":"2023-08-01T09:08:35","date_gmt":"2023-08-01T09:08:35","guid":{"rendered":"https:\/\/www.automakersnews.cz\/?p=72225"},"modified":"2023-08-01T09:08:35","modified_gmt":"2023-08-01T09:08:35","slug":"porsche-letos-hlasi-15-rust-prodeju","status":"publish","type":"post","link":"https:\/\/www.automakersnews.cz\/index.php\/2023\/08\/01\/porsche-letos-hlasi-15-rust-prodeju\/","title":{"rendered":"Porsche letos hl\u00e1s\u00ed 15% r\u016fst prodej\u016f"},"content":{"rendered":"<p><strong>Automobilka Porsche dodala v prvn\u00edm pololet\u00ed roku 2023 o 15 % voz\u016f v\u00edce ne\u017e v prvn\u00ed polovin\u011b roku 2022. Tradi\u010dn\u00ed v\u00fdrobce sportovn\u00edch voz\u016f klient\u016fm p\u0159edal celkem 167 354 vozidel. <\/strong><!--more--><\/p>\n<p>\u201ePo prvn\u00edch \u0161esti m\u011bs\u00edc\u00edch m\u016f\u017eeme b\u00fdt s v\u00fdsledky spokojeni,\u201c \u0159\u00edk\u00e1 Detlev von Platen, \u010dlen p\u0159edstavenstva Porsche AG, odpov\u011bdn\u00fd za oblast prodeje a marketingu. \u201eRostli jsme ve v\u0161ech prodejn\u00edch regionech\u201c.<\/p>\n<p><span>Stuttgart.\u00a0<\/span>Automobilka Porsche zaznamenala skv\u011bl\u00e9 v\u00fdsledky v Evrop\u011b, kam v prvn\u00edm pololet\u00ed dodala 36 574 voz\u016f. P\u0159edstavuje to n\u00e1r\u016fst o 23 % ve srovn\u00e1n\u00ed se stejn\u00fdm obdob\u00edm lo\u0148sk\u00e9ho roku. Tak\u00e9 na dom\u00e1c\u00edm n\u011bmeck\u00e9m trhu si sv\u00e9 automobily Porsche meziro\u010dn\u011b p\u0159evzalo v\u00fdrazn\u011b v\u00edc klient\u016f: 17 118 voz\u016f znamen\u00e1 24% r\u016fst.<\/p>\n<p>V USA n\u00e1r\u016fst dosahuje rovn\u011b\u017e dvoucifern\u00e9ho rozsahu. Celkem 41 937 dodan\u00fdch vozidel p\u0159edstavuje n\u00e1r\u016fst o 12 %. Navzdory n\u00e1ro\u010dn\u00e9mu tr\u017en\u00edmu prost\u0159ed\u00ed se zna\u010dce Porsche da\u0159ilo tak\u00e9 na \u010d\u00ednsk\u00e9m trhu. Od ledna do \u010dervna zde vozy Porsche putovaly k 43 832 z\u00e1kazn\u00edk\u016fm, co\u017e znamen\u00e1 n\u00e1r\u016fst o 8 %. V dal\u0161\u00edch z\u00e1mo\u0159sk\u00fdch a rozv\u00edjej\u00edc\u00edch se trz\u00edch bylo dod\u00e1no 27 893 vozidel rovnaj\u00edc\u00ed se 16% r\u016fstu.<\/p>\n<p>Nejv\u011bt\u0161\u00ed oblib\u011b z\u00e1kazn\u00edk\u016f se t\u011b\u0161\u00ed SUV: Porsche Macan zvolilo 47 755 klient\u016f (+ 26 %), model Cayenne oslovil 46 884 lid\u00ed (+ 12 %). Tak\u00e9 sportovn\u00ed ikona 911, slav\u00edc\u00ed letos 60let\u00e9 jubileum, je u z\u00e1kazn\u00edk\u016f v kurzu: \u201eDev\u011btsetjeden\u00e1ctka\u201c byla dod\u00e1na 26 124 z\u00e1kazn\u00edk\u016fm (21% r\u016fst). Pln\u011b elektrick\u00fd model Taycan na\u0161el v prvn\u00edm pololet\u00ed 17 991 klient\u016f (- 5 %), p\u0159i\u010dem\u017e pod pokles se podepsal p\u0159etrv\u00e1vaj\u00edc\u00ed nedostatek d\u00edl\u016f.<\/p>\n<p>Luxusn\u00ed Porsche Panamera meziro\u010dn\u011b rostlo o 13 % (17 565 kus\u016f), sportovn\u00ed modely 718 Boxster a 718 Cayman bodovaly stejn\u00fdm meziro\u010dn\u00edm n\u00e1r\u016fstem (11 035 kus\u016f).<\/p>\n<p>\u201eHodnotov\u011b orientovan\u00fd r\u016fst je nejvy\u0161\u0161\u00ed prioritou zna\u010dky Porsche,\u201c \u0159\u00edk\u00e1 Detlev von Platen. \u201eZa t\u00edmto c\u00edlem si stoj\u00edme a sna\u017e\u00edme se b\u00fdt flexibiln\u00ed, p\u0159i\u010dem\u017e glob\u00e1ln\u00ed ekonomick\u00e1 situace z\u016fst\u00e1v\u00e1 n\u00e1ro\u010dn\u00e1. Zejm\u00e9na v \u010c\u00edn\u011b usilujeme o dobrou rovnov\u00e1hu mezi nab\u00eddkou a popt\u00e1vkou v souladu s na\u0161\u00edm luxusn\u00edm postaven\u00edm.\u201c<\/p>\n<figure id=\"attachment_71738\" aria-describedby=\"caption-attachment-71738\" style=\"width: 667px\" class=\"wp-caption alignnone\"><img loading=\"lazy\" decoding=\"async\" class=\"size-full wp-image-71738\" src=\"http:\/\/www.automakersnews.cz\/wp-content\/uploads\/2023\/07\/Porsche-Cayenne-Sedlacek-premiera-sirka-1.jpg\" alt=\"\" width=\"667\" height=\"629\" srcset=\"https:\/\/www.automakersnews.cz\/wp-content\/uploads\/2023\/07\/Porsche-Cayenne-Sedlacek-premiera-sirka-1.jpg 667w, https:\/\/www.automakersnews.cz\/wp-content\/uploads\/2023\/07\/Porsche-Cayenne-Sedlacek-premiera-sirka-1-300x283.jpg 300w\" sizes=\"auto, (max-width: 667px) 100vw, 667px\" \/><figcaption id=\"caption-attachment-71738\" class=\"wp-caption-text\">\u010cesk\u00fd import zna\u010dky uk\u00e1zal na konci \u010dervence v Praze nov\u00e9 Cayenne<\/figcaption><\/figure>\n","protected":false},"excerpt":{"rendered":"<div class=\"mh-excerpt\"><p>Automobilka Porsche dodala v prvn\u00edm pololet\u00ed roku 2023 o 15 % voz\u016f v\u00edce ne\u017e v prvn\u00ed polovin\u011b roku 2022. Tradi\u010dn\u00ed v\u00fdrobce sportovn\u00edch voz\u016f klient\u016fm p\u0159edal <a class=\"mh-excerpt-more\" href=\"https:\/\/www.automakersnews.cz\/index.php\/2023\/08\/01\/porsche-letos-hlasi-15-rust-prodeju\/\" title=\"Porsche letos hl\u00e1s\u00ed 15% r\u016fst prodej\u016f\">[&#8230;]<\/a><\/p>\n<\/div>","protected":false},"author":1,"featured_media":72226,"comment_status":"open","ping_status":"open","sticky":false,"template":"","format":"standard","meta":{"footnotes":""},"categories":[8],"tags":[],"class_list":["post-72225","post","type-post","status-publish","format-standard","has-post-thumbnail","hentry","category-statistika"],"_links":{"self":[{"href":"https:\/\/www.automakersnews.cz\/index.php\/wp-json\/wp\/v2\/posts\/72225","targetHints":{"allow":["GET"]}}],"collection":[{"href":"https:\/\/www.automakersnews.cz\/index.php\/wp-json\/wp\/v2\/posts"}],"about":[{"href":"https:\/\/www.automakersnews.cz\/index.php\/wp-json\/wp\/v2\/types\/post"}],"author":[{"embeddable":true,"href":"https:\/\/www.automakersnews.cz\/index.php\/wp-json\/wp\/v2\/users\/1"}],"replies":[{"embeddable":true,"href":"https:\/\/www.automakersnews.cz\/index.php\/wp-json\/wp\/v2\/comments?post=72225"}],"version-history":[{"count":0,"href":"https:\/\/www.automakersnews.cz\/index.php\/wp-json\/wp\/v2\/posts\/72225\/revisions"}],"wp:featuredmedia":[{"embeddable":true,"href":"https:\/\/www.automakersnews.cz\/index.php\/wp-json\/wp\/v2\/media\/72226"}],"wp:attachment":[{"href":"https:\/\/www.automakersnews.cz\/index.php\/wp-json\/wp\/v2\/media?parent=72225"}],"wp:term":[{"taxonomy":"category","embeddable":true,"href":"https:\/\/www.automakersnews.cz\/index.php\/wp-json\/wp\/v2\/categories?post=72225"},{"taxonomy":"post_tag","embeddable":true,"href":"https:\/\/www.automakersnews.cz\/index.php\/wp-json\/wp\/v2\/tags?post=72225"}],"curies":[{"name":"wp","href":"https:\/\/api.w.org\/{rel}","templated":true}]}}