{"id":72369,"date":"2023-08-01T15:37:23","date_gmt":"2023-08-01T15:37:23","guid":{"rendered":"https:\/\/www.automakersnews.cz\/?p=72369"},"modified":"2023-08-01T15:48:33","modified_gmt":"2023-08-01T15:48:33","slug":"autobinck-vytvoril-import-pro-znacku-mg","status":"publish","type":"post","link":"https:\/\/www.automakersnews.cz\/index.php\/2023\/08\/01\/autobinck-vytvoril-import-pro-znacku-mg\/","title":{"rendered":"AutoBinck vytvo\u0159il import pro zna\u010dku MG"},"content":{"rendered":"<p><strong>Automobilov\u00e1 skupina AutoBinck vytvo\u0159\u00ed pro \u010desk\u00fd i slovensk\u00fd trh samostatn\u00e1 obchodn\u00ed zastoupen\u00ed zna\u010dky MG. Zve\u0159ejnila dnes tak\u00e9 person\u00e1ln\u00ed ozn\u00e1men\u00ed t\u00fdkaj\u00edc\u00ed se jmenov\u00e1n\u00ed gener\u00e1ln\u00edch \u0159editel\u016f nov\u00fdch zastoupen\u00ed v obou zem\u00edch. \u00a0 <\/strong><!--more--><\/p>\n<p>&#8222;Rostouc\u00ed ambice automobilov\u00e9 skupiny AutoBinck a spole\u010dnosti SAIC, majitele zna\u010dky MG Motor, v obchodu s nov\u00fdmi vozy MG na trz\u00edch v \u010cesk\u00e9 a Slovensk\u00e9 republice vedly k dne\u0161n\u00edmu ozn\u00e1men\u00ed o vytvo\u0159en\u00ed samostatn\u00fdch obchodn\u00edch zastoupen\u00ed t\u00e9to automobilov\u00e9 zna\u010dky v obou zm\u00edn\u011bn\u00fdch zem\u00edch,&#8220; uvedla firma.<\/p>\n<p>V souvislosti s t\u00edm byli v prvn\u00ed f\u00e1zi tohoto procesu osamostatn\u011bn\u00ed zna\u010dky MG na trhu nov\u011b jmenov\u00e1ni gener\u00e1ln\u00ed \u0159editel\u00e9 pro ka\u017edou z obou zem\u00ed.<\/p>\n<p><strong>Gener\u00e1ln\u00edm \u0159editelem MG \u010cesk\u00e1 republika je s platnost\u00ed od 1. srpna jmenov\u00e1n Martin Kr\u00e1l\u00ed\u010dek<\/strong>, kter\u00fd m\u00e1 t\u00e9m\u011b\u0159 patn\u00e1ctilet\u00e9 zku\u0161enosti z oblasti automotive, a to na n\u011bkolika vedouc\u00edch pozic\u00edch u renomovan\u00e9 leasingov\u00e9 spole\u010dnosti a tak\u00e9 u import\u00e9rsk\u00e9 organizace p\u0159edn\u00ed zahrani\u010dn\u00ed automobilov\u00e9 zna\u010dky na \u010desk\u00e9m trhu.<\/p>\n<p>\u201eJe pro m\u011b velk\u00fdm pot\u011b\u0161en\u00edm p\u0159ijmout v\u00fdzvu reprezentovat zna\u010dku MG, o kter\u00e9 jsem p\u0159esv\u011bd\u010den, \u017ee sv\u00fdm sou\u010dasn\u00fdm a budouc\u00edm portfoliem model\u016f, rozvojem modern\u00edch technologi\u00ed a d\u016frazem na kvalitu z\u00e1kaznick\u00fdch slu\u017eeb bude pat\u0159it k v\u00fdznamn\u00fdm zna\u010dk\u00e1m na n\u00e1ro\u010dn\u00e9m celoevropsk\u00e9m, ale p\u0159edev\u0161\u00edm lok\u00e1ln\u00edm automobilov\u00e9m trhu. Velkou \u0161anci vid\u00edm aktu\u00e1ln\u011b v pos\u00edlen\u00ed fleetov\u00fdch prodej\u016f, a to s brzk\u00fdm uveden\u00edm modelu MG5, co\u017e je elegantn\u00ed elektrick\u00e9 kombi,\u201c \u0159\u00edk\u00e1 ke sv\u00e9mu jmenov\u00e1n\u00ed Martin Kr\u00e1l\u00ed\u010dek.<\/p>\n<figure id=\"attachment_72371\" aria-describedby=\"caption-attachment-72371\" style=\"width: 640px\" class=\"wp-caption alignnone\"><img loading=\"lazy\" decoding=\"async\" class=\"size-full wp-image-72371\" src=\"http:\/\/www.automakersnews.cz\/wp-content\/uploads\/2023\/08\/Martin_Kralicek_01.jpg\" alt=\"\" width=\"640\" height=\"480\" srcset=\"https:\/\/www.automakersnews.cz\/wp-content\/uploads\/2023\/08\/Martin_Kralicek_01.jpg 640w, https:\/\/www.automakersnews.cz\/wp-content\/uploads\/2023\/08\/Martin_Kralicek_01-300x225.jpg 300w, https:\/\/www.automakersnews.cz\/wp-content\/uploads\/2023\/08\/Martin_Kralicek_01-326x245.jpg 326w, https:\/\/www.automakersnews.cz\/wp-content\/uploads\/2023\/08\/Martin_Kralicek_01-80x60.jpg 80w\" sizes=\"auto, (max-width: 640px) 100vw, 640px\" \/><figcaption id=\"caption-attachment-72371\" class=\"wp-caption-text\">Martin Kr\u00e1l\u00ed\u010dek<\/figcaption><\/figure>\n<p><strong>Pozici gener\u00e1ln\u00edho \u0159editele v zastoupen\u00ed MG Slovensk\u00e1 republika p\u0159ijal k 1. \u010dervenci Roman Petr\u00edk<\/strong>, kter\u00fd pro zna\u010dku MG doposud p\u016fsobil jako region\u00e1ln\u00ed obchodn\u00ed mana\u017eer. Ten zasv\u011btil automobilov\u00e9mu byznysu na n\u011bkolika vedouc\u00edch pozic\u00edch v oblasti obchodu a marketingu p\u0159es osm let sv\u00e9 \u00fasp\u011b\u0161n\u00e9 pracovn\u00ed kari\u00e9ry.<\/p>\n<p>\u201eV zna\u010dke MG m\u00e1me pr\u00edle\u017eitos\u0165 pribl\u00ed\u017ei\u0165 na\u0161im z\u00e1kazn\u00edkom jedine\u010dn\u00e9 spojenie tradi\u010dnej zna\u010dky spolu s inov\u00e1ciami a technologick\u00fdmi rie\u0161eniami, ktor\u00e9 poskytuje jej s\u00fa\u010dasn\u00fd vlastn\u00edk, a to v\u0161etko za dostupn\u00fa cenu. \u0160ance na \u00faspech s\u00fa vysok\u00e9 vzh\u013eadom na svetov\u00fa \u00farove\u0148 kvality a dizajnu nov\u00fdch modelov ako nov\u00e9 MG4, ktor\u00e9 vo viacer\u00fdch parametroch predbieha zaveden\u00fa eur\u00f3psku konkurenciu. Te\u0161\u00edm sa na spolo\u010dn\u00fa cestu rozv\u00edjania MG na slovenskom trhu ako zna\u010dky s jedn\u00fdm z najv\u00e4\u010d\u0161\u00edch potenci\u00e1lov znovuzroden\u00fdch zna\u010diek so storo\u010dnou hist\u00f3riou, \u010do sa na trhovom podiele v Eur\u00f3pe u\u017e za\u010d\u00edna jednozna\u010dne prejavova\u0165. Z\u00e1kazn\u00edci sa tak m\u00f4\u017eu te\u0161i\u0165 na mno\u017estvo dostupn\u00fdch modelov s unik\u00e1tnou z\u00e1rukou, kvalitou a prijate\u013enou cenou,\u201c je p\u0159esv\u011bd\u010den Roman Petr\u00edk.<\/p>\n<p>Pos\u00edlen\u00ed pozice zna\u010dky MG na automobilov\u00fdch trz\u00edch v \u010cesku a na Slovensku formou vytvo\u0159en\u00ed samostatn\u00fdch zastoupen\u00ed plynule navazuje na jej\u00ed \u00fasp\u011b\u0161n\u00e9 uveden\u00ed v obou zem\u00edch v \u010dervenci lo\u0148sk\u00e9ho roku, a to d\u00edky \u00fasil\u00ed v\u0161ech zam\u011bstnanc\u016f spole\u010dnosti M Motors CZ a M Motors SK. I proto bylo mo\u017en\u00e9 dos\u00e1hnout za \u00favodn\u00ed rok fungov\u00e1n\u00ed zna\u010dky MG na obou trz\u00edch celkov\u00e9ho po\u010dtu v\u00edce ne\u017e 3 100 objedn\u00e1vek nov\u00fdch voz\u016f.<\/p>\n<p>C\u00edlem sou\u010dasn\u00fdch organiza\u010dn\u00edch zm\u011bn je mimo jin\u00e9 dos\u00e1hnout v dlouhodob\u011bj\u0161\u00edm \u010dasov\u00e9m horizontu prodej\u016f nov\u00fdch voz\u016f na \u00farovni \u00fasp\u011b\u0161n\u011b etablovan\u00fdch zna\u010dek na obou trz\u00edch.<\/p>\n<p>&#8222;Roz\u0161\u00ed\u0159en\u00ed a zkvalitn\u011bn\u00ed dealersk\u00e9 s\u00edt\u011b s d\u016frazem na dosa\u017een\u00ed vysok\u00e9 \u00farovn\u011b z\u00e1kaznick\u00e9 spokojenosti v prodejn\u00edch i poprodejn\u00edch slu\u017eb\u00e1ch bude prov\u00e1zet tak\u00e9 nab\u00eddka chytr\u00fdch \u0159e\u0161en\u00ed souvisej\u00edc\u00edch s rozvojem elektromobility. I proto je v pl\u00e1nu dal\u0161\u00ed f\u00e1ze t\u011bchto zm\u011bn v podob\u011b person\u00e1ln\u00edho pos\u00edlen\u00ed nov\u00e9 organiza\u010dn\u00ed struktury a s t\u00edm spojen\u00e9 nastaven\u00ed dal\u0161\u00edch pot\u0159ebn\u00fdch proces\u016f, term\u00ednov\u011b sm\u011b\u0159uj\u00edc\u00edch k p\u0159elomu t\u0159et\u00edho a \u010dtvrt\u00e9ho kvart\u00e1lu leto\u0161n\u00edho roku,&#8220; uvedl Autobinck.<\/p>\n<p><strong>Zdroj: Marek Vodi\u010dka, MG<\/strong><\/p>\n<p><img loading=\"lazy\" decoding=\"async\" class=\"alignnone size-large wp-image-18164\" src=\"http:\/\/www.automakersnews.cz\/wp-content\/uploads\/2023\/01\/MG_MOTORS_HS_KARLOVY_VARY-1024x683.jpg\" alt=\"\" width=\"1024\" height=\"683\" \/><\/p>\n","protected":false},"excerpt":{"rendered":"<div class=\"mh-excerpt\"><p>Automobilov\u00e1 skupina AutoBinck vytvo\u0159\u00ed pro \u010desk\u00fd i slovensk\u00fd trh samostatn\u00e1 obchodn\u00ed zastoupen\u00ed zna\u010dky MG. Zve\u0159ejnila dnes tak\u00e9 person\u00e1ln\u00ed ozn\u00e1men\u00ed t\u00fdkaj\u00edc\u00ed se jmenov\u00e1n\u00ed gener\u00e1ln\u00edch \u0159editel\u016f nov\u00fdch <a class=\"mh-excerpt-more\" href=\"https:\/\/www.automakersnews.cz\/index.php\/2023\/08\/01\/autobinck-vytvoril-import-pro-znacku-mg\/\" title=\"AutoBinck vytvo\u0159il import pro zna\u010dku MG\">[&#8230;]<\/a><\/p>\n<\/div>","protected":false},"author":1,"featured_media":227,"comment_status":"open","ping_status":"open","sticky":false,"template":"","format":"standard","meta":{"footnotes":""},"categories":[37],"tags":[],"class_list":["post-72369","post","type-post","status-publish","format-standard","has-post-thumbnail","hentry","category-importeri"],"_links":{"self":[{"href":"https:\/\/www.automakersnews.cz\/index.php\/wp-json\/wp\/v2\/posts\/72369","targetHints":{"allow":["GET"]}}],"collection":[{"href":"https:\/\/www.automakersnews.cz\/index.php\/wp-json\/wp\/v2\/posts"}],"about":[{"href":"https:\/\/www.automakersnews.cz\/index.php\/wp-json\/wp\/v2\/types\/post"}],"author":[{"embeddable":true,"href":"https:\/\/www.automakersnews.cz\/index.php\/wp-json\/wp\/v2\/users\/1"}],"replies":[{"embeddable":true,"href":"https:\/\/www.automakersnews.cz\/index.php\/wp-json\/wp\/v2\/comments?post=72369"}],"version-history":[{"count":0,"href":"https:\/\/www.automakersnews.cz\/index.php\/wp-json\/wp\/v2\/posts\/72369\/revisions"}],"wp:featuredmedia":[{"embeddable":true,"href":"https:\/\/www.automakersnews.cz\/index.php\/wp-json\/wp\/v2\/media\/227"}],"wp:attachment":[{"href":"https:\/\/www.automakersnews.cz\/index.php\/wp-json\/wp\/v2\/media?parent=72369"}],"wp:term":[{"taxonomy":"category","embeddable":true,"href":"https:\/\/www.automakersnews.cz\/index.php\/wp-json\/wp\/v2\/categories?post=72369"},{"taxonomy":"post_tag","embeddable":true,"href":"https:\/\/www.automakersnews.cz\/index.php\/wp-json\/wp\/v2\/tags?post=72369"}],"curies":[{"name":"wp","href":"https:\/\/api.w.org\/{rel}","templated":true}]}}