{"id":72628,"date":"2023-08-02T06:49:29","date_gmt":"2023-08-02T06:49:29","guid":{"rendered":"https:\/\/www.automakersnews.cz\/?p=72628"},"modified":"2023-08-02T06:49:29","modified_gmt":"2023-08-02T06:49:29","slug":"horici-lod-s-elektromobily-odtahli","status":"publish","type":"post","link":"https:\/\/www.automakersnews.cz\/index.php\/2023\/08\/02\/horici-lod-s-elektromobily-odtahli\/","title":{"rendered":"Ho\u0159\u00edc\u00ed lo\u010f s elektromobily odt\u00e1hli"},"content":{"rendered":"<p><strong>N\u00e1kladn\u00ed lo\u010f plnou automobil\u016f, na n\u00ed\u017e minul\u00fd t\u00fdden v Severn\u00edm mo\u0159i vypukl po\u017e\u00e1r, se poda\u0159ilo odt\u00e1hnout na bezpe\u010dn\u011bj\u0161\u00ed m\u00edsto u nizozemsk\u00fdch b\u0159eh\u016f, ozn\u00e1milo dnes tamn\u00ed ministerstvo infrastruktury.<\/strong><!--more--><\/p>\n<p>Plavidlo Fremantle Highway bude do\u010dasn\u011b kotvit severn\u011b od ostrov\u016f Ameland a Schiermonnikoog, citovala z prohl\u00e1\u0161en\u00ed agentura Reuters.<\/p>\n<p>Dva vle\u010dn\u00e9 \u010dluny za\u010daly s odtahem lodi v ned\u011bli, zat\u00edmco po\u017e\u00e1r na palub\u011b ho\u0159el p\u00e1t\u00fdm dnem. Riskantn\u00ed operaci p\u0159edt\u00edm komplikoval nep\u0159\u00edzniv\u00fd v\u00edtr a hust\u00fd d\u00fdm. Lo\u010f vezla asi 3800 vozidel v\u010detn\u011b 500 elektromobil\u016f a v p\u0159\u00edpad\u011b jej\u00edho rozlomen\u00ed nebo ztroskot\u00e1n\u00ed tak hroz\u00ed zne\u010di\u0161t\u011bn\u00ed \u017eivotn\u00edho prost\u0159ed\u00ed.<\/p>\n<p>C\u00edlem odtahu bylo plavidlo dostat od ostrova Terschelling sm\u011brem na v\u00fdchod, mimo frekventovan\u00e9 vodn\u00ed cesty. Nizozemsk\u00e9 \u00fa\u0159ady dnes uvedly, \u017ee krom\u011b toho je lo\u010f na do\u010dasn\u00e9m m\u00edst\u011b kotven\u00ed l\u00e9pe chr\u00e1n\u011bn\u00e1 p\u0159ed v\u011btrem. Mluv\u010d\u00ed p\u0159esun ozna\u010dila za jeden z krok\u016f slo\u017eit\u00e9 z\u00e1chrann\u00e9 operace, p\u00ed\u0161e Reuters.<\/p>\n<p>Po\u017e\u00e1r na palub\u011b lodi vypukl minul\u00e9 \u00fater\u00fd kr\u00e1tce p\u0159ed p\u016flnoc\u00ed. P\u0159\u00ed\u010diny jeho vzniku nejsou zn\u00e1my, podle stanice NOS se v\u0161ak spekulovalo o tom, \u017ee po\u017e\u00e1r vznikl v jednom z elektromobil\u016f. Jak\u00fdch zna\u010dek vozy na palub\u011b jsou, nen\u00ed jasn\u00e9.<\/p>\n<p>Plavidlo m\u00ed\u0159ilo z N\u011bmecka p\u0159es Egypt do Singapuru, v\u0161ech 21 \u010dlen\u016f pos\u00e1dky bylo z Indie, uvedla japonsk\u00e1 firma Shoei Kisen, kter\u00e1 lo\u010f vlastn\u00ed. Jeden \u010dlen pos\u00e1dky zem\u0159el, ostatn\u00ed se poda\u0159ilo evakuovat.<\/p>\n","protected":false},"excerpt":{"rendered":"<div class=\"mh-excerpt\"><p>N\u00e1kladn\u00ed lo\u010f plnou automobil\u016f, na n\u00ed\u017e minul\u00fd t\u00fdden v Severn\u00edm mo\u0159i vypukl po\u017e\u00e1r, se poda\u0159ilo odt\u00e1hnout na bezpe\u010dn\u011bj\u0161\u00ed m\u00edsto u nizozemsk\u00fdch b\u0159eh\u016f, ozn\u00e1milo dnes tamn\u00ed <a class=\"mh-excerpt-more\" href=\"https:\/\/www.automakersnews.cz\/index.php\/2023\/08\/02\/horici-lod-s-elektromobily-odtahli\/\" title=\"Ho\u0159\u00edc\u00ed lo\u010f s elektromobily odt\u00e1hli\">[&#8230;]<\/a><\/p>\n<\/div>","protected":false},"author":1,"featured_media":286,"comment_status":"open","ping_status":"open","sticky":false,"template":"","format":"standard","meta":{"footnotes":""},"categories":[2],"tags":[],"class_list":["post-72628","post","type-post","status-publish","format-standard","has-post-thumbnail","hentry","category-news"],"_links":{"self":[{"href":"https:\/\/www.automakersnews.cz\/index.php\/wp-json\/wp\/v2\/posts\/72628","targetHints":{"allow":["GET"]}}],"collection":[{"href":"https:\/\/www.automakersnews.cz\/index.php\/wp-json\/wp\/v2\/posts"}],"about":[{"href":"https:\/\/www.automakersnews.cz\/index.php\/wp-json\/wp\/v2\/types\/post"}],"author":[{"embeddable":true,"href":"https:\/\/www.automakersnews.cz\/index.php\/wp-json\/wp\/v2\/users\/1"}],"replies":[{"embeddable":true,"href":"https:\/\/www.automakersnews.cz\/index.php\/wp-json\/wp\/v2\/comments?post=72628"}],"version-history":[{"count":0,"href":"https:\/\/www.automakersnews.cz\/index.php\/wp-json\/wp\/v2\/posts\/72628\/revisions"}],"wp:featuredmedia":[{"embeddable":true,"href":"https:\/\/www.automakersnews.cz\/index.php\/wp-json\/wp\/v2\/media\/286"}],"wp:attachment":[{"href":"https:\/\/www.automakersnews.cz\/index.php\/wp-json\/wp\/v2\/media?parent=72628"}],"wp:term":[{"taxonomy":"category","embeddable":true,"href":"https:\/\/www.automakersnews.cz\/index.php\/wp-json\/wp\/v2\/categories?post=72628"},{"taxonomy":"post_tag","embeddable":true,"href":"https:\/\/www.automakersnews.cz\/index.php\/wp-json\/wp\/v2\/tags?post=72628"}],"curies":[{"name":"wp","href":"https:\/\/api.w.org\/{rel}","templated":true}]}}