{"id":72634,"date":"2023-08-02T06:59:23","date_gmt":"2023-08-02T06:59:23","guid":{"rendered":"https:\/\/www.automakersnews.cz\/?p=72634"},"modified":"2023-08-02T07:00:06","modified_gmt":"2023-08-02T07:00:06","slug":"marek-eben-presedlal-na-dalsi-citroen","status":"publish","type":"post","link":"https:\/\/www.automakersnews.cz\/index.php\/2023\/08\/02\/marek-eben-presedlal-na-dalsi-citroen\/","title":{"rendered":"Marek Eben p\u0159esedlal na dal\u0161\u00ed Citro\u00ebn"},"content":{"rendered":"<p><strong>Ambasador zna\u010dky Citro\u00ebn Marek Eben p\u0159evzal k u\u017e\u00edv\u00e1n\u00ed model C5 X plug-in hybrid a vym\u011bnil ho tak za SUV C5 Aircross plug-in hybrid. Bude \u0159\u00eddit v po\u0159ad\u00ed ji\u017e 13. Citro\u00ebn v \u0159ad\u011b.<\/strong><!--more--><\/p>\n<p>U\u017e\u00edvat si bude ekologi\u010dt\u011bj\u0161\u00ed verzi motoru hybrid 225 \u00eb-EAT8, kter\u00e1 kombinuje p\u0159ednosti 100% elektrick\u00e9ho pohonu v\u00fdhodn\u00e9ho zejm\u00e9na p\u0159i ka\u017edodenn\u00edch cest\u00e1ch po m\u011bst\u011b, s v\u0161estrannost\u00ed a nez\u00e1vislost\u00ed, kter\u00e9 na del\u0161\u00edch tras\u00e1ch poskytuje spalovac\u00ed motor.<\/p>\n<p>Nov\u00fd v\u016fz C5 X plug-in hybrid p\u0159isp\u00edv\u00e1 podle automobilky ke sni\u017eov\u00e1n\u00ed ekologick\u00e9ho otisku a dlouhodob\u00e9 udr\u017eitelnosti, co\u017e je v souladu s hodnotami, kter\u00e9 Eben s\u00e1m podporuje.<\/p>\n<p>Model, kter\u00fd si vybral Marek Eben, je s v\u00fdbavou Shine Pack, kter\u00e1 nab\u00edz\u00ed nejmodern\u011bj\u0161\u00ed bezpe\u010dnostn\u00ed a komfortn\u00ed prvky a technologie jako aktivn\u00ed hydraulick\u00e9 dorazy, head-up display, parkovac\u00ed kameru Vision 360\u00b0, Packet Drive Assist Plus nebo ventilovan\u00e1 ko\u017een\u00e1 sedadla s mas\u00e1\u017en\u00ed funkc\u00ed.<\/p>\n<p>\u201eJi\u017e p\u0159es dvacet let m\u00e1m slabost pro zna\u010dku Citro\u00ebn. Te\u010f mi velmi vyhovuje motor kombinovan\u00fd s elektrikou, proto\u017ee m\u00e1m na dome\u010dku z\u00e1suvku, tak\u017ee dob\u00edj\u00edm doma a na del\u0161\u00edch cest\u00e1ch pom\u016f\u017ee benz\u00edn. Ve\u0161ker\u00e9 krat\u0161\u00ed poj\u00ed\u017e\u010fky absolvuji na \u010distou elektriku a je to okouzluj\u00edc\u00ed,\u201c \u0159\u00edk\u00e1 Marek Eben.<\/p>\n","protected":false},"excerpt":{"rendered":"<div class=\"mh-excerpt\"><p>Ambasador zna\u010dky Citro\u00ebn Marek Eben p\u0159evzal k u\u017e\u00edv\u00e1n\u00ed model C5 X plug-in hybrid a vym\u011bnil ho tak za SUV C5 Aircross plug-in hybrid. Bude \u0159\u00eddit <a class=\"mh-excerpt-more\" href=\"https:\/\/www.automakersnews.cz\/index.php\/2023\/08\/02\/marek-eben-presedlal-na-dalsi-citroen\/\" title=\"Marek Eben p\u0159esedlal na dal\u0161\u00ed Citro\u00ebn\">[&#8230;]<\/a><\/p>\n<\/div>","protected":false},"author":1,"featured_media":72635,"comment_status":"open","ping_status":"open","sticky":false,"template":"","format":"standard","meta":{"footnotes":""},"categories":[2],"tags":[],"class_list":["post-72634","post","type-post","status-publish","format-standard","has-post-thumbnail","hentry","category-news"],"_links":{"self":[{"href":"https:\/\/www.automakersnews.cz\/index.php\/wp-json\/wp\/v2\/posts\/72634","targetHints":{"allow":["GET"]}}],"collection":[{"href":"https:\/\/www.automakersnews.cz\/index.php\/wp-json\/wp\/v2\/posts"}],"about":[{"href":"https:\/\/www.automakersnews.cz\/index.php\/wp-json\/wp\/v2\/types\/post"}],"author":[{"embeddable":true,"href":"https:\/\/www.automakersnews.cz\/index.php\/wp-json\/wp\/v2\/users\/1"}],"replies":[{"embeddable":true,"href":"https:\/\/www.automakersnews.cz\/index.php\/wp-json\/wp\/v2\/comments?post=72634"}],"version-history":[{"count":0,"href":"https:\/\/www.automakersnews.cz\/index.php\/wp-json\/wp\/v2\/posts\/72634\/revisions"}],"wp:featuredmedia":[{"embeddable":true,"href":"https:\/\/www.automakersnews.cz\/index.php\/wp-json\/wp\/v2\/media\/72635"}],"wp:attachment":[{"href":"https:\/\/www.automakersnews.cz\/index.php\/wp-json\/wp\/v2\/media?parent=72634"}],"wp:term":[{"taxonomy":"category","embeddable":true,"href":"https:\/\/www.automakersnews.cz\/index.php\/wp-json\/wp\/v2\/categories?post=72634"},{"taxonomy":"post_tag","embeddable":true,"href":"https:\/\/www.automakersnews.cz\/index.php\/wp-json\/wp\/v2\/tags?post=72634"}],"curies":[{"name":"wp","href":"https:\/\/api.w.org\/{rel}","templated":true}]}}