{"id":72695,"date":"2023-08-02T08:56:00","date_gmt":"2023-08-02T08:56:00","guid":{"rendered":"https:\/\/www.automakersnews.cz\/?p=72695"},"modified":"2023-08-02T08:56:00","modified_gmt":"2023-08-02T08:56:00","slug":"garaz-tv-ma-nove-televizni-studio","status":"publish","type":"post","link":"https:\/\/www.automakersnews.cz\/index.php\/2023\/08\/02\/garaz-tv-ma-nove-televizni-studio\/","title":{"rendered":"Gar\u00e1\u017e TV m\u00e1 nov\u00e9 televizn\u00ed studio"},"content":{"rendered":"<p><strong>Redaktor Gar\u00e1\u017ee TV koupil neudr\u017eovan\u00fd pozemek a vybudoval na n\u011bm miniaturn\u00ed televizn\u00ed studio. Takzvan\u00e1 gar\u00e1\u017e vyrostla na pozemku b\u011bhem jedin\u00e9ho dne a v\u0161ude bylo uklizeno, jako by se ten den v\u016fbec nestav\u011blo.<\/strong><\/p>\n<p><!--more--><\/p>\n<p><strong>TV studio z gar\u00e1\u017ee<\/strong><\/p>\n<p>Motoristick\u00fd novin\u00e1\u0159 Ras\u0165o Chv\u00e1la koupil pozemek, kter\u00fd byl zarostl\u00fd a neudr\u017eovan\u00fd. P\u0159i jeho vykl\u00edzen\u00ed p\u0159em\u00fd\u0161lel o tom, jak si ud\u011blat vlastn\u00ed gar\u00e1\u017e s mal\u00fdm televizn\u00edm studiem. Ide\u00e1ln\u011b rychle, efektivn\u011b a bez velk\u00e9 n\u00e1mahy. V\u0161iml si firmy, kter\u00e1 stav\u00ed podobn\u00e9 projekty na kl\u00ed\u010d bylo rozhodnuto.<\/p>\n<p>&#8222;<strong>Zateplen\u00fd zahradn\u00ed domek m\u011bl plastov\u00e1 okna a po\u010d\u00edta\u010dov\u00fd st\u016fl. Nav\u00edc v\u00a0zaizolovan\u00e9 montovan\u00e9 gar\u00e1\u017ei bylo p\u0159\u00edjemn\u011b i kdy\u017e veku bylo 30 stup\u0148\u016f. Oslovila m\u011b i kancel\u00e1\u0159sk\u00e1 atmosf\u00e9ra a mysl\u00edm, \u017ee v tu chv\u00edli jsem se rozhodl,<\/strong>&#8220; \u0159ekl Ras\u0165o.<\/p>\n<p><strong>Den D &#8211; jako v mraveni\u0161ti<\/strong><\/p>\n<p>V\u00a0den D to vypadalo na staveni\u0161ti jako v mraveni\u0161ti. Spojov\u00e1n\u00ed a\u00a0upev\u0148ov\u00e1n\u00ed jednotliv\u00fdch d\u00edl\u016f, mont\u00e1\u017e oken,\u00a0dve\u0159\u00ed &#8230;<\/p>\n<p>Ne\u017e se setm\u011blo, byla stavba hotov\u00e1. \u201e<strong>Tato spolupr\u00e1ce prov\u011b\u0159ila na\u0161i schopnost pru\u017en\u011b reagovat na pon\u011bkud neobvykl\u00fd po\u017eadavek klienta. N\u00e1pad postavit gar\u00e1\u017e pro televizn\u00ed studio byl pro n\u00e1s asi nejv\u011bt\u0161\u00ed v\u00fdzvou. Jsme proto r\u00e1di, \u017ee jsme i v tomto p\u0159\u00edpad\u011b \u00fasp\u011b\u0161n\u011b splnili na\u0161e posl\u00e1n\u00ed<\/strong>,&#8220; \u0159ekl Marek Choleva, gener\u00e1ln\u00ed \u0159editel spole\u010dnosti Gardeon.<\/p>\n","protected":false},"excerpt":{"rendered":"<div class=\"mh-excerpt\"><p>Redaktor Gar\u00e1\u017ee TV koupil neudr\u017eovan\u00fd pozemek a vybudoval na n\u011bm miniaturn\u00ed televizn\u00ed studio. Takzvan\u00e1 gar\u00e1\u017e vyrostla na pozemku b\u011bhem jedin\u00e9ho dne a v\u0161ude bylo uklizeno, <a class=\"mh-excerpt-more\" href=\"https:\/\/www.automakersnews.cz\/index.php\/2023\/08\/02\/garaz-tv-ma-nove-televizni-studio\/\" title=\"Gar\u00e1\u017e TV m\u00e1 nov\u00e9 televizn\u00ed studio\">[&#8230;]<\/a><\/p>\n<\/div>","protected":false},"author":1,"featured_media":72696,"comment_status":"open","ping_status":"open","sticky":false,"template":"","format":"standard","meta":{"footnotes":""},"categories":[27,49],"tags":[],"class_list":["post-72695","post","type-post","status-publish","format-standard","has-post-thumbnail","hentry","category-media","category-novinari"],"_links":{"self":[{"href":"https:\/\/www.automakersnews.cz\/index.php\/wp-json\/wp\/v2\/posts\/72695","targetHints":{"allow":["GET"]}}],"collection":[{"href":"https:\/\/www.automakersnews.cz\/index.php\/wp-json\/wp\/v2\/posts"}],"about":[{"href":"https:\/\/www.automakersnews.cz\/index.php\/wp-json\/wp\/v2\/types\/post"}],"author":[{"embeddable":true,"href":"https:\/\/www.automakersnews.cz\/index.php\/wp-json\/wp\/v2\/users\/1"}],"replies":[{"embeddable":true,"href":"https:\/\/www.automakersnews.cz\/index.php\/wp-json\/wp\/v2\/comments?post=72695"}],"version-history":[{"count":0,"href":"https:\/\/www.automakersnews.cz\/index.php\/wp-json\/wp\/v2\/posts\/72695\/revisions"}],"wp:featuredmedia":[{"embeddable":true,"href":"https:\/\/www.automakersnews.cz\/index.php\/wp-json\/wp\/v2\/media\/72696"}],"wp:attachment":[{"href":"https:\/\/www.automakersnews.cz\/index.php\/wp-json\/wp\/v2\/media?parent=72695"}],"wp:term":[{"taxonomy":"category","embeddable":true,"href":"https:\/\/www.automakersnews.cz\/index.php\/wp-json\/wp\/v2\/categories?post=72695"},{"taxonomy":"post_tag","embeddable":true,"href":"https:\/\/www.automakersnews.cz\/index.php\/wp-json\/wp\/v2\/tags?post=72695"}],"curies":[{"name":"wp","href":"https:\/\/api.w.org\/{rel}","templated":true}]}}