{"id":73091,"date":"2023-08-03T07:07:31","date_gmt":"2023-08-03T07:07:31","guid":{"rendered":"https:\/\/www.automakersnews.cz\/?p=73091"},"modified":"2023-08-03T07:07:31","modified_gmt":"2023-08-03T07:07:31","slug":"essox-letos-financoval-840-motocyklu","status":"publish","type":"post","link":"https:\/\/www.automakersnews.cz\/index.php\/2023\/08\/03\/essox-letos-financoval-840-motocyklu\/","title":{"rendered":"ESSOX letos financoval 840 motocykl\u016f"},"content":{"rendered":"<p><strong>V r\u00e1mci zna\u010dkov\u00e9ho financov\u00e1n\u00ed motocykl\u016f Kawasaki a prodeje ostatn\u00edch zna\u010dek u v\u00edce ne\u017e stovky partner\u016f financoval ESSOX v 1. pololet\u00ed celkem 840 nov\u00fdch motorek. Je to srovnateln\u00fd po\u010det jako v 1. pololet\u00ed roku 2022. Pr\u016fm\u011brn\u00e1 po\u0159izovac\u00ed cena fmotocykl\u016f vzrostla letos o 16 % na necel\u00fdch 144 tis\u00edc korun.<\/strong><span id=\"more-1766\"><\/span><!--more--><\/p>\n<p>P\u0159esto\u017ee i v\u00fdrobci motocykl\u016f investuj\u00ed do sn\u00ed\u017een\u00ed emis\u00ed sv\u00e9 produktov\u00e9 nab\u00eddky, jsou elektrick\u00e9 motocykly a sk\u00fatry prozat\u00edm sp\u00ed\u0161e dopl\u0148kov\u00fdm sortimentem pro kr\u00e1tk\u00e9 cesty po m\u011bst\u011b. V\u00a0portfoliu ESSOXu se v\u00a01. pololet\u00ed leto\u0161n\u00edho roku jednalo jen o des\u00edtky stroj\u016f.<\/p>\n<p>\u201e<em>V r\u00e1mci spot\u0159ebitelsk\u00e9ho financov\u00e1n\u00ed evidujeme rostouc\u00ed z\u00e1jem o elektrokola, elektrokolob\u011b\u017eky a jin\u00e1 elektrick\u00e1 m\u011bstsk\u00e1 vozidla. U velk\u00fdch motorek renomovan\u00fdch v\u00fdrobc\u016f d\u00e1vaj\u00ed prozat\u00edm motork\u00e1\u0159i p\u0159ednost tradi\u010dn\u00edm pohon\u016fm. I p\u0159esto m\u00e1 investice do nov\u00e9ho stroje smysl, rozd\u00edl mezi emisemi motoru s\u00a0normou Euro 2 a Euro 4 je u motorek tak\u0159ka p\u011btin\u00e1sobn\u00fd<\/em>,\u201c uvedla Jana Hanu\u0161ov\u00e1, gener\u00e1ln\u00ed \u0159editelka spole\u010dnosti ESSOX.<\/p>\n<p>V\u00a0pr\u016fb\u011bhu prvn\u00edch \u0161esti m\u011bs\u00edc\u016f leto\u0161n\u00edho roku financoval ESSOX v\u00edce ne\u017e 615 motocykl\u016f, 172 \u010dty\u0159kolek<br \/>\na 53 sk\u00fatr\u016f. Z\u00e1jem o jejich financov\u00e1n\u00ed i prodeje indikuj\u00ed p\u0159ibli\u017en\u011b shodn\u00fd z\u00e1jem, jako ve stejn\u00e9m obdob\u00ed lo\u0148sk\u00e9ho roku.<\/p>\n<p><strong>\u00a0<\/strong><\/p>\n","protected":false},"excerpt":{"rendered":"<div class=\"mh-excerpt\"><p>V r\u00e1mci zna\u010dkov\u00e9ho financov\u00e1n\u00ed motocykl\u016f Kawasaki a prodeje ostatn\u00edch zna\u010dek u v\u00edce ne\u017e stovky partner\u016f financoval ESSOX v 1. pololet\u00ed celkem 840 nov\u00fdch motorek. Je <a class=\"mh-excerpt-more\" href=\"https:\/\/www.automakersnews.cz\/index.php\/2023\/08\/03\/essox-letos-financoval-840-motocyklu\/\" title=\"ESSOX letos financoval 840 motocykl\u016f\">[&#8230;]<\/a><\/p>\n<\/div>","protected":false},"author":1,"featured_media":69824,"comment_status":"open","ping_status":"open","sticky":false,"template":"","format":"standard","meta":{"footnotes":""},"categories":[57,8],"tags":[],"class_list":["post-73091","post","type-post","status-publish","format-standard","has-post-thumbnail","hentry","category-leasing","category-statistika"],"_links":{"self":[{"href":"https:\/\/www.automakersnews.cz\/index.php\/wp-json\/wp\/v2\/posts\/73091","targetHints":{"allow":["GET"]}}],"collection":[{"href":"https:\/\/www.automakersnews.cz\/index.php\/wp-json\/wp\/v2\/posts"}],"about":[{"href":"https:\/\/www.automakersnews.cz\/index.php\/wp-json\/wp\/v2\/types\/post"}],"author":[{"embeddable":true,"href":"https:\/\/www.automakersnews.cz\/index.php\/wp-json\/wp\/v2\/users\/1"}],"replies":[{"embeddable":true,"href":"https:\/\/www.automakersnews.cz\/index.php\/wp-json\/wp\/v2\/comments?post=73091"}],"version-history":[{"count":0,"href":"https:\/\/www.automakersnews.cz\/index.php\/wp-json\/wp\/v2\/posts\/73091\/revisions"}],"wp:featuredmedia":[{"embeddable":true,"href":"https:\/\/www.automakersnews.cz\/index.php\/wp-json\/wp\/v2\/media\/69824"}],"wp:attachment":[{"href":"https:\/\/www.automakersnews.cz\/index.php\/wp-json\/wp\/v2\/media?parent=73091"}],"wp:term":[{"taxonomy":"category","embeddable":true,"href":"https:\/\/www.automakersnews.cz\/index.php\/wp-json\/wp\/v2\/categories?post=73091"},{"taxonomy":"post_tag","embeddable":true,"href":"https:\/\/www.automakersnews.cz\/index.php\/wp-json\/wp\/v2\/tags?post=73091"}],"curies":[{"name":"wp","href":"https:\/\/api.w.org\/{rel}","templated":true}]}}