{"id":73094,"date":"2023-08-03T07:25:09","date_gmt":"2023-08-03T07:25:09","guid":{"rendered":"https:\/\/www.automakersnews.cz\/?p=73094"},"modified":"2023-08-03T07:25:09","modified_gmt":"2023-08-03T07:25:09","slug":"infor-testuje-autonomni-mobilitu-v-chorvatsku","status":"publish","type":"post","link":"https:\/\/www.automakersnews.cz\/index.php\/2023\/08\/03\/infor-testuje-autonomni-mobilitu-v-chorvatsku\/","title":{"rendered":"Infor testuje autonomn\u00ed mobilitu v Chorvatsku"},"content":{"rendered":"<p><strong>Infor, dodavatel odv\u011btvov\u011b-specifick\u00fdch cloudov\u00fdch \u0159e\u0161en\u00ed, ozn\u00e1mil, \u017ee chorvatsk\u00fd Project 3 Mobility (P3) dokon\u010dil prvn\u00ed dv\u011b f\u00e1ze implementace odv\u011btvov\u011b-specifick\u00e9ho syst\u00e9mu <a href=\"https:\/\/www.infor.com\/cs-cz\/products\/cloudsuite-automotive\">Infor CloudSuite Automotive<\/a>. C\u00edlem projektu je podpo\u0159it dod\u00e1vky slu\u017eeb autonomn\u00ed m\u011bstsk\u00e9 mobility na evropsk\u00fd trh.<\/strong><!--more--><\/p>\n<p>P3 je start-up propojen\u00fd se s chorvatskou skupinou <strong>Rimac Group<\/strong>, v\u00fdrobcem elektrick\u00fdch sportovn\u00edch voz\u016f. Projekt je zam\u011b\u0159en na slu\u017eby m\u011bstsk\u00e9 mobility postaven\u00e9 na pln\u011b autonomn\u00edch elektromobilech. C\u00edlem P3 je vytvo\u0159it personalizovan\u00fd ekosyst\u00e9m postaven\u00fd na \u0161pi\u010dkov\u00e9m u\u017eivatelsk\u00e9m z\u00e1\u017eitku.<\/p>\n<p>\u0158e\u0161en\u00ed Infor bylo zvoleno v\u00a0konkurenci se syst\u00e9my SAP a IFS pro sv\u00e9 reference v\u00a0automotive, odv\u011btvov\u00e9 know-how a dostupnou detailn\u00ed funk\u010dnost. Po \u00fasp\u011b\u0161n\u00e9m zprovozn\u011bn\u00ed HR modulu v\u00a0tomto roce, uvedla P3 do provozu tak\u00e9 finan\u010dn\u00ed a n\u00e1kupn\u00ed moduly v\u00a0Chorvatsku a Velk\u00e9 Brit\u00e1nii. Jakmile bude dokon\u010dena v\u00fdrobn\u00ed infrastrukturua, nasad\u00ed P3 tak\u00e9 v\u00fdrobn\u00ed funk\u010dnosti Infor CloudSuite Automotive.<\/p>\n<p>\u201eByli jsme p\u0159\u00edjemn\u011b p\u0159ekvapeni detailn\u00ed expert\u00edzou a profesion\u00e1ln\u00edm p\u0159\u00edstupem konzultant\u016f Infor,\u201c \u0159ekl <strong>Lee Clayton, vedouc\u00ed IT odd\u011blen\u00ed v\u00a0P3 Mobility.<\/strong> \u201eFlexibilita, projektov\u00e9 zku\u0161enosti z\u00a0automobilov\u00e9ho pr\u016fmyslu a partnersk\u00fd p\u0159\u00edstup bez ohledu na velikost z\u00e1kazn\u00edka jsou pro n\u00e1s velmi povzbuzuj\u00edc\u00ed.\u201c<\/p>\n<p>\u201eVytv\u00e1\u0159\u00edme kompletn\u011b nov\u00fd ekosyst\u00e9m m\u011bstsk\u00e9 autonomn\u00ed mobility, kter\u00fd se skl\u00e1d\u00e1 ze t\u0159\u00ed hlavn\u00edch prvk\u016f \u2013 autonomn\u00ed v\u016fz, specializovan\u00e1 infrastruktura a ucelen\u00e1 platforma pro poskytov\u00e1n\u00ed slu\u017eeb,\u201c \u0159ekl <strong>Marko Pejkovi\u010d, v\u00fdkonn\u00fd \u0159editel P3<\/strong>. \u201eRealizace na\u0161eho projektu povede k\u00a0vy\u0161\u0161\u00ed efektivit\u011b, bezpe\u010dnosti dopravy a k pozitivn\u00edmu dopadu na \u017eivotn\u00ed prost\u0159ed\u00ed a m\u011bstskou infrastrukturu. Jsme p\u0159esv\u011bd\u010deni, \u017ee projekt poskytne v\u00fdznamn\u00e9 p\u0159\u00ednosy jak v\u00a0Z\u00e1h\u0159ebu, kde pl\u00e1nujeme nejd\u0159\u00edve zprovoznit na\u0161e slu\u017eby, tak pozd\u011bji i v\u00a0dal\u0161\u00edch evropsk\u00fdch m\u011bstech.\u201c<\/p>\n<p><img loading=\"lazy\" decoding=\"async\" class=\"alignnone size-large wp-image-73097\" src=\"http:\/\/www.automakersnews.cz\/wp-content\/uploads\/2023\/08\/Infor-Office-photo_P3-1024x683.jpg\" alt=\"\" width=\"1024\" height=\"683\" \/><\/p>\n<p><strong>O Projektu 3 Mobility<\/strong><\/p>\n<p>Project 3 Mobility (P3) je chorvatsk\u00e1 spole\u010dnost vyv\u00edjej\u00edc\u00ed nov\u00fd ekosyst\u00e9m m\u011bstsk\u00e9 autonomn\u00ed mobility. Zcela nov\u00fd ekosyst\u00e9m se skl\u00e1d\u00e1 ze t\u0159\u00ed hlavn\u00edch prvk\u016f \u2013 autonomn\u00ed v\u016fz, specializovan\u00e1 infrastruktura a ucelen\u00e1 platforma pro poskytov\u00e1n\u00ed slu\u017eeb. Jeho c\u00edlem je v\u00fdrazn\u011b zefektivnit dopravu v\u00a0m\u011bstsk\u00fdch oblastech a revolu\u010dn\u011b zm\u011bnit zp\u016fsob, jak\u00fdm se nyn\u00ed dopravujeme ve m\u011bstech. V\u00a0sou\u010dasn\u00e9 dob\u011b m\u00e1 Project 3 Mobility t\u00fdm v\u00edce ne\u017e 200 lid\u00ed v\u00a0lokalit\u00e1ch v\u00a0Chorvatsku a Velk\u00e9 Brit\u00e1nii.<\/p>\n<p>&nbsp;<\/p>\n","protected":false},"excerpt":{"rendered":"<div class=\"mh-excerpt\"><p>Infor, dodavatel odv\u011btvov\u011b-specifick\u00fdch cloudov\u00fdch \u0159e\u0161en\u00ed, ozn\u00e1mil, \u017ee chorvatsk\u00fd Project 3 Mobility (P3) dokon\u010dil prvn\u00ed dv\u011b f\u00e1ze implementace odv\u011btvov\u011b-specifick\u00e9ho syst\u00e9mu Infor CloudSuite Automotive. C\u00edlem projektu je <a class=\"mh-excerpt-more\" href=\"https:\/\/www.automakersnews.cz\/index.php\/2023\/08\/03\/infor-testuje-autonomni-mobilitu-v-chorvatsku\/\" title=\"Infor testuje autonomn\u00ed mobilitu v Chorvatsku\">[&#8230;]<\/a><\/p>\n<\/div>","protected":false},"author":1,"featured_media":73096,"comment_status":"open","ping_status":"open","sticky":false,"template":"","format":"standard","meta":{"footnotes":""},"categories":[43],"tags":[],"class_list":["post-73094","post","type-post","status-publish","format-standard","has-post-thumbnail","hentry","category-software"],"_links":{"self":[{"href":"https:\/\/www.automakersnews.cz\/index.php\/wp-json\/wp\/v2\/posts\/73094","targetHints":{"allow":["GET"]}}],"collection":[{"href":"https:\/\/www.automakersnews.cz\/index.php\/wp-json\/wp\/v2\/posts"}],"about":[{"href":"https:\/\/www.automakersnews.cz\/index.php\/wp-json\/wp\/v2\/types\/post"}],"author":[{"embeddable":true,"href":"https:\/\/www.automakersnews.cz\/index.php\/wp-json\/wp\/v2\/users\/1"}],"replies":[{"embeddable":true,"href":"https:\/\/www.automakersnews.cz\/index.php\/wp-json\/wp\/v2\/comments?post=73094"}],"version-history":[{"count":0,"href":"https:\/\/www.automakersnews.cz\/index.php\/wp-json\/wp\/v2\/posts\/73094\/revisions"}],"wp:featuredmedia":[{"embeddable":true,"href":"https:\/\/www.automakersnews.cz\/index.php\/wp-json\/wp\/v2\/media\/73096"}],"wp:attachment":[{"href":"https:\/\/www.automakersnews.cz\/index.php\/wp-json\/wp\/v2\/media?parent=73094"}],"wp:term":[{"taxonomy":"category","embeddable":true,"href":"https:\/\/www.automakersnews.cz\/index.php\/wp-json\/wp\/v2\/categories?post=73094"},{"taxonomy":"post_tag","embeddable":true,"href":"https:\/\/www.automakersnews.cz\/index.php\/wp-json\/wp\/v2\/tags?post=73094"}],"curies":[{"name":"wp","href":"https:\/\/api.w.org\/{rel}","templated":true}]}}