{"id":7318,"date":"2022-12-08T10:15:19","date_gmt":"2022-12-08T10:15:19","guid":{"rendered":"https:\/\/www.automakersnews.cz\/?p=7318"},"modified":"2022-12-08T10:15:19","modified_gmt":"2022-12-08T10:15:19","slug":"quick-stop-car-planuje-servisy-u-globusu","status":"publish","type":"post","link":"https:\/\/www.automakersnews.cz\/index.php\/2022\/12\/08\/quick-stop-car-planuje-servisy-u-globusu\/","title":{"rendered":"Quick Stop Car pl\u00e1nuje servisy u\u00a0Globusu"},"content":{"rendered":"<p align=\"JUSTIFY\"><span style=\"font-family: Tahoma, serif;\"><span style=\"font-size: medium;\"><b>Fran\u0161\u00edzov\u00e1 s\u00ed\u0165 autoservis\u016f Quick Stop Car, kter\u00e1 pl\u00e1nuje v roce 2023 v \u010cR zprovoznit des\u00edtky servis\u016f, se dohodla na spolupr\u00e1ci se spole\u010dnost\u00ed Globus \u010cR. Servisn\u00ed jednotky, kter\u00e9 maj\u00ed z\u00e1kazn\u00edk\u016fm nab\u00eddnout kompletn\u00ed modern\u00ed servis pro b\u011b\u017en\u00e9 automobily i dod\u00e1vky, budou v provozu od 1. \u00fanora 2023 v t\u011bsn\u00e9 bl\u00edzkosti \u010dtrn\u00e1cti hypermarket\u016f Globus.<\/b><\/span><\/span><!--more--><\/p>\n<p align=\"JUSTIFY\"><span style=\"font-family: Tahoma, serif;\"><span style=\"font-size: medium;\">Jednatel spole\u010dnosti Quick Stop Car (QSC) <\/span><\/span><span style=\"font-family: Tahoma, serif;\"><span style=\"font-size: medium;\"><b>Marek Zukal<\/b><\/span><\/span><span style=\"font-family: Tahoma, serif;\"><span style=\"font-size: medium;\"> v\u011b\u0159\u00ed, \u017ee pro start jeho projektu nemohl naj\u00edt lep\u0161\u00edho partnera. \u201e<\/span><\/span><span style=\"font-family: Tahoma, serif;\"><span style=\"font-size: medium;\"><i>Jsem nad\u0161en, \u017ee v\u00a0\u00fanoru kone\u010dn\u011b otev\u0159eme pro na\u0161e z\u00e1kazn\u00edky prvn\u00ed servisy. V\u0161e je p\u0159ipraveno, lad\u00edme u\u017e jen posledn\u00ed detaily. Velmi si v\u00e1\u017e\u00edm toho, \u017ee projekt startuje pr\u00e1v\u011b ve spolupr\u00e1ci s\u00a0Globusem. Jde o s\u00ed\u0165 hypermarket\u016f s\u00a0obrovskou tradic\u00ed a velmi dobr\u00fdm renom\u00e9. Lep\u0161\u00edho partnera jsme si do startu nemohli p\u0159\u00e1t<\/i><\/span><\/span><span style=\"font-family: Tahoma, serif;\"><span style=\"font-size: medium;\">,\u201c p\u0159ibli\u017euje Zukal.<\/span><\/span><\/p>\n<p align=\"JUSTIFY\"><span style=\"font-family: Tahoma, serif;\"><span style=\"font-size: medium;\">Na spolupr\u00e1ci s\u00a0fran\u0161\u00edzou Quick Stop Car se t\u011b\u0161\u00ed i Globus. Ten v\u00a0\u010cesk\u00e9 republice provozuje dohromady patn\u00e1ct hypermarket\u016f, servisn\u00ed jednotky QSC budou st\u00e1t u \u010dtrn\u00e1cti z\u00a0nich. \u201e<\/span><\/span><span style=\"font-family: Tahoma, serif;\"><span style=\"font-size: medium;\"><i>Spojit s\u00edly s\u00a0projektem Quick Stop Car jsme se rozhodli hlavn\u011b ze dvou d\u016fvod\u016f.\u00a0Jednak si mysl\u00edme, \u017ee jde o velmi zaj\u00edmav\u00fd koncept, kter\u00fd v\u00a0\u010cesku do te\u010f neexistoval, co\u017e je pro n\u00e1s l\u00e1kav\u00e9. Z\u00e1rove\u0148 m\u00e1 z\u00a0na\u0161eho pohledu potenci\u00e1l zaujmout z\u00e1kazn\u00edky a doplnit tak komplexn\u00ed slu\u017eby, kter\u00e9 jim v\u00a0hypermarketech Globus nab\u00edz\u00edme<\/i><\/span><\/span><span style=\"font-family: Tahoma, serif;\"><span style=\"font-size: medium;\">.,\u201c uv\u00e1d\u00ed <\/span><\/span><span style=\"font-family: Tahoma, serif;\"><span style=\"font-size: medium;\"><b>Aneta Turnovsk\u00e1<\/b><\/span><\/span><span style=\"font-family: Tahoma, serif;\"><span style=\"font-size: medium;\">, mluv\u010d\u00ed spole\u010dnosti Globus \u010cR.<\/span><\/span><\/p>\n<p align=\"JUSTIFY\"><span style=\"font-family: Tahoma, serif;\"><span style=\"font-size: medium;\"><b>Quick Stop Car chce expandovat, fran\u0161\u00edzanti se mohou hl\u00e1sit <\/b><\/span><\/span><\/p>\n<p align=\"JUSTIFY\"><span style=\"font-family: Tahoma, serif;\"><span style=\"font-size: medium;\">Pro jednatele QSC Marka Zukala je otev\u0159en\u00ed servis\u016f u hypermarket\u016f Globus prvn\u00edm krokem v\u00a0jeho pl\u00e1nech. B\u011bhem roku 2023 chce otev\u0159\u00edt dal\u0161\u00ed des\u00edtky pobo\u010dek. \u201e<\/span><\/span><span style=\"font-family: Tahoma, serif;\"><span style=\"font-size: medium;\"><i>St\u00e1le jedn\u00e1me o dal\u0161\u00edch lokalit\u00e1ch, kter\u00e9 budou v\u00a0bl\u00edzkosti \u010derpac\u00edch stanic a to nejen v\u00a0\u010cesk\u00e9 republice, ale i na Slovensku, v\u00a0Polsku a Ma\u010farsku. V\u00a0sou\u010dasnosti do na\u0161ich jednotek hled\u00e1me fran\u0161\u00edzanty, kte\u0159\u00ed by s\u00a0n\u00e1mi r\u00e1di spojili svou budoucnost. V\u00a0p\u0159\u00edpad\u011b z\u00e1jmu n\u00e1s mohou kontaktovat na na\u0161ich webov\u00fdch str\u00e1nk\u00e1ch <a href=\"http:\/\/www.quickstopcar.cz\">www.quickstopcar.cz<\/a>, kde rovn\u011b\u017e najdou podm\u00ednky spolupr\u00e1ce<\/i><\/span><\/span><span style=\"font-family: Tahoma, serif;\"><span style=\"font-size: medium;\">,\u201c uzav\u00edr\u00e1 Zukal.<\/span><\/span><\/p>\n","protected":false},"excerpt":{"rendered":"<div class=\"mh-excerpt\"><p>Fran\u0161\u00edzov\u00e1 s\u00ed\u0165 autoservis\u016f Quick Stop Car, kter\u00e1 pl\u00e1nuje v roce 2023 v \u010cR zprovoznit des\u00edtky servis\u016f, se dohodla na spolupr\u00e1ci se spole\u010dnost\u00ed Globus \u010cR. Servisn\u00ed <a class=\"mh-excerpt-more\" href=\"https:\/\/www.automakersnews.cz\/index.php\/2022\/12\/08\/quick-stop-car-planuje-servisy-u-globusu\/\" title=\"Quick Stop Car pl\u00e1nuje servisy u\u00a0Globusu\">[&#8230;]<\/a><\/p>\n<\/div>","protected":false},"author":1,"featured_media":7319,"comment_status":"open","ping_status":"open","sticky":false,"template":"","format":"standard","meta":{"footnotes":""},"categories":[17],"tags":[],"class_list":["post-7318","post","type-post","status-publish","format-standard","has-post-thumbnail","hentry","category-servis"],"_links":{"self":[{"href":"https:\/\/www.automakersnews.cz\/index.php\/wp-json\/wp\/v2\/posts\/7318","targetHints":{"allow":["GET"]}}],"collection":[{"href":"https:\/\/www.automakersnews.cz\/index.php\/wp-json\/wp\/v2\/posts"}],"about":[{"href":"https:\/\/www.automakersnews.cz\/index.php\/wp-json\/wp\/v2\/types\/post"}],"author":[{"embeddable":true,"href":"https:\/\/www.automakersnews.cz\/index.php\/wp-json\/wp\/v2\/users\/1"}],"replies":[{"embeddable":true,"href":"https:\/\/www.automakersnews.cz\/index.php\/wp-json\/wp\/v2\/comments?post=7318"}],"version-history":[{"count":0,"href":"https:\/\/www.automakersnews.cz\/index.php\/wp-json\/wp\/v2\/posts\/7318\/revisions"}],"wp:featuredmedia":[{"embeddable":true,"href":"https:\/\/www.automakersnews.cz\/index.php\/wp-json\/wp\/v2\/media\/7319"}],"wp:attachment":[{"href":"https:\/\/www.automakersnews.cz\/index.php\/wp-json\/wp\/v2\/media?parent=7318"}],"wp:term":[{"taxonomy":"category","embeddable":true,"href":"https:\/\/www.automakersnews.cz\/index.php\/wp-json\/wp\/v2\/categories?post=7318"},{"taxonomy":"post_tag","embeddable":true,"href":"https:\/\/www.automakersnews.cz\/index.php\/wp-json\/wp\/v2\/tags?post=7318"}],"curies":[{"name":"wp","href":"https:\/\/api.w.org\/{rel}","templated":true}]}}