{"id":73253,"date":"2023-08-03T12:56:01","date_gmt":"2023-08-03T12:56:01","guid":{"rendered":"https:\/\/www.automakersnews.cz\/?p=73253"},"modified":"2023-08-03T12:56:01","modified_gmt":"2023-08-03T12:56:01","slug":"sda-registrace-vozidel-letos-rostou","status":"publish","type":"post","link":"https:\/\/www.automakersnews.cz\/index.php\/2023\/08\/03\/sda-registrace-vozidel-letos-rostou\/","title":{"rendered":"SDA: registrace vozidel letos rostou"},"content":{"rendered":"<p><strong>V \u010dervenci se meziro\u010dn\u011b zv\u00fd\u0161ily registrace ve v\u0161ech kategori\u00edch vozidel, ozn\u00e1mil SDA. U nov\u00fdch osobn\u00edch automobil\u016f do\u0161lo k n\u00e1r\u016fstu o 19,65 %, u lehk\u00fdch u\u017eitkov\u00fdch o 20,62 %. Pod\u00edl \u010dist\u011b elektrick\u00fdch vozidel v t\u011bchto kategori\u00edch \u010dinil 2,9 respektive 1,82 %.<\/strong><!--more--><\/p>\n<p>Rovn\u011b\u017e v\u00fdrazn\u011b vzrostl po\u010det OA s plug-in hybridn\u00edm pohonem &#8211; o 107 % (celkov\u011b se na OA pod\u00edlely 2,98 %).<\/p>\n<p>Registrace motocykl\u016f i nad\u00e1le dosahuj\u00ed rekordn\u00edch \u010d\u00edsel (za leto\u0161n\u00edch sedm m\u011bs\u00edc\u016f ji\u017e p\u0159ekro\u010dily\u00a0 celoro\u010dn\u00ed po\u010dty za r. 2018).<br \/>\nV obdob\u00ed 1\u20117\/2023 bylo v \u010cR registrov\u00e1no celkem 131 638 nov\u00fdch osobn\u00edch automobil\u016f, 12 042 lehk\u00fdch u\u017eitkov\u00fdch automobil\u016f, 396 autobus\u016f, 5 935 n\u00e1kladn\u00edch vozidel, 18 496 motocykl\u016f. Za stejn\u00e9 obdob\u00ed minul\u00e9ho roku to bylo 112 364 osobn\u00edch automobil\u016f, 9 932 lehk\u00fdch u\u017eitkov\u00fdch automobil\u016f, 915 autobus\u016f, 5 067 n\u00e1kladn\u00edch vozidel a 17 956 motocykl\u016f.<\/p>\n<p>Celkov\u011b letos registrace nov\u00fdch osobn\u00edch automobil\u016f vzrostly oproti 1\u20117\/2022 o 17,15% (ze 112 364 ks na 131 638 ks, tj. o 19 274 ks). V \u010dervenci vzrostly meziro\u010dn\u011b o 19,65%.<\/p>\n<p>Prvn\u00ed je zna\u010dka \u0160koda s 46 741 registrovan\u00fdmi osobn\u00edmi vozy (35,51%), n\u00e1sleduj\u00ed Hyundai \u201312 200 ks (9,27%), Volkswagen \u2013 11 103 ks (8,43%), Toyota \u2013 9 736 ks (7,40%), Kia \u20136 856 ks (5,21%), Mercedes-Benz \u2013 5 226 ks (3,97%), Dacia \u2013 4 663 ks (3,54%), Ford \u2013 3 574 ks (2,72%), BMW \u2013 3 490 ks (2,65%), Peugeot \u2013 2 633 ks (2,00%), atd.<\/p>\n<p>Nejprod\u00e1van\u011bj\u0161\u00edmi osobn\u00edmi vozy jsou \u0160koda OCTAVIA s 13 644 ks (10,36%), d\u00e1le \u0160koda FABIA\u00a0 \u2013 6 369 ks (4,84%), \u0160koda KAMIQ \u2013 5 629 ks (4,28%), \u0160koda SCALA \u2013 5 481 ks (4,16%), \u0160koda KAROQ \u2013 5 426 ks (4,12%), \u0160koda KODIAQ \u2013 5 319 ks (4,04%), Hyundai i30 \u2013 4 705 ks (3,57%), \u0160koda SUPERB \u2013 4 064 ks (3,09%), Hyundai TUCSON \u2013 3 923 ks (2,98%), Volkswagen GOLF &#8211; 2 672 ks (2,03%), atd.<\/p>\n<p>Z pohledu obchodn\u00edch t\u0159\u00edd jsou na prvn\u00edm m\u00edst\u011b dlouhodob\u011b SUV s 58 669 registrovan\u00fdmi\u00a0 vozy (44,57%). Z hlediska paliva vede benz\u00edn s 65,69%, pod\u00edl nafty tvo\u0159\u00ed 26,06%.<\/p>\n<p>Registrace voz\u016f s alternativn\u00edm pohonem stouply oproti lo\u0148sk\u00e9mu roku o 31,42% (z 21 397 na\u00a0 28121) a tvo\u0159\u00ed ji\u017e 21% v\u0161ech registrovan\u00fdch OA. Po\u010det registrovan\u00fdch elektromobil\u016f se zv\u00fd\u0161il o\u00a0 55,14% (z 2 229 na 3 458 ks) a jejich pod\u00edl na celkov\u00fdch registrac\u00edch se zv\u00fd\u0161il na 2,63%. Plug-in\u00a0 hybridn\u00ed vozy vzrostly meziro\u010dn\u011b o 66,81% (z 1 859 na 3 101 ks).<\/p>\n<p>Z \u010dist\u011b elektrick\u00fdch voz\u016f byla v \u010dervenci nejprod\u00e1van\u011bj\u0161\u00ed zna\u010dka \u0160koda p\u0159ed Teslou a\u00a0 Volkswagenem.<\/p>\n<p>Pod\u00edl firemn\u00edch automobil\u016f na registrac\u00edch OA za 1-7\/2023 byl 75%, priv\u00e1tn\u00edch 25%.\u00a0 Po\u010det dovezen\u00fdch ojet\u00fdch OA klesl meziro\u010dn\u011b o 8% na 93 039 ks. Jejich pr\u016fm\u011brn\u00e9 st\u00e1\u0159\u00ed je 10,7\u00a0 roku, p\u0159i\u010dem\u017e pod\u00edl vozidel star\u0161\u00edch 10 let \u010din\u00ed 49,25%, star\u0161\u00edch 15 let je 23,33%.<\/p>\n<p><strong>LUV zanmenaly r\u016fst p\u0159es 21 procent<\/strong><\/p>\n<p>Registrace lehk\u00fdch u\u017eitkov\u00fdch automobil\u016f zaznamenaly oproti 1\u20117\/2022 n\u00e1r\u016fst o 21,24% (z 9 932 ks na 12 042 ks, tj. o 2110 ks). V \u010dervenci vzrostly meziro\u010dn\u011b o 20,62%.<\/p>\n<p>Prvn\u00ed je zna\u010dka Renault s 1 953 registrovan\u00fdmi lehk\u00fdmi u\u017eitkov\u00fdmi vozy (16,22%), n\u00e1sleduj\u00ed Volkswagen \u2013 1 563 ks (12,98%), Opel \u2013 1 398 ks (11,61%), Ford \u2013 1 356 ks (11,26%), Toyota \u20131 157 ks (9,61%), Peugeot \u2013 856 ks (7,11%), Mercedes-Benz \u2013 787 ks (6,54%), Citro\u00ebn \u2013 728 ks (6,05%), Iveco \u2013 720 ks (5,98%), Fiat \u2013 707 ks (5,87%), atd.<\/p>\n<p><strong>N\u00e1kladn\u00ed vozidla<\/strong><\/p>\n<p>Registrace n\u00e1kladn\u00edch vozidel oproti lo\u0148sku vzrostly celkov\u011b o 17,13% (z 5 067 ks na 5 935 ks, tj. o 868 ks). V \u010dervenci vzrostly meziro\u010dn\u011b o 18,10%. Prvn\u00ed je zna\u010dka Mercedes-Benz s 1 109 registrovan\u00fdmi n\u00e1kladn\u00edmi vozy (18,69%), n\u00e1sleduj\u00ed Volvo\u00a0 \u2013 1 077 ks (18,15%), DAF \u2013 835 ks (14,07%), MAN \u2013 803 ks (13,53%), Scania \u2013 786 ks (13,24%), Iveco \u2013 620 ks (10,45%), Renault Trucks \u2013 328 ks (5,53%), Tatra \u2013 151 ks (2,54%), Ford \u2013121 ks (2,04%), Fuso \u2013 75 ks (1,26%), atd.<\/p>\n<p><img loading=\"lazy\" decoding=\"async\" class=\"alignnone size-full wp-image-13522\" src=\"http:\/\/www.automakersnews.cz\/wp-content\/uploads\/2023\/01\/Mercedes-Benz-nakladni-kamion-small.jpg\" alt=\"\" width=\"627\" height=\"418\" srcset=\"https:\/\/www.automakersnews.cz\/wp-content\/uploads\/2023\/01\/Mercedes-Benz-nakladni-kamion-small.jpg 627w, https:\/\/www.automakersnews.cz\/wp-content\/uploads\/2023\/01\/Mercedes-Benz-nakladni-kamion-small-300x200.jpg 300w\" sizes=\"auto, (max-width: 627px) 100vw, 627px\" \/><\/p>\n","protected":false},"excerpt":{"rendered":"<div class=\"mh-excerpt\"><p>V \u010dervenci se meziro\u010dn\u011b zv\u00fd\u0161ily registrace ve v\u0161ech kategori\u00edch vozidel, ozn\u00e1mil SDA. U nov\u00fdch osobn\u00edch automobil\u016f do\u0161lo k n\u00e1r\u016fstu o 19,65 %, u lehk\u00fdch u\u017eitkov\u00fdch <a class=\"mh-excerpt-more\" href=\"https:\/\/www.automakersnews.cz\/index.php\/2023\/08\/03\/sda-registrace-vozidel-letos-rostou\/\" title=\"SDA: registrace vozidel letos rostou\">[&#8230;]<\/a><\/p>\n<\/div>","protected":false},"author":1,"featured_media":36792,"comment_status":"open","ping_status":"open","sticky":false,"template":"","format":"standard","meta":{"footnotes":""},"categories":[8],"tags":[],"class_list":["post-73253","post","type-post","status-publish","format-standard","has-post-thumbnail","hentry","category-statistika"],"_links":{"self":[{"href":"https:\/\/www.automakersnews.cz\/index.php\/wp-json\/wp\/v2\/posts\/73253","targetHints":{"allow":["GET"]}}],"collection":[{"href":"https:\/\/www.automakersnews.cz\/index.php\/wp-json\/wp\/v2\/posts"}],"about":[{"href":"https:\/\/www.automakersnews.cz\/index.php\/wp-json\/wp\/v2\/types\/post"}],"author":[{"embeddable":true,"href":"https:\/\/www.automakersnews.cz\/index.php\/wp-json\/wp\/v2\/users\/1"}],"replies":[{"embeddable":true,"href":"https:\/\/www.automakersnews.cz\/index.php\/wp-json\/wp\/v2\/comments?post=73253"}],"version-history":[{"count":0,"href":"https:\/\/www.automakersnews.cz\/index.php\/wp-json\/wp\/v2\/posts\/73253\/revisions"}],"wp:featuredmedia":[{"embeddable":true,"href":"https:\/\/www.automakersnews.cz\/index.php\/wp-json\/wp\/v2\/media\/36792"}],"wp:attachment":[{"href":"https:\/\/www.automakersnews.cz\/index.php\/wp-json\/wp\/v2\/media?parent=73253"}],"wp:term":[{"taxonomy":"category","embeddable":true,"href":"https:\/\/www.automakersnews.cz\/index.php\/wp-json\/wp\/v2\/categories?post=73253"},{"taxonomy":"post_tag","embeddable":true,"href":"https:\/\/www.automakersnews.cz\/index.php\/wp-json\/wp\/v2\/tags?post=73253"}],"curies":[{"name":"wp","href":"https:\/\/api.w.org\/{rel}","templated":true}]}}