{"id":73622,"date":"2023-08-07T06:40:52","date_gmt":"2023-08-07T06:40:52","guid":{"rendered":"https:\/\/www.automakersnews.cz\/?p=73622"},"modified":"2023-08-08T07:34:32","modified_gmt":"2023-08-08T07:34:32","slug":"tv-prima-slavila-30-let-v-trojskem-zamku","status":"publish","type":"post","link":"https:\/\/www.automakersnews.cz\/index.php\/2023\/08\/07\/tv-prima-slavila-30-let-v-trojskem-zamku\/","title":{"rendered":"TV Prima slavila 30 let v Trojsk\u00e9m z\u00e1mku"},"content":{"rendered":"<p><strong>Prima oslavila 30 let existence v zahrad\u00e1ch barokn\u00edho z\u00e1mku Troja. D\u011bj cel\u00e9ho ve\u010dera se to\u010dil kolem podzimn\u00edho vys\u00edlac\u00edho sch\u00e9matu a nov\u00e9ho p\u0159\u00edb\u011bhu Eli\u0161ka a Dami\u00e1n. Sv\u00e9 hosty m\u011bl ale na party i Autosalon.<\/strong><!--more--><\/p>\n<p>Organiz\u00e1to\u0159i svezli \u00fa\u010dastn\u00edky oslavy\u00a0 dobov\u00fdm ko\u010d\u00e1rem, mohli se proch\u00e1zet\u00a0 buxusov\u00fdmi partery a boskety a rozj\u00edmat nad monument\u00e1ln\u00edmi socha\u0159sk\u00fdmi d\u00edly. Romantick\u00fd ve\u010der umocnil i tanec \u00e9terick\u00fdch baletek a v\u00fdkony mlad\u00fdch nadan\u00fdch um\u011blc\u016f. Vrcholem ve\u010dera byl koncert Davida Kollera s Kollerbandem a kr\u00e1lovny smy\u010dc\u016f Eterea Trio.<\/p>\n<p>O hosty z automotive se za Autosalon staral Ond\u0159ej B\u011bhal, k vid\u011bn\u00ed byl \u0161\u00e9f Kia Czech Arno\u0161ta Barna, obchodn\u00ed \u0159editel Hyundai Motor Czech Marek Tre\u0161l nebo PR mana\u017eerky Stellantisu Lenka Martinov\u00e1 a Sylva Marounkov\u00e1.<\/p>\n<figure id=\"attachment_73625\" aria-describedby=\"caption-attachment-73625\" style=\"width: 1024px\" class=\"wp-caption alignnone\"><img loading=\"lazy\" decoding=\"async\" class=\"size-large wp-image-73625\" src=\"http:\/\/www.automakersnews.cz\/wp-content\/uploads\/2023\/08\/Prima-Behal-Troja-1024x768.jpg\" alt=\"\" width=\"1024\" height=\"768\" srcset=\"https:\/\/www.automakersnews.cz\/wp-content\/uploads\/2023\/08\/Prima-Behal-Troja-1024x768.jpg 1024w, https:\/\/www.automakersnews.cz\/wp-content\/uploads\/2023\/08\/Prima-Behal-Troja-300x225.jpg 300w, https:\/\/www.automakersnews.cz\/wp-content\/uploads\/2023\/08\/Prima-Behal-Troja-768x576.jpg 768w, https:\/\/www.automakersnews.cz\/wp-content\/uploads\/2023\/08\/Prima-Behal-Troja-1536x1152.jpg 1536w, https:\/\/www.automakersnews.cz\/wp-content\/uploads\/2023\/08\/Prima-Behal-Troja-678x509.jpg 678w, https:\/\/www.automakersnews.cz\/wp-content\/uploads\/2023\/08\/Prima-Behal-Troja-326x245.jpg 326w, https:\/\/www.automakersnews.cz\/wp-content\/uploads\/2023\/08\/Prima-Behal-Troja-80x60.jpg 80w, https:\/\/www.automakersnews.cz\/wp-content\/uploads\/2023\/08\/Prima-Behal-Troja.jpg 1728w\" sizes=\"auto, (max-width: 1024px) 100vw, 1024px\" \/><figcaption id=\"caption-attachment-73625\" class=\"wp-caption-text\">Ondra B\u011bhal p\u016fsobil na party ve stylov\u00e9 barokn\u00ed \u0161krabo\u0161ce<\/figcaption><\/figure>\n<p>&nbsp;<\/p>\n","protected":false},"excerpt":{"rendered":"<div class=\"mh-excerpt\"><p>Prima oslavila 30 let existence v zahrad\u00e1ch barokn\u00edho z\u00e1mku Troja. D\u011bj cel\u00e9ho ve\u010dera se to\u010dil kolem podzimn\u00edho vys\u00edlac\u00edho sch\u00e9matu a nov\u00e9ho p\u0159\u00edb\u011bhu Eli\u0161ka a Dami\u00e1n. <a class=\"mh-excerpt-more\" href=\"https:\/\/www.automakersnews.cz\/index.php\/2023\/08\/07\/tv-prima-slavila-30-let-v-trojskem-zamku\/\" title=\"TV Prima slavila 30 let v Trojsk\u00e9m z\u00e1mku\">[&#8230;]<\/a><\/p>\n<\/div>","protected":false},"author":1,"featured_media":73624,"comment_status":"open","ping_status":"open","sticky":false,"template":"","format":"standard","meta":{"footnotes":""},"categories":[10,27],"tags":[],"class_list":["post-73622","post","type-post","status-publish","format-standard","has-post-thumbnail","hentry","category-eventy","category-media"],"_links":{"self":[{"href":"https:\/\/www.automakersnews.cz\/index.php\/wp-json\/wp\/v2\/posts\/73622","targetHints":{"allow":["GET"]}}],"collection":[{"href":"https:\/\/www.automakersnews.cz\/index.php\/wp-json\/wp\/v2\/posts"}],"about":[{"href":"https:\/\/www.automakersnews.cz\/index.php\/wp-json\/wp\/v2\/types\/post"}],"author":[{"embeddable":true,"href":"https:\/\/www.automakersnews.cz\/index.php\/wp-json\/wp\/v2\/users\/1"}],"replies":[{"embeddable":true,"href":"https:\/\/www.automakersnews.cz\/index.php\/wp-json\/wp\/v2\/comments?post=73622"}],"version-history":[{"count":0,"href":"https:\/\/www.automakersnews.cz\/index.php\/wp-json\/wp\/v2\/posts\/73622\/revisions"}],"wp:featuredmedia":[{"embeddable":true,"href":"https:\/\/www.automakersnews.cz\/index.php\/wp-json\/wp\/v2\/media\/73624"}],"wp:attachment":[{"href":"https:\/\/www.automakersnews.cz\/index.php\/wp-json\/wp\/v2\/media?parent=73622"}],"wp:term":[{"taxonomy":"category","embeddable":true,"href":"https:\/\/www.automakersnews.cz\/index.php\/wp-json\/wp\/v2\/categories?post=73622"},{"taxonomy":"post_tag","embeddable":true,"href":"https:\/\/www.automakersnews.cz\/index.php\/wp-json\/wp\/v2\/tags?post=73622"}],"curies":[{"name":"wp","href":"https:\/\/api.w.org\/{rel}","templated":true}]}}