{"id":73629,"date":"2023-08-04T09:06:15","date_gmt":"2023-08-04T09:06:15","guid":{"rendered":"https:\/\/www.automakersnews.cz\/?p=73629"},"modified":"2023-08-04T09:06:15","modified_gmt":"2023-08-04T09:06:15","slug":"cesky-mercedes-benz-meni-sefa","status":"publish","type":"post","link":"https:\/\/www.automakersnews.cz\/index.php\/2023\/08\/04\/cesky-mercedes-benz-meni-sefa\/","title":{"rendered":"\u010cesk\u00fd Mercedes-Benz m\u011bn\u00ed \u0161\u00e9fa"},"content":{"rendered":"<div class=\"HeaderContainer-sc-10zscs5-0 eAVBSF\">\n<div class=\"HeaderContainerText-sc-181ifbk-0 dhoHat\">\n<p class=\"Perex-sc-1qbdpua-0 fGYCev\"><strong>\u0160\u00e9f importu Mercedes-Benz \u010cesk\u00e1 republika Wolfgang Karl Bremm von Kleinsorgen kon\u010d\u00ed ve sv\u00e9 funkci k posledn\u00edmu srpnov\u00e9mu dni. Jeho nov\u00fdm p\u016fsobi\u0161t\u011bm se st\u00e1v\u00e1 Brusel ve vedouc\u00ed pozici pro region BeNeLux. Kdo ho nahrad\u00ed v Praze?<\/strong><\/p>\n<\/div>\n<\/div>\n<p><!--more--><\/p>\n<div class=\"BodyContainer-sc-2rfu1c-0 eAboOU\">\n<div class=\"BodyContainerContent-sc-19ju3fv-0 eaFkwA\">\n<div class=\"ContentContainer-sc-ooktgz-0\">\n<p>V \u010dele \u010desk\u00e9ho zastoupen\u00ed st\u00e1l Bremm von Kleinsorgen \u010dty\u0159i roky a vedle dom\u00e1c\u00edho trhu m\u011bl v t\u00e9to pozici na starosti tak\u00e9 klastr Mercedes-Benz Cars Central &amp; Eastern Europe v \u010cesk\u00e9 republice, Polsku, Ma\u010farsku, Rumunsku a na Slovensku.<\/p>\n<p>Nov\u00fdm gener\u00e1ln\u00edm \u0159editelem \u010desk\u00e9ho zastoupen\u00ed se od 1. z\u00e1\u0159\u00ed st\u00e1v\u00e1 Alexander Henzler.<\/p>\n<p>\u201e\u010cesk\u00e1 republika a trhy st\u0159edn\u00ed a v\u00fdchodn\u00ed Evropy mi byly od prvn\u00edho dne bl\u00edzk\u00e9. Up\u0159\u00edmn\u011b d\u011bkuji v\u0161em z\u00e1kazn\u00edk\u016fm, dealersk\u00fdm partner\u016fm a koleg\u016fm z m\u00e9ho t\u00fdmu za d\u016fv\u011bru v na\u0161i zna\u010dku Mercedes-Benz a za odhodl\u00e1n\u00ed neust\u00e1le se zlep\u0161ovat. Moje rodina a j\u00e1 si uchov\u00e1me \u00fa\u017easn\u00e9 vzpom\u00ednky na \u010ceskou republiku, jej\u00ed obyvatele a kr\u00e1snou krajinu. P\u0159eji Alexandrovi mnoho \u00fasp\u011bch\u016f, o kter\u00fdch nepochybuji, a jsem si jist\u00fd, \u017ee i on bude m\u00edt z t\u00e9to velk\u00e9 zodpov\u011bdnosti radost,\u201c shrnuje Wolfgang Karl Bremm von Kleinsorgen, dosavadn\u00ed gener\u00e1ln\u00ed \u0159editel spole\u010dnosti Mercedes-Benz \u010cesk\u00e1 republika.<\/p>\n<p>Alexander Henzler, kter\u00fd do Mercedes-Benz nastoupil ji\u017e v roce 2005, v sou\u010dasnosti Head of Marketing &amp;\u00a0Sales Operations pro trhy regionu Overseas sdru\u017euj\u00edc\u00ed Japonsko, Austr\u00e1lii, Turecko, Indii, Mexiko, Ji\u017en\u00ed Ameriku a dal\u0161\u00ed import\u00e9ry nap\u0159\u00ed\u010d kontinenty, nahrad\u00ed Wolfganga Bremma von Kleinsorgena ve funkci gener\u00e1ln\u00edho \u0159editele Mercedes-Benz \u010cesk\u00e1 republika a vedouc\u00edho Mercedes-Benz Cars Central &amp;\u00a0Eastern Europe s\u00a0\u00fa\u010dinnost\u00ed od 1. z\u00e1\u0159\u00ed 2023.<\/p>\n<figure id=\"attachment_73631\" aria-describedby=\"caption-attachment-73631\" style=\"width: 682px\" class=\"wp-caption alignnone\"><img loading=\"lazy\" decoding=\"async\" class=\"size-large wp-image-73631\" src=\"http:\/\/www.automakersnews.cz\/wp-content\/uploads\/2023\/08\/Mercedes_Alexander-Henzler-scaled-e1691139948622-682x1024.jpg\" alt=\"\" width=\"682\" height=\"1024\" srcset=\"https:\/\/www.automakersnews.cz\/wp-content\/uploads\/2023\/08\/Mercedes_Alexander-Henzler-scaled-e1691139948622-682x1024.jpg 682w, https:\/\/www.automakersnews.cz\/wp-content\/uploads\/2023\/08\/Mercedes_Alexander-Henzler-scaled-e1691139948622-200x300.jpg 200w, https:\/\/www.automakersnews.cz\/wp-content\/uploads\/2023\/08\/Mercedes_Alexander-Henzler-scaled-e1691139948622.jpg 705w\" sizes=\"auto, (max-width: 682px) 100vw, 682px\" \/><figcaption id=\"caption-attachment-73631\" class=\"wp-caption-text\">Alexander Henzler<\/figcaption><\/figure>\n<p>\u201eR\u00e1d bych pod\u011bkoval Wolfgangovi za jeho vedouc\u00ed roli p\u0159i budov\u00e1n\u00ed \u00fasp\u011bchu Mercedes-Benz Cars v\u00a0klastru Mercedes-Benz Cars Central &amp; Eastern Europe. Jsem nad\u0161en\u00fd, \u017ee se mohu p\u0159ipojit a v\u00e9st r\u016fznorod\u00fd t\u00fdm na cest\u011b k pokra\u010dov\u00e1n\u00ed tohoto \u00fasp\u011b\u0161n\u00e9ho p\u0159\u00edb\u011bhu, d\u00e1le p\u0159in\u00e1\u0161et fascinuj\u00edc\u00ed produkty a nejlep\u0161\u00ed z\u00e1kaznick\u00e9 zku\u0161enosti v \u010cesk\u00e9 republice a trz\u00edch st\u0159edn\u00ed a v\u00fdchodn\u00ed Evropy,\u201c\u00a0\u0159\u00edk\u00e1 Alexander Henzler.<\/p>\n<\/div>\n<\/div>\n<\/div>\n","protected":false},"excerpt":{"rendered":"<div class=\"mh-excerpt\"><p>\u0160\u00e9f importu Mercedes-Benz \u010cesk\u00e1 republika Wolfgang Karl Bremm von Kleinsorgen kon\u010d\u00ed ve sv\u00e9 funkci k posledn\u00edmu srpnov\u00e9mu dni. Jeho nov\u00fdm p\u016fsobi\u0161t\u011bm se st\u00e1v\u00e1 Brusel ve <a class=\"mh-excerpt-more\" href=\"https:\/\/www.automakersnews.cz\/index.php\/2023\/08\/04\/cesky-mercedes-benz-meni-sefa\/\" title=\"\u010cesk\u00fd Mercedes-Benz m\u011bn\u00ed \u0161\u00e9fa\">[&#8230;]<\/a><\/p>\n<\/div>","protected":false},"author":1,"featured_media":73630,"comment_status":"open","ping_status":"open","sticky":false,"template":"","format":"standard","meta":{"footnotes":""},"categories":[52,3],"tags":[],"class_list":["post-73629","post","type-post","status-publish","format-standard","has-post-thumbnail","hentry","category-kariera","category-personalie"],"_links":{"self":[{"href":"https:\/\/www.automakersnews.cz\/index.php\/wp-json\/wp\/v2\/posts\/73629","targetHints":{"allow":["GET"]}}],"collection":[{"href":"https:\/\/www.automakersnews.cz\/index.php\/wp-json\/wp\/v2\/posts"}],"about":[{"href":"https:\/\/www.automakersnews.cz\/index.php\/wp-json\/wp\/v2\/types\/post"}],"author":[{"embeddable":true,"href":"https:\/\/www.automakersnews.cz\/index.php\/wp-json\/wp\/v2\/users\/1"}],"replies":[{"embeddable":true,"href":"https:\/\/www.automakersnews.cz\/index.php\/wp-json\/wp\/v2\/comments?post=73629"}],"version-history":[{"count":0,"href":"https:\/\/www.automakersnews.cz\/index.php\/wp-json\/wp\/v2\/posts\/73629\/revisions"}],"wp:featuredmedia":[{"embeddable":true,"href":"https:\/\/www.automakersnews.cz\/index.php\/wp-json\/wp\/v2\/media\/73630"}],"wp:attachment":[{"href":"https:\/\/www.automakersnews.cz\/index.php\/wp-json\/wp\/v2\/media?parent=73629"}],"wp:term":[{"taxonomy":"category","embeddable":true,"href":"https:\/\/www.automakersnews.cz\/index.php\/wp-json\/wp\/v2\/categories?post=73629"},{"taxonomy":"post_tag","embeddable":true,"href":"https:\/\/www.automakersnews.cz\/index.php\/wp-json\/wp\/v2\/tags?post=73629"}],"curies":[{"name":"wp","href":"https:\/\/api.w.org\/{rel}","templated":true}]}}