{"id":7523,"date":"2022-12-07T14:14:29","date_gmt":"2022-12-07T14:14:29","guid":{"rendered":"https:\/\/www.automakersnews.cz\/?p=7523"},"modified":"2022-12-12T08:50:52","modified_gmt":"2022-12-12T08:50:52","slug":"volkswagen-odlozil-rozhodnuti-o-gigafactory","status":"publish","type":"post","link":"https:\/\/www.automakersnews.cz\/index.php\/2022\/12\/07\/volkswagen-odlozil-rozhodnuti-o-gigafactory\/","title":{"rendered":"Volkswagen odlo\u017eil rozhodnut\u00ed o gigafactory"},"content":{"rendered":"<p class=\"c_a7 f_eh\" data-dot=\"ogm-article-perex\"><strong>Koncern Volkswagen ve \u010dtvrtek odpoledne vydal prohl\u00e1\u0161en\u00ed, \u017ee sv\u00e9 rozhodnut\u00ed\u00a0 o investici do gigafactory, kter\u00e9 m\u011blo padnout u\u017e v prosinci, odkl\u00e1d\u00e1 o n\u011bkolik m\u011bs\u00edc\u016f. D\u016fvodem je mimo jin\u00e9 dramatick\u00fd n\u00e1r\u016fst cen energi\u00ed.<\/strong><!--more--><\/p>\n<div class=\"f_ei\">\n<div class=\"ogm-main-media__container\" data-dot=\"ogm-main-media\" data-e2e=\"ogm-main-media\">\n<figure class=\"e_a3\" aria-label=\"Galerie Gigafactory m\u00e1 vzniknout na m\u00edst\u011b leti\u0161t\u011b v\u00a0L\u00edn\u00edch u\u00a0Plzn\u011b.\" data-dot=\"mol-figure\" data-dot-data=\"{&quot;mediaItemType&quot;:&quot;foto&quot;}\">\n<div class=\"c_P e_bC\">\n<div class=\"c_Q\" tabindex=\"0\">\n<div class=\"c_ac c_d c_h\">\n<div class=\"atm-sizer\"><\/div>\n<p><img decoding=\"async\" class=\"c_j c_e\" src=\"https:\/\/d15-a.sdn.cz\/d_15\/c_img_QJ_s\/2HFHC\/gigafaktory-plzen-letiste.jpeg?fl=cro,0,61,1181,664%7Cres,1200,,1%7Cwebp,75\" sizes=\"(max-width: 850px) 100vw, 678px\" srcset=\"\/\/d15-a.sdn.cz\/d_15\/c_img_QJ_s\/2HFHC\/gigafaktory-plzen-letiste.jpeg?fl=cro,0,61,1181,664%7Cres,320,,1%7Cwebp,75 320w, \/\/d15-a.sdn.cz\/d_15\/c_img_QJ_s\/2HFHC\/gigafaktory-plzen-letiste.jpeg?fl=cro,0,61,1181,664%7Cres,480,,1%7Cwebp,75 480w, \/\/d15-a.sdn.cz\/d_15\/c_img_QJ_s\/2HFHC\/gigafaktory-plzen-letiste.jpeg?fl=cro,0,61,1181,664%7Cres,600,,1%7Cwebp,75 600w, \/\/d15-a.sdn.cz\/d_15\/c_img_QJ_s\/2HFHC\/gigafaktory-plzen-letiste.jpeg?fl=cro,0,61,1181,664%7Cres,722,,1%7Cwebp,75 722w, \/\/d15-a.sdn.cz\/d_15\/c_img_QJ_s\/2HFHC\/gigafaktory-plzen-letiste.jpeg?fl=cro,0,61,1181,664%7Cres,1024,,1%7Cwebp,75 1024w, \/\/d15-a.sdn.cz\/d_15\/c_img_QJ_s\/2HFHC\/gigafaktory-plzen-letiste.jpeg?fl=cro,0,61,1181,664%7Cres,1280,,1%7Cwebp,75 1181w\" \/><\/p>\n<\/div>\n<\/div>\n<p><span class=\"c_T\" data-dot=\"atm-media-item-image-caption\"><span class=\"c_R\"><span class=\"c_S\">Foto: Wikipedia.org<\/span><\/span><\/span><\/p>\n<\/div><figcaption class=\"e_be\">\n<p class=\"c_a7\"><span class=\"mol-figure__caption-text\">Gigafactory m\u00e1 vzniknout na m\u00edst\u011b leti\u0161t\u011b v\u00a0L\u00edn\u00edch u\u00a0Plzn\u011b.<\/span><\/p>\n<\/figcaption><\/figure>\n<\/div>\n<\/div>\n<div class=\"ogm-container _6231b388c0086990921bf42b\">\n<div class=\"f_fu\" data-e2e=\"ogm-article-layout\">\n<article class=\"f_fw\" role=\"article\" aria-labelledby=\"accessibility-article\">\n<div class=\"f_fv\" data-dot=\"ogm-article-content\">\n<div class=\"e_aZ e_bf\">\n<div class=\"e_a7\" data-dot=\"mol-paragraph\">\n<p class=\"c_a7\"><span class=\"c_bU\">\u201eKoncern Volkswagen nen\u00ed pod tlakem jednat okam\u017eit\u011b. V kontextu panuj\u00edc\u00ed situace bude rozhodovac\u00edmu procesu v\u011bnov\u00e1no v\u00edce \u010dasu. Mezi d\u016fvody pat\u0159\u00ed st\u00e1vaj\u00edc\u00ed ekonomick\u00e1 situace, sou\u010dasn\u00e9 ceny energi\u00ed a r\u00e1mcov\u00e9 podm\u00ednky zahrnuj\u00edc\u00ed st\u00e1tn\u00ed podporu,\u201c uvedl Volkswagen v prohl\u00e1\u0161en\u00ed, kter\u00e9 poskytl mluv\u010d\u00ed automobilky \u0160koda Auto Pavel J\u00edna. Doplnil, \u017ee je t\u0159eba tak\u00e9 do\u0159e\u0161it n\u011bkter\u00e9 m\u00edstn\u00ed ot\u00e1zky.<\/span><\/p>\n<\/div>\n<div class=\"e_a7\" data-dot=\"mol-paragraph\">\n<p class=\"c_a7\"><span class=\"c_bU\">Odlo\u017een\u00ed rozhodnut\u00ed podle n\u011bj nem\u00e1 v\u00a0tuto chv\u00edli dopad na pl\u00e1novan\u00fd za\u010d\u00e1tek stavby nebo v\u00fdroby. \u201eKoncern Volkswagen a\u00a0jeho dce\u0159in\u00e1 spole\u010dnost PowerCo zodpov\u011bdn\u00e1 za baterie pr\u016fb\u011b\u017en\u011b vyhodnocuj\u00ed vhodn\u00e9 lokality pro dal\u0161\u00ed gigafactory v\u00a0Evrop\u011b. \u017d\u00e1dn\u00e9 rozhodnut\u00ed zat\u00edm nepadlo, proces vyhodnocov\u00e1n\u00ed pokra\u010duje. P\u0159ed investov\u00e1n\u00edm miliard eur budou b\u011bhem n\u00e1sleduj\u00edc\u00edch t\u00fddn\u016f a\u00a0m\u011bs\u00edc\u016f znovu pe\u010dliv\u011b posouzeny pl\u00e1ny pro jednotliv\u00e9 regiony,\u201c konstatoval J\u00edna s\u00a0t\u00edm, \u017ee doposud u\u010din\u011bn\u00e9 kroky zaru\u010duj\u00ed pokryt\u00ed dod\u00e1vek bateri\u00ed do roku 2028.<\/span><\/p>\n<\/div>\n<div class=\"e_a7\" data-dot=\"mol-paragraph\">\n<p class=\"c_a7\"><span class=\"c_bU\">Investor vol\u00ed mezi t\u0159emi lokalitami. Krom\u011b \u010cesk\u00e9 republiky je ve h\u0159e je\u0161t\u011b Polsko a\u00a0Ma\u010farsko.<\/span><\/p>\n<\/div>\n<div class=\"e_dQ\">\n<h3 class=\"c_G c_J e_dS\">LG chce gigafactory d\u0159\u00edv ne\u017e VW. Na severn\u00ed Morav\u011b<\/h3>\n<\/div>\n<div class=\"e_a7\" data-dot=\"mol-paragraph\">\n<p class=\"c_a7\"><span class=\"c_bU\">Jestli\u017ee si Volkswagen vybere tuzemsko, vznikne gigafactory v\u202fare\u00e1lu arm\u00e1dn\u00edho leti\u0161t\u011b L\u00edn\u011b, kter\u00e9 kv\u016fli tomu zanikne. Ob\u0159\u00ed tov\u00e1rnu na v\u00fdrobu bateri\u00ed do elektroaut za\u202f120\u00a0miliard korun podporuje vl\u00e1da. Projekt ozna\u010dila za strategickou investici pro \u010deskou ekonomiku, kter\u00e1 je z\u00e1visl\u00e1 na automobilov\u00e9m pr\u016fmyslu.<\/span><\/p>\n<\/div>\n<div class=\"e_a7\" data-dot=\"mol-paragraph\">\n<p class=\"c_a7\"><span class=\"c_bU\">Tov\u00e1rna by m\u011bla zam\u011bstnat maxim\u00e1ln\u011b \u010dty\u0159i tis\u00edce lid\u00ed, p\u016fjde p\u0159ev\u00e1\u017en\u011b o vysoce kvalifikovan\u00e9 pozice. Dal\u0161\u00ed asi tis\u00edcovka pracovn\u00edk\u016f by byla v\u202fnavazuj\u00edc\u00edch dodavatelsk\u00fdch slu\u017eb\u00e1ch. Proti z\u00e1m\u011bru v\u0161ak vystupuj\u00ed piloti, z\u00e1stupci aeroklub\u016f, obyvatel\u00e9 okoln\u00edch obc\u00ed i jejich starostov\u00e9.<\/span><\/p>\n<\/div>\n<div class=\"e_a7\" data-dot=\"mol-paragraph\">\n<p class=\"c_a7\"><span class=\"c_bU\">Ti opakovan\u011b upozor\u0148uj\u00ed, \u017ee dosud nen\u00ed zad\u00e1na ani dopadov\u00e1 studie, je\u017e by zohlednila vliv na dopravu, \u017eivotn\u00ed prost\u0159ed\u00ed, vzd\u011bl\u00e1vac\u00ed i\u00a0soci\u00e1ln\u00ed syst\u00e9m. \u201eJestli\u017ee skute\u010dn\u011b Volkswagen rozhodnut\u00ed odlo\u017e\u00ed, m\u00e1me hr\u016fzu, \u017ee se z\u00e1le\u017eitost bude celkov\u011b protahovat. Z\u00e1rove\u0148 je v\u011bt\u0161\u00ed riziko, \u017ee tu tov\u00e1rna vyroste, proto\u017ee vznik\u00e1 d\u016fle\u017eit\u00fd \u010das pro jej\u00ed p\u0159\u00edpravu. Na druhou stranu je to p\u0159\u00edle\u017eitost, \u017ee by se pl\u00e1novan\u00e1 pr\u016fmyslov\u00e1 z\u00f3na zmen\u0161ila na dv\u011b st\u011b hektar\u016f, co\u017e by pro n\u00e1s byla v\u00fdhra,\u201c zhodnotil starosta Dob\u0159an Martin Sobotka (Aktivn\u00ed Dob\u0159any).<\/span><\/p>\n<p><strong>Zdroj: novinky.cz<\/strong><\/p>\n<\/div>\n<\/div>\n<\/div>\n<\/article>\n<\/div>\n<\/div>\n","protected":false},"excerpt":{"rendered":"<div class=\"mh-excerpt\"><p>Koncern Volkswagen ve \u010dtvrtek odpoledne vydal prohl\u00e1\u0161en\u00ed, \u017ee sv\u00e9 rozhodnut\u00ed\u00a0 o investici do gigafactory, kter\u00e9 m\u011blo padnout u\u017e v prosinci, odkl\u00e1d\u00e1 o n\u011bkolik m\u011bs\u00edc\u016f. D\u016fvodem <a class=\"mh-excerpt-more\" href=\"https:\/\/www.automakersnews.cz\/index.php\/2022\/12\/07\/volkswagen-odlozil-rozhodnuti-o-gigafactory\/\" title=\"Volkswagen odlo\u017eil rozhodnut\u00ed o gigafactory\">[&#8230;]<\/a><\/p>\n<\/div>","protected":false},"author":1,"featured_media":1682,"comment_status":"open","ping_status":"open","sticky":false,"template":"","format":"standard","meta":{"footnotes":""},"categories":[9,2],"tags":[],"class_list":["post-7523","post","type-post","status-publish","format-standard","has-post-thumbnail","hentry","category-investice","category-news"],"_links":{"self":[{"href":"https:\/\/www.automakersnews.cz\/index.php\/wp-json\/wp\/v2\/posts\/7523","targetHints":{"allow":["GET"]}}],"collection":[{"href":"https:\/\/www.automakersnews.cz\/index.php\/wp-json\/wp\/v2\/posts"}],"about":[{"href":"https:\/\/www.automakersnews.cz\/index.php\/wp-json\/wp\/v2\/types\/post"}],"author":[{"embeddable":true,"href":"https:\/\/www.automakersnews.cz\/index.php\/wp-json\/wp\/v2\/users\/1"}],"replies":[{"embeddable":true,"href":"https:\/\/www.automakersnews.cz\/index.php\/wp-json\/wp\/v2\/comments?post=7523"}],"version-history":[{"count":0,"href":"https:\/\/www.automakersnews.cz\/index.php\/wp-json\/wp\/v2\/posts\/7523\/revisions"}],"wp:featuredmedia":[{"embeddable":true,"href":"https:\/\/www.automakersnews.cz\/index.php\/wp-json\/wp\/v2\/media\/1682"}],"wp:attachment":[{"href":"https:\/\/www.automakersnews.cz\/index.php\/wp-json\/wp\/v2\/media?parent=7523"}],"wp:term":[{"taxonomy":"category","embeddable":true,"href":"https:\/\/www.automakersnews.cz\/index.php\/wp-json\/wp\/v2\/categories?post=7523"},{"taxonomy":"post_tag","embeddable":true,"href":"https:\/\/www.automakersnews.cz\/index.php\/wp-json\/wp\/v2\/tags?post=7523"}],"curies":[{"name":"wp","href":"https:\/\/api.w.org\/{rel}","templated":true}]}}