{"id":75510,"date":"2023-08-07T08:41:55","date_gmt":"2023-08-07T08:41:55","guid":{"rendered":"https:\/\/www.automakersnews.cz\/?p=75510"},"modified":"2023-08-07T08:41:55","modified_gmt":"2023-08-07T08:41:55","slug":"auta-vylepsila-bilanci-zahranicniho-obchodu","status":"publish","type":"post","link":"https:\/\/www.automakersnews.cz\/index.php\/2023\/08\/07\/auta-vylepsila-bilanci-zahranicniho-obchodu\/","title":{"rendered":"Auta vylep\u0161ila bilanci zahrani\u010dn\u00edho obchodu"},"content":{"rendered":"<p><b>Bilance zahrani\u010dn\u00edho obchodu se zbo\u017e\u00edm \u010dinila za m\u011bs\u00edc \u010derven 18,2 mld. K\u010d. Za cel\u00e9 prvn\u00ed pololet\u00ed skon\u010dila v p\u0159ebytku 79,8 mld. K\u010d. Podobn\u011b jako v p\u0159edchoz\u00edch m\u011bs\u00edc\u00edch se pod\u00edlel kladn\u011b p\u0159ebytek obchodu s motorov\u00fdmi vozidly, tentokr\u00e1t ve v\u00fd\u0161i 7,8 mld. K\u010d.<\/b><!--more--><\/p>\n<p>Na celkov\u00e9m saldu se kladn\u011b projevil krom\u011b automobil\u016f zejm\u00e9na meziro\u010dn\u011b men\u0161\u00ed schodek obchodu s ropou a zemn\u00edm plynem o 16,6 mld. K\u010d v d\u016fsledku klesaj\u00edc\u00edch cen zm\u00edn\u011bn\u00fdch komodit a tak\u00e9 jejich ni\u017e\u0161\u00edho dovezen\u00e9ho mno\u017estv\u00ed. Do\u0161lo tak\u00e9 ke sn\u00ed\u017een\u00ed deficitu obchodu se z\u00e1kladn\u00edmi kovy (o 3,8 mld. K\u010d). Naopak negativn\u00ed vliv m\u011bl pokles obchodu s elekt\u0159inou (o 3,8 mld. K\u010d), s kovod\u011bln\u00fdmi v\u00fdrovky (o 1,8 mld. K\u010d) a odpadn\u00edmi produkty (o 1,1 mld. K\u010d).<\/p>\n<p>Na za\u010d\u00e1tku tohoto roku v\u00fdvoz i dovoz mezim\u011bs\u00ed\u010dn\u011b nomin\u00e1ln\u011b po sez\u00f3nn\u00edm o\u010di\u0161t\u011bn\u00ed klesal, ale\u00a0<b>v \u010dervnu se v\u00fdvoz zv\u00fd\u0161il o 0,7 % a dovoz o 0,4 %<\/b>.<\/p>\n<table width=\"575\">\n<tbody>\n<tr>\n<td colspan=\"6\" bgcolor=\"white\" width=\"571\"><b>Obchodn\u00ed bilance<\/b><\/td>\n<\/tr>\n<tr>\n<td bgcolor=\"#c5d9f1\" width=\"112\"><\/td>\n<td bgcolor=\"#c5d9f1\" width=\"112\">\n<div align=\"center\"><b>Aktu\u00e1ln\u00ed<\/b><\/div>\n<\/td>\n<td bgcolor=\"#c5d9f1\" width=\"118\">\n<div align=\"center\"><b>P\u0159edchoz\u00ed<\/b><\/div>\n<\/td>\n<td bgcolor=\"#c5d9f1\" width=\"112\">\n<div align=\"center\"><b>RB<\/b><\/div>\n<\/td>\n<td colspan=\"2\" bgcolor=\"#c5d9f1\" width=\"112\">\n<div align=\"center\"><b>Trh<\/b><\/div>\n<\/td>\n<\/tr>\n<tr>\n<td bgcolor=\"white\" width=\"112\"><b>v mld. K\u010d<\/b><\/td>\n<td bgcolor=\"white\" width=\"112\">\n<div align=\"center\">18,2<\/div>\n<\/td>\n<td bgcolor=\"white\" width=\"118\">\n<div align=\"center\">11,0<\/div>\n<\/td>\n<td bgcolor=\"white\" width=\"112\">\n<div align=\"center\">23,1<\/div>\n<\/td>\n<td colspan=\"2\" bgcolor=\"white\" width=\"112\">\u00a0 \u00a0 \u00a0 \u00a0 \u00a017,8<\/td>\n<\/tr>\n<tr>\n<td colspan=\"6\" bgcolor=\"white\" width=\"571\">Zdroj: Raiffeisenbank, Bloomberg, \u010cS<\/td>\n<\/tr>\n<\/tbody>\n<\/table>\n<p>&nbsp;<\/p>\n<div>Potvrzuje se tak, \u017ee zahrani\u010dn\u00ed obchod je hlavn\u00ed silou \u010desk\u00e9 ekonomiky, p\u0159esto\u017ee i on se pot\u00fdk\u00e1 s ur\u010dit\u00fdmi probl\u00e9my. N\u011bmeck\u00e1 ekonomika zaost\u00e1v\u00e1 a obecn\u011b zahrani\u010dn\u00ed popt\u00e1vka je st\u00e1le slab\u00e1. D\u00e1le tu m\u00e1me efekt siln\u00e9 koruny, d\u00edky kter\u00e9 se sni\u017euje hodnota dovozu. Ten poklesl meziro\u010dn\u011b o v\u00edce ne\u017e 7 %, ale o\u010dek\u00e1vali jsme je\u0161t\u011b siln\u011bj\u0161\u00ed pokles a\u017e o 10 %. Siln\u00e1 koruna brzdila export\u00e9ry, nicm\u00e9n\u011b koruna po zased\u00e1n\u00ed bankovn\u00ed rady \u010cNB a ozn\u00e1men\u00ed o ukon\u010den\u00ed intervenc\u00ed oslabila a tento trend by mohl v dal\u0161\u00edch m\u011bs\u00edc\u00edch pokra\u010dovat. Spole\u010dn\u011b s o\u017eiven\u00edm ekonomik v euroz\u00f3n\u011b by to m\u011blo zap\u0159\u00ed\u010dinit vy\u0161\u0161\u00ed zahrani\u010dn\u00ed popt\u00e1vku po \u010desk\u00fdch v\u00fdrobc\u00edch, co\u017e by se nad\u00e1le m\u011blo projevovat pozitivn\u011b na v\u00fd\u0161i na\u0161eho zahrani\u010dn\u00edho obchodu.<br \/>\n<b>Je velmi pravd\u011bpodobn\u00e9, \u017ee z v\u00fd\u0161e uveden\u00fdch d\u016fvod\u016f skon\u010d\u00ed bilance zahrani\u010dn\u00edho obchodu l\u00e9pe, ne\u017e jsme o\u010dek\u00e1vali v na\u0161\u00ed posledn\u00ed progn\u00f3ze (19 mld. K\u010d).<\/b><\/div>\n","protected":false},"excerpt":{"rendered":"<div class=\"mh-excerpt\"><p>Bilance zahrani\u010dn\u00edho obchodu se zbo\u017e\u00edm \u010dinila za m\u011bs\u00edc \u010derven 18,2 mld. K\u010d. Za cel\u00e9 prvn\u00ed pololet\u00ed skon\u010dila v p\u0159ebytku 79,8 mld. K\u010d. Podobn\u011b jako v <a class=\"mh-excerpt-more\" href=\"https:\/\/www.automakersnews.cz\/index.php\/2023\/08\/07\/auta-vylepsila-bilanci-zahranicniho-obchodu\/\" title=\"Auta vylep\u0161ila bilanci zahrani\u010dn\u00edho obchodu\">[&#8230;]<\/a><\/p>\n<\/div>","protected":false},"author":1,"featured_media":63162,"comment_status":"open","ping_status":"open","sticky":false,"template":"","format":"standard","meta":{"footnotes":""},"categories":[8],"tags":[],"class_list":["post-75510","post","type-post","status-publish","format-standard","has-post-thumbnail","hentry","category-statistika"],"_links":{"self":[{"href":"https:\/\/www.automakersnews.cz\/index.php\/wp-json\/wp\/v2\/posts\/75510","targetHints":{"allow":["GET"]}}],"collection":[{"href":"https:\/\/www.automakersnews.cz\/index.php\/wp-json\/wp\/v2\/posts"}],"about":[{"href":"https:\/\/www.automakersnews.cz\/index.php\/wp-json\/wp\/v2\/types\/post"}],"author":[{"embeddable":true,"href":"https:\/\/www.automakersnews.cz\/index.php\/wp-json\/wp\/v2\/users\/1"}],"replies":[{"embeddable":true,"href":"https:\/\/www.automakersnews.cz\/index.php\/wp-json\/wp\/v2\/comments?post=75510"}],"version-history":[{"count":0,"href":"https:\/\/www.automakersnews.cz\/index.php\/wp-json\/wp\/v2\/posts\/75510\/revisions"}],"wp:featuredmedia":[{"embeddable":true,"href":"https:\/\/www.automakersnews.cz\/index.php\/wp-json\/wp\/v2\/media\/63162"}],"wp:attachment":[{"href":"https:\/\/www.automakersnews.cz\/index.php\/wp-json\/wp\/v2\/media?parent=75510"}],"wp:term":[{"taxonomy":"category","embeddable":true,"href":"https:\/\/www.automakersnews.cz\/index.php\/wp-json\/wp\/v2\/categories?post=75510"},{"taxonomy":"post_tag","embeddable":true,"href":"https:\/\/www.automakersnews.cz\/index.php\/wp-json\/wp\/v2\/tags?post=75510"}],"curies":[{"name":"wp","href":"https:\/\/api.w.org\/{rel}","templated":true}]}}