{"id":75513,"date":"2023-08-07T09:04:52","date_gmt":"2023-08-07T09:04:52","guid":{"rendered":"https:\/\/www.automakersnews.cz\/?p=75513"},"modified":"2023-08-07T09:06:14","modified_gmt":"2023-08-07T09:06:14","slug":"kooperativa-si-koupila-dalsi-autoservis","status":"publish","type":"post","link":"https:\/\/www.automakersnews.cz\/index.php\/2023\/08\/07\/kooperativa-si-koupila-dalsi-autoservis\/","title":{"rendered":"Kooperativa si koupila dal\u0161\u00ed autoservis"},"content":{"rendered":"<p><strong>Global Repair Centres (skupina VIG, do kter\u00e9 v \u010cR pat\u0159\u00ed Kooperativa a \u010cPP) p\u0159evzala 1. srpna firmu KAPPA-P v \u00dast\u00ed nad Labem. Autoservis m\u00e1 t\u00e9\u017e odtahovou slu\u017ebu a p\u016fj\u010dovnu. Po dealerovi voz\u016f Renault, Dacia a Hyundai ve v\u00fdchodn\u00edch \u010cech\u00e1ch a Autonov\u011b Brno je t\u0159et\u00ed firmou v jej\u00edm automotive portfoliu.<\/strong><!--more--><\/p>\n<p>Ob\u011b poji\u0161\u0165ovny vn\u00edmaj\u00ed vlastnictv\u00ed s\u00edt\u011b servis\u016f a dealer\u016f automobil\u016f a motocykl\u016f jako zaj\u00edmavou p\u0159\u00edle\u017eitost pro zv\u00fd\u0161en\u00ed z\u00e1kaznick\u00e9 zku\u0161enosti.<\/p>\n<p><em>\u201eVlastn\u00ed s\u00ed\u0165 n\u00e1m umo\u017e\u0148uje b\u00fdt p\u0159\u00edmou sou\u010d\u00e1st\u00ed dynamicky se m\u011bn\u00edc\u00edho automotive prost\u0159ed\u00ed a pracovat tak na inovac\u00edch jak v\u00a0oblasti produktu, tak samotn\u00e9ho procesu likvidace. Autoservis KAPPA-P n\u00e1m pom\u016f\u017ee z\u00edskat zku\u0161enosti v dal\u0161\u00edm segmentu. Specializuje se na n\u00e1kladn\u00ed automobily a autobusy, krom\u011b karos\u00e1rny a lakovny disponuje tak\u00e9 za\u0159\u00edzen\u00edm na opravu r\u00e1m\u016f kamion\u016f. Zaj\u00edmav\u00e9 je tak\u00e9 propojen\u00ed jejich odtahov\u00e9 slu\u017eby s\u00a0na\u0161\u00ed asisten\u010dn\u00ed spole\u010dnost\u00ed Global Assistance,\u201c<\/em> p\u0159edstavuje v\u00fdhody p\u0159evzet\u00ed autoservisu Martin Laur, \u010dlen p\u0159edstavenstva poji\u0161\u0165ovna Kooperativa.<\/p>\n<p><img loading=\"lazy\" decoding=\"async\" class=\"alignnone size-large wp-image-75517\" src=\"http:\/\/www.automakersnews.cz\/wp-content\/uploads\/2023\/08\/Kappa-Servis-odtahovka-1024x768.jpg\" alt=\"\" width=\"1024\" height=\"768\" \/><\/p>\n<p><strong><em>\u00a0<\/em><\/strong>Spole\u010dnost KAPPA-P vznikla v\u00a0roce 1994. Zab\u00fdv\u00e1 se opravou osobn\u00edch a n\u00e1kladn\u00edch vozidel, provozuje tak\u00e9 odtahovou slu\u017ebu a p\u016fj\u010dovnu vozidel. Je jedn\u00edm z\u00a0nejv\u011bt\u0161\u00edch nezna\u010dkov\u00fdch servis\u016f v\u00a0\u00dasteck\u00e9m kraji. V\u00a0p\u0159\u00edpad\u011b person\u00e1lu s\u00e1z\u00ed Kooperativa na kontinuitu a po\u010d\u00edt\u00e1 se zachov\u00e1n\u00edm v\u0161ech pracovn\u00edch m\u00edst a dal\u0161\u00edm rozvojem.<\/p>\n<p><strong>Zdroj: Kooperativa, Milan K\u00e1\u0148a<\/strong><\/p>\n","protected":false},"excerpt":{"rendered":"<div class=\"mh-excerpt\"><p>Global Repair Centres (skupina VIG, do kter\u00e9 v \u010cR pat\u0159\u00ed Kooperativa a \u010cPP) p\u0159evzala 1. srpna firmu KAPPA-P v \u00dast\u00ed nad Labem. Autoservis m\u00e1 t\u00e9\u017e <a class=\"mh-excerpt-more\" href=\"https:\/\/www.automakersnews.cz\/index.php\/2023\/08\/07\/kooperativa-si-koupila-dalsi-autoservis\/\" title=\"Kooperativa si koupila dal\u0161\u00ed autoservis\">[&#8230;]<\/a><\/p>\n<\/div>","protected":false},"author":1,"featured_media":75514,"comment_status":"open","ping_status":"open","sticky":false,"template":"","format":"standard","meta":{"footnotes":""},"categories":[9,17],"tags":[],"class_list":["post-75513","post","type-post","status-publish","format-standard","has-post-thumbnail","hentry","category-investice","category-servis"],"_links":{"self":[{"href":"https:\/\/www.automakersnews.cz\/index.php\/wp-json\/wp\/v2\/posts\/75513","targetHints":{"allow":["GET"]}}],"collection":[{"href":"https:\/\/www.automakersnews.cz\/index.php\/wp-json\/wp\/v2\/posts"}],"about":[{"href":"https:\/\/www.automakersnews.cz\/index.php\/wp-json\/wp\/v2\/types\/post"}],"author":[{"embeddable":true,"href":"https:\/\/www.automakersnews.cz\/index.php\/wp-json\/wp\/v2\/users\/1"}],"replies":[{"embeddable":true,"href":"https:\/\/www.automakersnews.cz\/index.php\/wp-json\/wp\/v2\/comments?post=75513"}],"version-history":[{"count":0,"href":"https:\/\/www.automakersnews.cz\/index.php\/wp-json\/wp\/v2\/posts\/75513\/revisions"}],"wp:featuredmedia":[{"embeddable":true,"href":"https:\/\/www.automakersnews.cz\/index.php\/wp-json\/wp\/v2\/media\/75514"}],"wp:attachment":[{"href":"https:\/\/www.automakersnews.cz\/index.php\/wp-json\/wp\/v2\/media?parent=75513"}],"wp:term":[{"taxonomy":"category","embeddable":true,"href":"https:\/\/www.automakersnews.cz\/index.php\/wp-json\/wp\/v2\/categories?post=75513"},{"taxonomy":"post_tag","embeddable":true,"href":"https:\/\/www.automakersnews.cz\/index.php\/wp-json\/wp\/v2\/tags?post=75513"}],"curies":[{"name":"wp","href":"https:\/\/api.w.org\/{rel}","templated":true}]}}