{"id":75519,"date":"2023-08-07T09:47:10","date_gmt":"2023-08-07T09:47:10","guid":{"rendered":"https:\/\/www.automakersnews.cz\/?p=75519"},"modified":"2023-08-09T07:04:16","modified_gmt":"2023-08-09T07:04:16","slug":"novinari-bezeli-gladiatora-v-pardubicich","status":"publish","type":"post","link":"https:\/\/www.automakersnews.cz\/index.php\/2023\/08\/07\/novinari-bezeli-gladiatora-v-pardubicich\/","title":{"rendered":"Novin\u00e1\u0159i b\u011b\u017eeli Gladiatora v Pardubic\u00edch"},"content":{"rendered":"<p class=\"v1MsoNormal\"><strong>Pry\u010d jsou \u010dasy, kdy novin\u00e1\u0159i na akc\u00edch Fordu p\u0159echutn\u00e1vali v\u00edna s Martinem Linhartem. Te\u010f se b\u011bh\u00e1. \u010cesk\u00e1 FMC se letos stala partnerem s\u00e9rie z\u00e1vod\u016f Gladiator Race a \u0161\u00e9f komunikace zna\u010dky Petr Burian obl\u00e9kl motonovin\u00e1\u0159e do tren\u00fdrek.<\/strong><span id=\"more-67021\"><\/span><!--more--><\/p>\n<p class=\"v1MsoNormal\">\u201eAno, \u017e\u00e1dn\u00e1 auta, tentokr\u00e1t se bude jednat o testov\u00e1n\u00ed vlastn\u00edho motoru a fyzick\u00e9 zdatnosti. Poj\u010fme to protentokr\u00e1t pojmout \u00fapln\u011b jinak. Zvedn\u011bme se z t\u00e9 kancel\u00e1\u0159sk\u00e9 \u017eidle a t\u0159eba i vykro\u010dme ze svoj\u00ed komfortn\u00ed z\u00f3ny. Ud\u011blejme nejenom n\u011bco pro svoje t\u011blo, ale poj\u010fme se vz\u00e1jemn\u011b poznat i trochu jinak. V\u011b\u0159\u00edm, \u017ee krom\u011b dobr\u00e9ho pocitu a lep\u0161\u00ed fyzick\u00e9 kondice n\u00e1m bude odm\u011bnou t\u0159eba i um\u00edst\u011bn\u00ed na stupn\u00edch v\u00edt\u011bz\u016f,\u201c vyzval\u00a0 na ja\u0159e motoristick\u00e9 novin\u00e1\u0159e pro leto\u0161n\u00ed okurkovou sezonu Burian.<\/p>\n<p><strong>V\u00fdzva pro okurkovou sezonu<\/strong><\/p>\n<p class=\"v1MsoNormal\">\u201eHled\u00e1m dev\u011bt odv\u00e1\u017elivc\u016f, kte\u0159\u00ed spole\u010dn\u011b se mnou vytvo\u0159\u00ed t\u00fdm a pob\u011b\u017e\u00ed srpnov\u00fd z\u00e1vod v Pardubic\u00edch,\u201c oslovil mluv\u010d\u00ed Fordu n\u011bkolik des\u00edtek \u017eurnalist\u016f.<\/p>\n<p><img loading=\"lazy\" decoding=\"async\" class=\"alignnone size-large wp-image-67053\" src=\"http:\/\/www.automakersnews.cz\/wp-content\/uploads\/2023\/07\/Gladiator-posilovna-1024x768.jpg\" sizes=\"auto, (max-width: 1024px) 100vw, 1024px\" srcset=\"https:\/\/www.automakersnews.cz\/wp-content\/uploads\/2023\/07\/Gladiator-posilovna-1024x768.jpg 1024w, https:\/\/www.automakersnews.cz\/wp-content\/uploads\/2023\/07\/Gladiator-posilovna-300x225.jpg 300w, https:\/\/www.automakersnews.cz\/wp-content\/uploads\/2023\/07\/Gladiator-posilovna-768x576.jpg 768w, https:\/\/www.automakersnews.cz\/wp-content\/uploads\/2023\/07\/Gladiator-posilovna-1536x1152.jpg 1536w, https:\/\/www.automakersnews.cz\/wp-content\/uploads\/2023\/07\/Gladiator-posilovna-678x509.jpg 678w, https:\/\/www.automakersnews.cz\/wp-content\/uploads\/2023\/07\/Gladiator-posilovna-326x245.jpg 326w, https:\/\/www.automakersnews.cz\/wp-content\/uploads\/2023\/07\/Gladiator-posilovna-80x60.jpg 80w, https:\/\/www.automakersnews.cz\/wp-content\/uploads\/2023\/07\/Gladiator-posilovna.jpg 2048w\" alt=\"\" width=\"1024\" height=\"768\" \/><\/p>\n<p class=\"v1MsoNormal\">Nab\u00eddl k tomu pravideln\u00e9 spole\u010dn\u00e9 tr\u00e9ninky 1x-2x t\u00fddn\u011b v Praze v jedn\u00e9 z partnersk\u00fdch posiloven z\u00e1vodu.<\/p>\n<p><img loading=\"lazy\" decoding=\"async\" class=\"alignnone size-large wp-image-75548\" src=\"http:\/\/www.automakersnews.cz\/wp-content\/uploads\/2023\/08\/Gladiator-Gym-Srp-768x1024.jpg\" alt=\"\" width=\"768\" height=\"1024\" \/><\/p>\n<p><strong>P\u0159\u00edpravu prov\u00e1zely nehody a nemoci<\/strong><\/p>\n<p class=\"v1MsoNormal\">Do tr\u00e9ninku se p\u0159ihl\u00e1silo \u0161est z\u00e1jemc\u016f. Pavel Vondr\u00e1\u010dek v mezidob\u00ed spadl z kola a pokousal ho pes. Do t\u011blocvi\u010dny se v\u016fbec nedostavil. Sabina Sarki\u0161ovov\u00e1 vydr\u017eela dva nebo t\u0159i tr\u00e9ninky a pak se omluvila ze zdravotn\u00edch d\u016fvod\u016f. Hrozilo, \u017ee do fin\u00e1lov\u00e9ho z\u00e1vodu p\u016fjdou jen t\u0159i novin\u00e1\u0159i \u2013 Pavel Srp, Martin Jen\u00edk a Erich Handl.<\/p>\n<p><img loading=\"lazy\" decoding=\"async\" class=\"alignnone size-large wp-image-75671\" src=\"http:\/\/www.automakersnews.cz\/wp-content\/uploads\/2023\/08\/Gladiator-Ford-Ranger-822x1024.jpg\" alt=\"\" width=\"822\" height=\"1024\" \/><\/p>\n<p><strong>Na startu v Pardubic\u00edch sedm borc\u016f<\/strong><\/p>\n<p>Pak ale t\u00fdm pos\u00edlil Hugo Kott\u00e1s a na startu GR se v ned\u011bli 6. srpna vedle kapit\u00e1na t\u00fdmu Petra Buriana nakonec objevilo celkem \u0161est z\u00e1vodn\u00edk\u016f, krom\u011b jmenovan\u00fdch je\u0161t\u011b Michal Borski a op\u011bt uzdraven\u00fd Pavel Vondr\u00e1\u010dek.<\/p>\n<figure id=\"attachment_75550\" aria-describedby=\"caption-attachment-75550\" style=\"width: 1024px\" class=\"wp-caption alignnone\"><img loading=\"lazy\" decoding=\"async\" class=\"size-large wp-image-75550\" src=\"http:\/\/www.automakersnews.cz\/wp-content\/uploads\/2023\/08\/Gladiator-Vondracek-1024x768.jpg\" alt=\"\" width=\"1024\" height=\"768\" srcset=\"https:\/\/www.automakersnews.cz\/wp-content\/uploads\/2023\/08\/Gladiator-Vondracek-1024x768.jpg 1024w, https:\/\/www.automakersnews.cz\/wp-content\/uploads\/2023\/08\/Gladiator-Vondracek-300x225.jpg 300w, https:\/\/www.automakersnews.cz\/wp-content\/uploads\/2023\/08\/Gladiator-Vondracek-768x576.jpg 768w, https:\/\/www.automakersnews.cz\/wp-content\/uploads\/2023\/08\/Gladiator-Vondracek-1536x1152.jpg 1536w, https:\/\/www.automakersnews.cz\/wp-content\/uploads\/2023\/08\/Gladiator-Vondracek-678x509.jpg 678w, https:\/\/www.automakersnews.cz\/wp-content\/uploads\/2023\/08\/Gladiator-Vondracek-326x245.jpg 326w, https:\/\/www.automakersnews.cz\/wp-content\/uploads\/2023\/08\/Gladiator-Vondracek-80x60.jpg 80w, https:\/\/www.automakersnews.cz\/wp-content\/uploads\/2023\/08\/Gladiator-Vondracek.jpg 2048w\" sizes=\"auto, (max-width: 1024px) 100vw, 1024px\" \/><figcaption id=\"caption-attachment-75550\" class=\"wp-caption-text\">Tahouni t\u00fdmu: Michal Borski (uprost\u0159ed) a Pavel Vondr\u00e1\u010dek s Nikolou (technick\u00e9 zaji\u0161t\u011bn\u00ed t\u00fdmu)<\/figcaption><\/figure>\n<p>&#8222;Bylo to peklo, na p\u011bti kilometrech b\u011bhu v hust\u00e9m de\u0161ti dvacet p\u0159ek\u00e1\u017eek v\u010detn\u011b p\u0159eplav\u00e1n\u00ed \u0159eky. V\u0161ichni ale z\u00e1vod \u00fasp\u011b\u0161n\u011b dokon\u010dili,&#8220; komentoval pr\u016fb\u011bh akce \u0161\u00e9fredaktor Automakers Erich Handl.<\/p>\n<p><img loading=\"lazy\" decoding=\"async\" class=\"alignnone size-large wp-image-75549\" src=\"http:\/\/www.automakersnews.cz\/wp-content\/uploads\/2023\/08\/Handl-Gladiator-cil-768x1024.jpg\" alt=\"\" width=\"768\" height=\"1024\" srcset=\"https:\/\/www.automakersnews.cz\/wp-content\/uploads\/2023\/08\/Handl-Gladiator-cil-768x1023.jpg 768w, https:\/\/www.automakersnews.cz\/wp-content\/uploads\/2023\/08\/Handl-Gladiator-cil-225x300.jpg 225w, https:\/\/www.automakersnews.cz\/wp-content\/uploads\/2023\/08\/Handl-Gladiator-cil-1153x1536.jpg 1153w, https:\/\/www.automakersnews.cz\/wp-content\/uploads\/2023\/08\/Handl-Gladiator-cil.jpg 1200w\" sizes=\"auto, (max-width: 768px) 100vw, 768px\" \/><\/p>\n<p><strong>Zdroj: Erich Handl, archiv, FB Pavel Vondr\u00e1\u010dek<\/strong><\/p>\n<p>&nbsp;<\/p>\n","protected":false},"excerpt":{"rendered":"<div class=\"mh-excerpt\"><p>Pry\u010d jsou \u010dasy, kdy novin\u00e1\u0159i na akc\u00edch Fordu p\u0159echutn\u00e1vali v\u00edna s Martinem Linhartem. Te\u010f se b\u011bh\u00e1. \u010cesk\u00e1 FMC se letos stala partnerem s\u00e9rie z\u00e1vod\u016f Gladiator <a class=\"mh-excerpt-more\" href=\"https:\/\/www.automakersnews.cz\/index.php\/2023\/08\/07\/novinari-bezeli-gladiatora-v-pardubicich\/\" title=\"Novin\u00e1\u0159i b\u011b\u017eeli Gladiatora v Pardubic\u00edch\">[&#8230;]<\/a><\/p>\n<\/div>","protected":false},"author":1,"featured_media":75551,"comment_status":"open","ping_status":"open","sticky":false,"template":"","format":"standard","meta":{"footnotes":""},"categories":[2],"tags":[],"class_list":["post-75519","post","type-post","status-publish","format-standard","has-post-thumbnail","hentry","category-news"],"_links":{"self":[{"href":"https:\/\/www.automakersnews.cz\/index.php\/wp-json\/wp\/v2\/posts\/75519","targetHints":{"allow":["GET"]}}],"collection":[{"href":"https:\/\/www.automakersnews.cz\/index.php\/wp-json\/wp\/v2\/posts"}],"about":[{"href":"https:\/\/www.automakersnews.cz\/index.php\/wp-json\/wp\/v2\/types\/post"}],"author":[{"embeddable":true,"href":"https:\/\/www.automakersnews.cz\/index.php\/wp-json\/wp\/v2\/users\/1"}],"replies":[{"embeddable":true,"href":"https:\/\/www.automakersnews.cz\/index.php\/wp-json\/wp\/v2\/comments?post=75519"}],"version-history":[{"count":0,"href":"https:\/\/www.automakersnews.cz\/index.php\/wp-json\/wp\/v2\/posts\/75519\/revisions"}],"wp:featuredmedia":[{"embeddable":true,"href":"https:\/\/www.automakersnews.cz\/index.php\/wp-json\/wp\/v2\/media\/75551"}],"wp:attachment":[{"href":"https:\/\/www.automakersnews.cz\/index.php\/wp-json\/wp\/v2\/media?parent=75519"}],"wp:term":[{"taxonomy":"category","embeddable":true,"href":"https:\/\/www.automakersnews.cz\/index.php\/wp-json\/wp\/v2\/categories?post=75519"},{"taxonomy":"post_tag","embeddable":true,"href":"https:\/\/www.automakersnews.cz\/index.php\/wp-json\/wp\/v2\/tags?post=75519"}],"curies":[{"name":"wp","href":"https:\/\/api.w.org\/{rel}","templated":true}]}}