{"id":7554,"date":"2022-12-09T10:39:47","date_gmt":"2022-12-09T10:39:47","guid":{"rendered":"https:\/\/www.automakersnews.cz\/?p=7554"},"modified":"2022-12-09T10:39:47","modified_gmt":"2022-12-09T10:39:47","slug":"agados-dodal-polni-kuchyni-policistum","status":"publish","type":"post","link":"https:\/\/www.automakersnews.cz\/index.php\/2022\/12\/09\/agados-dodal-polni-kuchyni-policistum\/","title":{"rendered":"Agados dodal poln\u00ed kuchyni policist\u016fm"},"content":{"rendered":"<p align=\"JUSTIFY\"><span style=\"color: #000000;\"><span style=\"font-family: Calibri, serif;\"><span style=\"font-size: small;\"><b>Policie \u010cesk\u00e9 republiky se m\u016f\u017ee pochlubit poln\u00ed kuchyn\u00ed od spole\u010dnosti Agados. Mobiln\u00ed <\/b><\/span><\/span><\/span><span style=\"font-family: Calibri, serif;\"><span style=\"font-size: small;\"><b>p<\/b><\/span><\/span><span style=\"color: #000000;\"><span style=\"font-family: Calibri, serif;\"><span style=\"font-size: small;\"><b>oln\u00ed kuchyn\u011b spolu s dal\u0161\u00edmi speci\u00e1l<\/b><\/span><\/span><\/span><span style=\"font-family: Calibri, serif;\"><span style=\"font-size: small;\"><b>y<\/b><\/span><\/span><span style=\"color: #000000;\"><span style=\"font-family: Calibri, serif;\"><span style=\"font-size: small;\"><b> od nejv\u011bt\u0161\u00edho tuzemsk\u00e9ho v\u00fdrobce<\/b><\/span><\/span><\/span><span style=\"font-family: Calibri, serif;\"><span style=\"font-size: small;\"><b> p\u0159\u00edv\u011bs\u016f <\/b><\/span><\/span><span style=\"color: #000000;\"><span style=\"font-family: Calibri, serif;\"><span style=\"font-size: small;\"><b>jsou p\u0159itom u\u017e n\u011bjakou dobu ve v\u00fdbav\u011b Hradn\u00ed str\u00e1\u017ee \u010cesk\u00e9 <\/b><\/span><\/span><\/span><span style=\"font-family: Calibri, serif;\"><span style=\"font-size: small;\"><b>republiky<\/b><\/span><\/span><span style=\"color: #000000;\"><span style=\"font-family: Calibri, serif;\"><span style=\"font-size: small;\"><b>, arm\u00e1d v zahr<\/b><\/span><\/span><\/span><span style=\"font-family: Calibri, serif;\"><span style=\"font-size: small;\"><b>ani\u010d\u00ed <\/b><\/span><\/span><span style=\"color: #000000;\"><span style=\"font-family: Calibri, serif;\"><span style=\"font-size: small;\"><b>i slo\u017eek Integrovan\u00e9ho z\u00e1chrann\u00e9ho syst\u00e9mu. Tyto speci\u00e1ln\u00ed p\u0159\u00edv\u011bsy od velkomezi\u0159\u00ed\u010dsk\u00e9ho v\u00fdrobce jsou b\u011b\u017en\u011b k\u00a0vid\u011bn\u00ed na zahrani\u010dn\u00edch mis\u00edch pod hlavi\u010dkou NATO nebo OSN. Modern\u00ed poln\u00ed kuchyni nyn\u00ed p\u0159evzala tak\u00e9 Jihomoravsk\u00e1 policie.<\/b><\/span><\/span><\/span><!--more--><\/p>\n<p align=\"JUSTIFY\"><span style=\"color: #000000;\"><span style=\"font-family: Calibri, serif;\"><span style=\"font-size: small;\">Kdy\u017e se letos starali ukrajin\u0161t\u00ed dobrovoln\u00edci ve Lvov\u011b o v\u00e1le\u010dn\u00e9 uprchl\u00edky, dok\u00e1zali d\u00edky poln\u00ed kuchyni p\u0159ipravit a\u017e 1200 porc\u00ed tepl\u00e9ho j\u00eddla denn\u011b. Poln\u00ed kuchyn\u011b jsou toti\u017e nejen ned\u00edlnou sou\u010d\u00e1st\u00ed vybaven\u00ed arm\u00e1d, ale najdou vyu\u017eit\u00ed tak\u00e9 v p\u0159\u00edpad\u011b humanit\u00e1rn\u00edch nebo p\u0159\u00edrodn\u00edch katastrof, jako bylo t\u0159eba lo\u0148sk\u00e9 torn\u00e1do na Hodon\u00ednsku a B\u0159eclavsku nebo leto\u0161n\u00ed rozs\u00e1hl\u00fd lesn\u00ed po\u017e\u00e1r v \u010cesk\u00e9m \u0160v\u00fdcarsku. Prvn\u00ed testy pou\u017eit\u00ed poln\u00edch kuchyn\u00ed p\u0159itom prob\u011bhly v rakousko-uhersk\u00e9 arm\u00e1d\u011b u\u017e p\u0159ed sto t\u0159iceti lety. Dost \u010dasu na to, aby r\u016fzn\u00e9 druhy nasazen\u00ed po cel\u00e9m sv\u011bt\u011b potvrdily jejich naprostou nezbytnost. <\/span><\/span><\/span><\/p>\n<p align=\"JUSTIFY\"><span style=\"color: #000000;\"><span style=\"font-family: Calibri, serif;\"><span style=\"font-size: small;\">Jihomoravsk\u00e1 policie te\u010f p\u0159evzala modern\u00ed poln\u00ed kuchyni a je v\u016fbec prvn\u00ed slo\u017ekou Policie \u010cR, kter\u00e1 m\u00e1 k dispozici nov\u00fd model AGA FK2013 od spole\u010dnosti Agados. Ta dosud dod\u00e1vala poln\u00ed kuchyn\u011b a dal\u0161\u00ed speci\u00e1ln\u00ed p\u0159\u00edv\u011bsy jako jsou mobiln\u00ed \u00fapravny vody, cisterny, \u010di podvozky <\/span><\/span><\/span><span style=\"font-family: Calibri, serif;\"><span style=\"font-size: small;\">pod elektrocentr\u00e1ly p\u0159edev\u0161\u00edm dal\u0161\u00edm<\/span><\/span><span style=\"color: #000000;\"><span style=\"font-family: Calibri, serif;\"><span style=\"font-size: small;\"> slo\u017ek\u00e1m IZS \u010cR a arm\u00e1d\u00e1m do zahrani\u010d\u00ed.<\/span><\/span><\/span><\/p>\n<p align=\"JUSTIFY\"><span style=\"color: #000000;\"><span style=\"font-family: Calibri, serif;\"><span style=\"font-size: small;\">Policie \u010cR se dosud mohla chlubit p\u0159edev\u0161\u00edm historickou poln\u00ed kuchyn\u00ed PK-26 z pades\u00e1t\u00fdch let minul\u00e9ho stolet\u00ed, kter\u00e1 slou\u017eila je\u0161t\u011b v roce 2000 a dnes je sou\u010d\u00e1st\u00ed muzejn\u00edch sb\u00edrek. Te\u010f se m\u016f\u017ee nov\u011b prezentovat modern\u00edm modelem s extr\u00e9mn\u00ed mobilitou, kter\u00fd si porad\u00ed i s n\u00e1ro\u010dn\u00fdm ter\u00e9nem. <\/span><\/span><\/span><span style=\"color: #000000;\"><span style=\"font-family: Calibri, serif;\"><span style=\"font-size: small;\"><i>\u201eJde o prov\u011b\u0159en\u00e9 \u0159e\u0161en\u00ed. Kuchyn\u011b je lehk\u00e1 a kompaktn\u00ed, z\u00e1rove\u0148 komplexn\u00ed. K dispozici je \u0161irok\u00e1 \u0161k\u00e1la komponent\u016f vyu\u017eiteln\u00fdch v gastronomii, to umo\u017e\u0148uje komfortn\u00ed p\u0159\u00edpravu<\/i><\/span><\/span><\/span><span style=\"font-family: Calibri, serif;\"><span style=\"font-size: small;\"><i> velk\u00e9ho mno\u017estv\u00ed porc\u00ed <\/i><\/span><\/span><span style=\"color: #000000;\"><span style=\"font-family: Calibri, serif;\"><span style=\"font-size: small;\"><i>cel\u00e9 \u0159ady pokrm\u016f v ter\u00e9nu,\u201c<\/i><\/span><\/span><\/span><span style=\"color: #000000;\"><span style=\"font-family: Calibri, serif;\"><span style=\"font-size: small;\"> popisuje p\u0159edan\u00fd model Petr Ostr\u00fd, spolumajitel a jednatel spole\u010dnosti Agados.<\/span><\/span><\/span><\/p>\n<p align=\"JUSTIFY\"><span style=\"color: #000000;\"><span style=\"font-family: Calibri, serif;\"><span style=\"font-size: small;\">Mobiln\u00ed kuchyn\u011b AGA FK2013 m\u00e1 vlastn\u00ed elektrocentr\u00e1lu, k topen\u00ed je mo\u017en\u00e9 vyu\u017e\u00edt naftu, plyn \u010di d\u0159evo, dle konkr\u00e9tn\u00ed \u00fapravy modelu. Samoz\u0159ejmost\u00ed je pln\u011bn\u00ed v\u0161ech sou\u010dasn\u00fdch hygienick\u00fdch po\u017eadavk\u016f, v\u0161echny pracovn\u00ed plochy jsou z nerezov\u00e9 oceli se snadnou \u00fadr\u017ebou. Kucha\u0159i jsou pak chr\u00e1n\u011bni pod p\u0159\u00edst\u0159e\u0161kem a pracovn\u00ed prostor je vybaven\u00fd \u00fa\u010dinn\u00fdm osv\u011btlen\u00edm. Nov\u00e1 poln\u00ed kuchyn\u011b je tak p\u0159ipravena k nasazen\u00ed v kteroukoliv ro\u010dn\u00ed i denn\u00ed dobu a v jak\u00e9mkoliv ter\u00e9nu.<\/span><\/span><\/span><\/p>\n<p align=\"JUSTIFY\"><span style=\"color: #000000;\"><span style=\"font-family: Calibri, serif;\"><span style=\"font-size: small;\">Poln\u00ed kuchyn\u011b jsou jen jednou \u010d\u00e1st\u00ed v\u00fdrobn\u00edho portfolia spole\u010dnosti Agados. Svou oblibu firma z\u00edskala nejen v \u010cesk\u00e9 republice, ale i u \u010dlensk\u00fdch arm\u00e1d NATO sv\u00fdmi speci\u00e1ln\u00edmi projekty, jako jsou cisterny,<\/span><\/span><\/span> <span style=\"color: #000000;\"><span style=\"font-family: Calibri, serif;\"><span style=\"font-size: small;\">mobiln\u00ed \u00fapravny vody<\/span><\/span><\/span><span style=\"font-family: Calibri, serif;\"><span style=\"font-size: small;\"> nebo oboj\u017eiveln\u00e9 ter\u00e9nn\u00ed p\u0159\u00edv\u011bsy, d\u00edky <\/span><\/span><span style=\"color: #000000;\"><span style=\"font-family: Calibri, serif;\"><span style=\"font-size: small;\">kter<\/span><\/span><\/span><span style=\"font-family: Calibri, serif;\"><span style=\"font-size: small;\">\u00fdm<\/span><\/span><span style=\"color: #000000;\"><span style=\"font-family: Calibri, serif;\"><span style=\"font-size: small;\"> lze p\u0159epravovat n\u00e1klad p\u0159es vodu a vyu\u017e\u00edvaj\u00ed ho arm\u00e1dn\u00ed slo\u017eky v\u00a0Rakousku a \u0160v\u00e9dsku.<\/span><\/span><\/span><\/p>\n","protected":false},"excerpt":{"rendered":"<div class=\"mh-excerpt\"><p>Policie \u010cesk\u00e9 republiky se m\u016f\u017ee pochlubit poln\u00ed kuchyn\u00ed od spole\u010dnosti Agados. Mobiln\u00ed poln\u00ed kuchyn\u011b spolu s dal\u0161\u00edmi speci\u00e1ly od nejv\u011bt\u0161\u00edho tuzemsk\u00e9ho v\u00fdrobce p\u0159\u00edv\u011bs\u016f jsou p\u0159itom <a class=\"mh-excerpt-more\" href=\"https:\/\/www.automakersnews.cz\/index.php\/2022\/12\/09\/agados-dodal-polni-kuchyni-policistum\/\" title=\"Agados dodal poln\u00ed kuchyni policist\u016fm\">[&#8230;]<\/a><\/p>\n<\/div>","protected":false},"author":1,"featured_media":7555,"comment_status":"open","ping_status":"open","sticky":false,"template":"","format":"standard","meta":{"footnotes":""},"categories":[33],"tags":[],"class_list":["post-7554","post","type-post","status-publish","format-standard","has-post-thumbnail","hentry","category-vyrobci"],"_links":{"self":[{"href":"https:\/\/www.automakersnews.cz\/index.php\/wp-json\/wp\/v2\/posts\/7554","targetHints":{"allow":["GET"]}}],"collection":[{"href":"https:\/\/www.automakersnews.cz\/index.php\/wp-json\/wp\/v2\/posts"}],"about":[{"href":"https:\/\/www.automakersnews.cz\/index.php\/wp-json\/wp\/v2\/types\/post"}],"author":[{"embeddable":true,"href":"https:\/\/www.automakersnews.cz\/index.php\/wp-json\/wp\/v2\/users\/1"}],"replies":[{"embeddable":true,"href":"https:\/\/www.automakersnews.cz\/index.php\/wp-json\/wp\/v2\/comments?post=7554"}],"version-history":[{"count":0,"href":"https:\/\/www.automakersnews.cz\/index.php\/wp-json\/wp\/v2\/posts\/7554\/revisions"}],"wp:featuredmedia":[{"embeddable":true,"href":"https:\/\/www.automakersnews.cz\/index.php\/wp-json\/wp\/v2\/media\/7555"}],"wp:attachment":[{"href":"https:\/\/www.automakersnews.cz\/index.php\/wp-json\/wp\/v2\/media?parent=7554"}],"wp:term":[{"taxonomy":"category","embeddable":true,"href":"https:\/\/www.automakersnews.cz\/index.php\/wp-json\/wp\/v2\/categories?post=7554"},{"taxonomy":"post_tag","embeddable":true,"href":"https:\/\/www.automakersnews.cz\/index.php\/wp-json\/wp\/v2\/tags?post=7554"}],"curies":[{"name":"wp","href":"https:\/\/api.w.org\/{rel}","templated":true}]}}