{"id":75556,"date":"2023-08-07T10:12:35","date_gmt":"2023-08-07T10:12:35","guid":{"rendered":"https:\/\/www.automakersnews.cz\/?p=75556"},"modified":"2023-08-07T10:12:35","modified_gmt":"2023-08-07T10:12:35","slug":"svaz-prumyslu-hleda-pr-manazera","status":"publish","type":"post","link":"https:\/\/www.automakersnews.cz\/index.php\/2023\/08\/07\/svaz-prumyslu-hleda-pr-manazera\/","title":{"rendered":"Svaz pr\u016fmyslu hled\u00e1 PR mana\u017eera"},"content":{"rendered":"<p><strong>Svaz pr\u016fmyslu a dopravy za\u010dal hledat PR mana\u017eera, kter\u00fd bude m\u00edt na starost komunikaci s m\u00e9dii a dok\u00e1\u017ee oslovit kl\u00ed\u010dov\u00e9 osoby ve st\u00e1tn\u00ed i soukrom\u00e9 sf\u00e9\u0159e. Popt\u00e1vka m\u00e1 ale h\u00e1\u010dek.<\/strong><!--more--><\/p>\n<p>&#8222;Denn\u00ed kontakt s novin\u00e1\u0159i a ve spolupr\u00e1ci s kolegy tak\u00e9 informa\u010dn\u00ed kan\u00e1ly SP \u010cR a soci\u00e1ln\u00ed s\u00edt\u011b budou kl\u00ed\u010dov\u00fdmi n\u00e1stroji ve Va\u0161ich rukou pro komunikaci a propagaci t\u00e9mat d\u016fle\u017eit\u00fdch pro byznys,&#8220; l\u00e1k\u00e1 kandid\u00e1ty svaz.<\/p>\n<p>Podle dostupn\u00fdch informac\u00ed u\u017e m\u00e1 celkem 31 z\u00e1jemc\u016f. Je tam ale jeden probl\u00e9m, jde o pr\u00e1ci jen na rok jako z\u00e1skok na mate\u0159skou dovolenou! SPD ale nevylu\u010duje prodlou\u017een\u00ed smlouvy.<\/p>\n<p><strong>Co kandid\u00e1ty \u010dek\u00e1?<\/strong><\/p>\n<ul>\n<li>Strategick\u00e9 i taktick\u00e9 rozv\u00edjen\u00ed medi\u00e1ln\u00edch aktivit SP \u010cR<\/li>\n<li>Komunikace s\u00a0novin\u00e1\u0159i, v\u010detn\u011b proaktivn\u00edho vytv\u00e1\u0159en\u00ed a nab\u00edzen\u00ed t\u00e9mat<\/li>\n<li>Zodpov\u011bdnost za p\u0159\u00edprava obsahu (tiskov\u00fdch zpr\u00e1v, odpov\u011bd\u00ed) s\u00a0odborn\u00edky SP \u010cR a \u010dleny p\u0159edstavenstva SP \u010cR<\/li>\n<li>Realizace akc\u00ed pro novin\u00e1\u0159e \u2013 tiskov\u00fdch konferenc\u00ed, neform\u00e1ln\u00edch setk\u00e1n\u00ed, press trip\u016f<\/li>\n<li>Rozv\u00edjen\u00ed vztah\u016f s\u00a0novin\u00e1\u0159i v\u010detn\u011b spr\u00e1vy medialist\u016f<\/li>\n<li>Marketingov\u00fd a digit\u00e1ln\u00ed konzultant t\u00fdmu v \u0161irok\u00e9 agend\u011b komunikace SP \u010cR<\/li>\n<li>Pomoc p\u0159i p\u0159\u00edprav\u00e1ch vrcholn\u00fdch akc\u00ed SP \u010cR zejm\u00e9na po obsahov\u00e9 str\u00e1nce \u2013 nap\u0159. Sn\u011bm SP \u010cR<\/li>\n<\/ul>\n<p><strong>Co o\u010dek\u00e1v\u00e1 svaz?<\/strong><\/p>\n<ul>\n<li>Kreativitu a z\u00e1rove\u0148 smysl pro detail<\/li>\n<li>Samostatnost, pe\u010dlivost a spolehlivost<\/li>\n<li>V\u00fdborn\u00e9 komunika\u010dn\u00ed dovednosti a znalost \u010desk\u00e9ho jazyka<\/li>\n<li>Zku\u0161enosti s\u00a0medi\u00e1ln\u00ed komunikac\u00ed a znalost fungov\u00e1n\u00ed m\u00e9di\u00ed \u2013 ide\u00e1ln\u011b v\u00a0ekonomick\u00e9m sm\u011bru<\/li>\n<li>Zku\u0161enosti s organizac\u00ed men\u0161\u00edch akc\u00ed \u2013 tvorbou rozpo\u010dtu, produkc\u00ed<\/li>\n<li>Dobr\u00e1 znalost program\u016f Microsoft Office (Word, Excel, PowerPoint)<\/li>\n<li>Schopnost aktivn\u00edho vyu\u017eit\u00ed angli\u010dtiny slovem i p\u00edsmem<\/li>\n<\/ul>\n<p><strong>Co nab\u00edz\u00ed?<\/strong><\/p>\n<ul>\n<li>Stabiln\u00ed z\u00e1zem\u00ed nejv\u011bt\u0161\u00edho zam\u011bstnavatelsk\u00e9ho sdru\u017een\u00ed v \u010cesk\u00e9 republice<\/li>\n<li>Kontakt s p\u0159edn\u00edmi firmami a \u0161pi\u010dkov\u00fdmi podnikateli v \u010cesku<\/li>\n<li>Smysluplnou pr\u00e1ci v inspirativn\u00edm a p\u0159\u00edjemn\u00e9m prost\u0159ed\u00ed<\/li>\n<li>Flexibiln\u00ed pracovn\u00ed dobu a mo\u017enost pr\u00e1ce z domova<\/li>\n<li>5 t\u00fddn\u016f dovolen\u00e9<\/li>\n<li>5 sickdays<\/li>\n<li>Slu\u017eebn\u00ed notebook a mobil<\/li>\n<li>Stravenkov\u00fd pau\u0161\u00e1l<\/li>\n<\/ul>\n<p><strong>Kam poslat CV:<\/strong><\/p>\n<ul>\n<li>\u017divotopisy zas\u00edlejte na s motiva\u010dn\u00edm dopisem do 10. 8. na ogbelec@spcr.cz.<\/li>\n<\/ul>\n","protected":false},"excerpt":{"rendered":"<div class=\"mh-excerpt\"><p>Svaz pr\u016fmyslu a dopravy za\u010dal hledat PR mana\u017eera, kter\u00fd bude m\u00edt na starost komunikaci s m\u00e9dii a dok\u00e1\u017ee oslovit kl\u00ed\u010dov\u00e9 osoby ve st\u00e1tn\u00ed i soukrom\u00e9 <a class=\"mh-excerpt-more\" href=\"https:\/\/www.automakersnews.cz\/index.php\/2023\/08\/07\/svaz-prumyslu-hleda-pr-manazera\/\" title=\"Svaz pr\u016fmyslu hled\u00e1 PR mana\u017eera\">[&#8230;]<\/a><\/p>\n<\/div>","protected":false},"author":1,"featured_media":1206,"comment_status":"open","ping_status":"open","sticky":false,"template":"","format":"standard","meta":{"footnotes":""},"categories":[52,3],"tags":[],"class_list":["post-75556","post","type-post","status-publish","format-standard","has-post-thumbnail","hentry","category-kariera","category-personalie"],"_links":{"self":[{"href":"https:\/\/www.automakersnews.cz\/index.php\/wp-json\/wp\/v2\/posts\/75556","targetHints":{"allow":["GET"]}}],"collection":[{"href":"https:\/\/www.automakersnews.cz\/index.php\/wp-json\/wp\/v2\/posts"}],"about":[{"href":"https:\/\/www.automakersnews.cz\/index.php\/wp-json\/wp\/v2\/types\/post"}],"author":[{"embeddable":true,"href":"https:\/\/www.automakersnews.cz\/index.php\/wp-json\/wp\/v2\/users\/1"}],"replies":[{"embeddable":true,"href":"https:\/\/www.automakersnews.cz\/index.php\/wp-json\/wp\/v2\/comments?post=75556"}],"version-history":[{"count":0,"href":"https:\/\/www.automakersnews.cz\/index.php\/wp-json\/wp\/v2\/posts\/75556\/revisions"}],"wp:featuredmedia":[{"embeddable":true,"href":"https:\/\/www.automakersnews.cz\/index.php\/wp-json\/wp\/v2\/media\/1206"}],"wp:attachment":[{"href":"https:\/\/www.automakersnews.cz\/index.php\/wp-json\/wp\/v2\/media?parent=75556"}],"wp:term":[{"taxonomy":"category","embeddable":true,"href":"https:\/\/www.automakersnews.cz\/index.php\/wp-json\/wp\/v2\/categories?post=75556"},{"taxonomy":"post_tag","embeddable":true,"href":"https:\/\/www.automakersnews.cz\/index.php\/wp-json\/wp\/v2\/tags?post=75556"}],"curies":[{"name":"wp","href":"https:\/\/api.w.org\/{rel}","templated":true}]}}