{"id":7586,"date":"2022-12-09T11:14:58","date_gmt":"2022-12-09T11:14:58","guid":{"rendered":"https:\/\/www.automakersnews.cz\/?p=7586"},"modified":"2022-12-09T11:15:29","modified_gmt":"2022-12-09T11:15:29","slug":"nova-ziskala-vysilaci-prava-na-rallye-dakar","status":"publish","type":"post","link":"https:\/\/www.automakersnews.cz\/index.php\/2022\/12\/09\/nova-ziskala-vysilaci-prava-na-rallye-dakar\/","title":{"rendered":"Nova z\u00edskala vys\u00edlac\u00ed pr\u00e1va na Dakar"},"content":{"rendered":"<p><b>Rallye Dakar v\u00a0lednu 2023 <\/b><span style=\"color: #000000;\"><b>odvys\u00edl\u00e1 stanice Nova Action. <\/b><\/span><b>Div\u00e1ci se mohou t\u011b\u0161it na pravideln\u00e9 vys\u00edl\u00e1n\u00ed od 1. ledna <\/b><span style=\"color: #000000;\"><b>do 17. ledna <\/b><\/span><b>2023. P\u0159\u00edmo v Sa\u00fadsk\u00e9 Ar\u00e1bii bude i \u0161t\u00e1b TV Nova, kter\u00fd trasu z\u00e1vodu absolvuje se z\u00e1vodn\u00edky a bude div\u00e1k\u016fm zprost\u0159edkov\u00e1vat <\/b><span style=\"color: #000000;\"><b>report\u00e1\u017ee <\/b><\/span><b>a rozhovory. <\/b><!--more--><\/p>\n<p>Ka\u017ed\u00fd ve\u010der nab\u00eddne <span style=\"color: #000000;\">stanice Nova Action hodinov\u00fd <\/span>moderovan\u00fd magaz\u00edn, kter\u00fd shrne aktu\u00e1ln\u00ed d\u011bn\u00ed v\u00a0Sa\u00fadsk\u00e9 Ar\u00e1bii. Vys\u00edl\u00e1n\u00ed bude prob\u00edhat z\u00a0nov\u00e9ho sportovn\u00edho studia a nab\u00eddne exkluzivn\u00ed rozhovory, p\u016fvodn\u00ed report\u00e1\u017ee, statistiky a dal\u0161\u00ed zaj\u00edmavosti. <span style=\"color: #000000;\">Prvn\u00ed d\u00edl po\u0159adu Dakar 2023 startuje 1. ledna, posledn\u00ed se odvys\u00edl\u00e1 17. ledna. Od 1. do 15. ledna jsou z\u00e1vodn\u00ed dny, 16. a 17. ledna budou p\u0159ipraveny je\u0161t\u011b dva speci\u00e1ly. Vrcholem bude magaz\u00edn 17. ledna, kdy p\u0159\u00edmo do studia zav\u00edtaj\u00ed nej\u00fasp\u011b\u0161n\u011bj\u0161\u00ed z\u00e1vodn\u00edci Rally Dakar 2023. <\/span><\/p>\n<p>Ve studiu se budou st\u0159\u00eddat moder\u00e1to\u0159i Radek Mazal \u2013 report\u00e9r TV Nova a moder\u00e1tor obl\u00edben\u00e9ho magaz\u00ednu \u010cesk\u00fd motorsport \u2013 a Martin Pouva \u2013 dlouholet\u00fd moder\u00e1tor Televizn\u00edch novin, kter\u00fd tak\u00e9 p\u016fsobil jako \u0161\u00e9f vys\u00edl\u00e1n\u00ed Formule 1 na obrazovk\u00e1ch Skupiny Nova. T\u00fdm dopln\u00ed Nikola \u010cervinkov\u00e1, kter\u00e1 se objevuje ve studi\u00edch MotoGP a moderuje tak\u00e9 Sportovn\u00ed noviny.<\/p>\n<p>Obsah magaz\u00ednu zpest\u0159\u00ed i report\u00e1\u017ee p\u0159\u00edmo ze Sa\u00fadsk\u00e9 Ar\u00e1bie. Z\u00a0Arabsk\u00e9ho poloostrova se denn\u011b bude hl\u00e1sit Richard Tesa\u0159. Fanou\u0161ci nejdrsn\u011bj\u0161\u00ed rallye na sv\u011bt\u011b se mohou t\u011b\u0161it i na zaj\u00edmav\u00e9 hosty ve vys\u00edl\u00e1n\u00ed \u2013 pozv\u00e1n\u00ed p\u0159ijali nap\u0159\u00edklad n\u011bkdej\u0161\u00ed z\u00e1vodn\u00edk MotoGP Karel Abrah\u00e1m nebo nad\u0161en\u00e1 z\u00e1vodnice rallye a <span style=\"color: #000000;\">b\u00fdval\u00e1 \u00fa\u010dastnice Rallye Dakar \u2013 zp\u011bva\u010dka Olga Lounov\u00e1.<\/span><\/p>\n<p><span style=\"color: #000000;\">Slavnostn\u00ed start a prolog legend\u00e1rn\u00ed rallye prob\u011bhne na b\u0159ehu Rud\u00e9ho mo\u0159e. C\u00edl je napl\u00e1nov\u00e1n do m\u011bsta Damm\u00e1m u Persk\u00e9ho z\u00e1livu. Dakar je ozna\u010dov\u00e1n za nejt\u011b\u017e\u0161\u00ed rallye na sv\u011bt\u011b. Z\u00e1vodn\u00edci mus\u00ed b\u00fdt nejen rychl\u00ed, ale z\u00e1rove\u0148 mus\u00ed m\u00edt vynikaj\u00edc\u00ed smysl pro orientaci a navigaci \u2013 stejn\u011b tak si mus\u00ed poradit s nejr\u016fzn\u011bj\u0161\u00edmi opravami ne\u010dekan\u00fdch z\u00e1vad a defekt\u016f.<\/span><\/p>\n<p><span style=\"color: #000000;\">B\u011bhem dvou t\u00fddn\u016f najedou z\u00e1vodn\u00edci v\u00a0drsn\u00fdch podm\u00ednk\u00e1ch celkem 5 000 kilometr\u016f. Mezi nejzn\u00e1m\u011bj\u0161\u00ed jm\u00e9na, kter\u00e1 letos budou startovat, pat\u0159\u00ed legend\u00e1rn\u00ed \u0161ampion Nasser Al-Attiyah, Carlos Sainz, St\u00e9phane Peterhansel, dal\u0161\u00edm favoritem bude francouzsk\u00e1 legenda WRC a S\u00e9bastien Loeb.<\/span><\/p>\n<p>Zdroj: Nova<\/p>\n<p><img loading=\"lazy\" decoding=\"async\" class=\"alignnone size-medium wp-image-7588\" src=\"http:\/\/www.automakersnews.cz\/wp-content\/uploads\/2022\/12\/Nova_DAKAR_Letak-e1670584485724-240x300.png\" alt=\"\" width=\"240\" height=\"300\" srcset=\"https:\/\/www.automakersnews.cz\/wp-content\/uploads\/2022\/12\/Nova_DAKAR_Letak-e1670584485724-240x300.png 240w, https:\/\/www.automakersnews.cz\/wp-content\/uploads\/2022\/12\/Nova_DAKAR_Letak-e1670584485724.png 400w\" sizes=\"auto, (max-width: 240px) 100vw, 240px\" \/><\/p>\n","protected":false},"excerpt":{"rendered":"<div class=\"mh-excerpt\"><p>Rallye Dakar v\u00a0lednu 2023 odvys\u00edl\u00e1 stanice Nova Action. Div\u00e1ci se mohou t\u011b\u0161it na pravideln\u00e9 vys\u00edl\u00e1n\u00ed od 1. ledna do 17. ledna 2023. P\u0159\u00edmo v Sa\u00fadsk\u00e9 <a class=\"mh-excerpt-more\" href=\"https:\/\/www.automakersnews.cz\/index.php\/2022\/12\/09\/nova-ziskala-vysilaci-prava-na-rallye-dakar\/\" title=\"Nova z\u00edskala vys\u00edlac\u00ed pr\u00e1va na Dakar\">[&#8230;]<\/a><\/p>\n<\/div>","protected":false},"author":1,"featured_media":7587,"comment_status":"open","ping_status":"open","sticky":false,"template":"","format":"standard","meta":{"footnotes":""},"categories":[27],"tags":[],"class_list":["post-7586","post","type-post","status-publish","format-standard","has-post-thumbnail","hentry","category-media"],"_links":{"self":[{"href":"https:\/\/www.automakersnews.cz\/index.php\/wp-json\/wp\/v2\/posts\/7586","targetHints":{"allow":["GET"]}}],"collection":[{"href":"https:\/\/www.automakersnews.cz\/index.php\/wp-json\/wp\/v2\/posts"}],"about":[{"href":"https:\/\/www.automakersnews.cz\/index.php\/wp-json\/wp\/v2\/types\/post"}],"author":[{"embeddable":true,"href":"https:\/\/www.automakersnews.cz\/index.php\/wp-json\/wp\/v2\/users\/1"}],"replies":[{"embeddable":true,"href":"https:\/\/www.automakersnews.cz\/index.php\/wp-json\/wp\/v2\/comments?post=7586"}],"version-history":[{"count":0,"href":"https:\/\/www.automakersnews.cz\/index.php\/wp-json\/wp\/v2\/posts\/7586\/revisions"}],"wp:featuredmedia":[{"embeddable":true,"href":"https:\/\/www.automakersnews.cz\/index.php\/wp-json\/wp\/v2\/media\/7587"}],"wp:attachment":[{"href":"https:\/\/www.automakersnews.cz\/index.php\/wp-json\/wp\/v2\/media?parent=7586"}],"wp:term":[{"taxonomy":"category","embeddable":true,"href":"https:\/\/www.automakersnews.cz\/index.php\/wp-json\/wp\/v2\/categories?post=7586"},{"taxonomy":"post_tag","embeddable":true,"href":"https:\/\/www.automakersnews.cz\/index.php\/wp-json\/wp\/v2\/tags?post=7586"}],"curies":[{"name":"wp","href":"https:\/\/api.w.org\/{rel}","templated":true}]}}