{"id":75869,"date":"2023-08-08T06:39:27","date_gmt":"2023-08-08T06:39:27","guid":{"rendered":"https:\/\/www.automakersnews.cz\/?p=75869"},"modified":"2023-08-08T06:39:27","modified_gmt":"2023-08-08T06:39:27","slug":"anytime-ma-novou-sluzbu-pro-firmy","status":"publish","type":"post","link":"https:\/\/www.automakersnews.cz\/index.php\/2023\/08\/08\/anytime-ma-novou-sluzbu-pro-firmy\/","title":{"rendered":"Anytime m\u00e1 novou slu\u017ebu pro firmy"},"content":{"rendered":"<p><strong>Mal\u00fdm a st\u0159edn\u00edm firm\u00e1m, kter\u00e9 vyu\u017e\u00edvaj\u00ed automobil jen ob\u010das nebo nev\u011bd\u00ed, kolik v dan\u00e9m obdob\u00ed budou automobil\u016f pot\u0159ebovat, se m\u016f\u017ee vyplatit zauva\u017eovat o nov\u00e9 slu\u017eb\u011b od Anytime Carsharing. <\/strong><!--more--><\/p>\n<p>V dob\u011b boje o zam\u011bstnance a budov\u00e1n\u00ed ekologick\u00e9 firemn\u00ed kultury mohou zam\u011bstnavatel\u00e9 tento zp\u016fsob dopravy v neposledn\u00ed \u0159ad\u011b vyu\u017e\u00edt jako zam\u011bstnaneck\u00fd benefit, kter\u00fd nav\u00edc \u0161et\u0159\u00ed \u017eivotn\u00ed prost\u0159ed\u00ed.<\/p>\n<p>\u201ePot\u0159ebujete firemn\u00ed auto jen ob\u010das a je pro v\u00e1s zbyte\u010dn\u011b drah\u00e9 po\u0159izovat a udr\u017eovat firemn\u00ed flotilu? Jste nuceni n\u00e1razov\u011b doplnit vyt\u00ed\u017een\u00fd vozov\u00fd park kv\u016fli zv\u00fd\u0161en\u00e9 popt\u00e1vce zam\u011bstnanc\u016f po vyu\u017eit\u00ed aut? M\u00e1te dlouh\u00e9 term\u00edny dod\u00e1n\u00ed nov\u00fdch firemn\u00edch aut, a p\u0159esto mus\u00edte v mezi\u010dase jezdit? Pak je pro v\u00e1s mo\u017en\u00fdm \u0159e\u0161en\u00edm slu\u017eba Anytime Business. Plat\u00edte u n\u00ed jen za \u010das, kdy auta skute\u010dn\u011b pou\u017e\u00edv\u00e1te, a nemus\u00edte \u0159e\u0161it \u017e\u00e1dn\u00fd m\u011bs\u00ed\u010dn\u00ed poplatek nebo depozit,\u201c p\u0159edstavuje novou slu\u017ebu Milan Beutl, \u0159editel \u010desk\u00e9ho zastoupen\u00ed Anytime Carsharing.<\/p>\n<p><img loading=\"lazy\" decoding=\"async\" class=\"alignnone wp-image-75871\" src=\"http:\/\/www.automakersnews.cz\/wp-content\/uploads\/2023\/08\/anytime_business_11-2-small-1-300x168.jpg\" alt=\"\" width=\"875\" height=\"490\" srcset=\"https:\/\/www.automakersnews.cz\/wp-content\/uploads\/2023\/08\/anytime_business_11-2-small-1-300x168.jpg 300w, https:\/\/www.automakersnews.cz\/wp-content\/uploads\/2023\/08\/anytime_business_11-2-small-1-678x381.jpg 678w, https:\/\/www.automakersnews.cz\/wp-content\/uploads\/2023\/08\/anytime_business_11-2-small-1.jpg 720w\" sizes=\"auto, (max-width: 875px) 100vw, 875px\" \/><\/p>\n<p>Dal\u0161\u00ed v\u00fdhodou je tak\u00e9 snaz\u0161\u00ed parkov\u00e1n\u00ed, mo\u017enost ukon\u010dit pron\u00e1jem vozu lze toti\u017e v Praze kdekoli na modr\u00e9 \u010di fialov\u00e9 z\u00f3n\u011b. Novou slu\u017ebu ocen\u00ed zajist\u00e9 firmy nejen v Praze, ale tak\u00e9 v Brn\u011b, Kladn\u011b a jejich okol\u00ed. Firma se slu\u017ebou Anytime Business u\u0161et\u0159\u00ed za po\u0159\u00edzen\u00ed a provoz firemn\u00edch aut. M\u00e1 v\u017edy k dispozici p\u0159esn\u011b tolik voz\u016f, kolik pot\u0159ebuje, nemus\u00ed se k ni\u010demu zavazovat a slu\u017ebu m\u016f\u017ee kdykoli p\u0159eru\u0161it nebo zru\u0161it. Jednodu\u0161e m\u00e1 tak\u00e9 p\u0159ehled o n\u00e1kladech na pracovn\u00ed cesty. V dob\u011b boje o zam\u011bstnance a budov\u00e1n\u00ed ekologick\u00e9 firemn\u00ed kultury mohou zam\u011bstnavatel\u00e9 tento zp\u016fsob dopravy v neposledn\u00ed \u0159ad\u011b vyu\u017e\u00edt jako zam\u011bstnaneck\u00fd benefit, kter\u00fd nav\u00edc \u0161et\u0159\u00ed \u017eivotn\u00ed prost\u0159ed\u00ed.<\/p>\n<p>Slu\u017eba Anytime Business p\u0159in\u00e1\u0161\u00ed firm\u011b stovky spolehliv\u00fdch voz\u016f zcela bez z\u00e1vazku. Je to slu\u017eba vhodn\u00e1 pro v\u0161echny typy spole\u010dnost\u00ed, zejm\u00e9na v\u0161ak pro mal\u00e9 a st\u0159edn\u00ed firmy, je\u017e auto pot\u0159ebuj\u00ed pouze ob\u010das nebo nev\u011bd\u00ed, kolik voz\u016f budou a kdy re\u00e1ln\u011b pot\u0159ebovat. Slu\u017eba je vhodn\u00e1 nap\u0159\u00edklad pro startup spole\u010dnosti, kreativn\u00ed a komunika\u010dn\u00ed agentury, IT firmy, designov\u00e1 a architektonick\u00e1 studia, r\u016fzn\u00e9 poradensk\u00e9 firmy, prodejce a podobn\u011b.<\/p>\n<p>A po\u0159\u00edzen\u00ed t\u00e9to slu\u017eby je nav\u00edc velmi jednoduch\u00e9. \u201eAnytime vytvo\u0159\u00ed firemn\u00ed profil, kam p\u0159id\u00e1 zam\u011bstnance firmy. U\u017eivatel slu\u017eby si pak m\u016f\u017ee libovoln\u011b p\u0159ep\u00ednat mezi firemn\u00edm a soukrom\u00fdm profilem a firma dost\u00e1v\u00e1 pravideln\u00e9 v\u00fdpisy slu\u017eebn\u00edch j\u00edzd, kde vid\u00ed informace o v\u0161ech j\u00edzd\u00e1ch, v\u010detn\u011b vzd\u00e1lenosti, \u010dasu j\u00edzdy, ceny a \u0159idi\u010de,\u201c uzav\u00edr\u00e1 Milan Beutl.<\/p>\n<p><img loading=\"lazy\" decoding=\"async\" class=\"alignnone wp-image-75872\" src=\"http:\/\/www.automakersnews.cz\/wp-content\/uploads\/2023\/08\/Aplikace_Anytime_carsharing-small-2-300x200.jpg\" alt=\"\" width=\"908\" height=\"605\" srcset=\"https:\/\/www.automakersnews.cz\/wp-content\/uploads\/2023\/08\/Aplikace_Anytime_carsharing-small-2-300x200.jpg 300w, https:\/\/www.automakersnews.cz\/wp-content\/uploads\/2023\/08\/Aplikace_Anytime_carsharing-small-2.jpg 720w\" sizes=\"auto, (max-width: 908px) 100vw, 908px\" \/><\/p>\n","protected":false},"excerpt":{"rendered":"<div class=\"mh-excerpt\"><p>Mal\u00fdm a st\u0159edn\u00edm firm\u00e1m, kter\u00e9 vyu\u017e\u00edvaj\u00ed automobil jen ob\u010das nebo nev\u011bd\u00ed, kolik v dan\u00e9m obdob\u00ed budou automobil\u016f pot\u0159ebovat, se m\u016f\u017ee vyplatit zauva\u017eovat o nov\u00e9 slu\u017eb\u011b <a class=\"mh-excerpt-more\" href=\"https:\/\/www.automakersnews.cz\/index.php\/2023\/08\/08\/anytime-ma-novou-sluzbu-pro-firmy\/\" title=\"Anytime m\u00e1 novou slu\u017ebu pro firmy\">[&#8230;]<\/a><\/p>\n<\/div>","protected":false},"author":4,"featured_media":75870,"comment_status":"open","ping_status":"open","sticky":false,"template":"","format":"standard","meta":{"footnotes":""},"categories":[2],"tags":[],"class_list":["post-75869","post","type-post","status-publish","format-standard","has-post-thumbnail","hentry","category-news"],"_links":{"self":[{"href":"https:\/\/www.automakersnews.cz\/index.php\/wp-json\/wp\/v2\/posts\/75869","targetHints":{"allow":["GET"]}}],"collection":[{"href":"https:\/\/www.automakersnews.cz\/index.php\/wp-json\/wp\/v2\/posts"}],"about":[{"href":"https:\/\/www.automakersnews.cz\/index.php\/wp-json\/wp\/v2\/types\/post"}],"author":[{"embeddable":true,"href":"https:\/\/www.automakersnews.cz\/index.php\/wp-json\/wp\/v2\/users\/4"}],"replies":[{"embeddable":true,"href":"https:\/\/www.automakersnews.cz\/index.php\/wp-json\/wp\/v2\/comments?post=75869"}],"version-history":[{"count":0,"href":"https:\/\/www.automakersnews.cz\/index.php\/wp-json\/wp\/v2\/posts\/75869\/revisions"}],"wp:featuredmedia":[{"embeddable":true,"href":"https:\/\/www.automakersnews.cz\/index.php\/wp-json\/wp\/v2\/media\/75870"}],"wp:attachment":[{"href":"https:\/\/www.automakersnews.cz\/index.php\/wp-json\/wp\/v2\/media?parent=75869"}],"wp:term":[{"taxonomy":"category","embeddable":true,"href":"https:\/\/www.automakersnews.cz\/index.php\/wp-json\/wp\/v2\/categories?post=75869"},{"taxonomy":"post_tag","embeddable":true,"href":"https:\/\/www.automakersnews.cz\/index.php\/wp-json\/wp\/v2\/tags?post=75869"}],"curies":[{"name":"wp","href":"https:\/\/api.w.org\/{rel}","templated":true}]}}