{"id":76278,"date":"2023-08-08T07:40:08","date_gmt":"2023-08-08T07:40:08","guid":{"rendered":"https:\/\/www.automakersnews.cz\/?p=76278"},"modified":"2023-08-08T07:40:08","modified_gmt":"2023-08-08T07:40:08","slug":"skoda-partnerem-zavodu-road-classics","status":"publish","type":"post","link":"https:\/\/www.automakersnews.cz\/index.php\/2023\/08\/08\/skoda-partnerem-zavodu-road-classics\/","title":{"rendered":"\u0160koda partnerem z\u00e1vodu Road Classics"},"content":{"rendered":"<div class=\"entry-summary\">\n<p><strong>\u0160koda ohl\u00e1sila novou spolupr\u00e1ci s dal\u0161\u00ed cyklistickou akc\u00ed. Z\u00e1vod Road Classics, kter\u00fd 16. z\u00e1\u0159\u00ed zavede \u00fa\u010dastn\u00edky na 107kilometrov\u00fd okruh v okol\u00ed Liberce, vyu\u017eije dom\u00e1c\u00ed zastoupen\u00ed mladoboleslavsk\u00e9 automobilky zejm\u00e9na pro podporu \u00fazk\u00e9ho spojen\u00ed zna\u010dky s cyklistikou a propagaci elektromobility.<\/strong><\/p>\n<\/div>\n<p><!--more--><\/p>\n<div class=\"entry-content\">\n<p><strong>Zaji\u0161t\u011bn\u00ed jako p\u0159i skute\u010dn\u00e9m z\u00e1vod\u011b, ale otev\u0159eno pro \u0161irokou ve\u0159ejnost<\/strong><\/p>\n<p>J\u00edzda na kole m\u00e1 v\u00a0\u010cesku obrovskou tradici a silni\u010dn\u00ed cyklistika u\u017e d\u00e1vno nen\u00ed jen n\u00e1strojem pro sportovn\u00ed v\u00fdkon nebo z\u00e1vodem na \u010das. Stal se z\u00a0n\u00ed pojem s\u00a0v\u00fdrazn\u00fdm komunitn\u00edm p\u0159esahem, kter\u00fd zahrnuje t\u0159eba i skv\u011blou gastronomii a prostor pro spojen\u00ed s um\u011bn\u00edm, designem \u010di m\u00f3dou. A pr\u00e1v\u011b propojov\u00e1n\u00ed v\u0161ech zm\u00edn\u011bn\u00fdch oblast\u00ed je\u00a0hlavn\u00ed my\u0161lenkou projektu Road Classics, kter\u00fd chce nab\u00eddnout celoro\u010dn\u00ed ucelen\u00fd koncept z\u00e1\u017eitk\u016f se silni\u010dn\u00edm koelm. Seri\u00e1l zavede \u00fa\u010dastn\u00edky na ta nejzaj\u00edmav\u011bj\u0161\u00ed m\u00edsta po cel\u00e9 republice \u2013 tzv. monumenty.<\/p>\n<p>V\u0161echny monumenty bude mo\u017en\u00e9 zdolat s komfortem kompletn\u011b uzav\u0159en\u00fdch tras. Od za\u010d\u00e1tku se po\u010d\u00edt\u00e1 se dv\u011bma form\u00e1ty \u2013 \u0161vihem a\u00a0z\u00e1vodem. Prvn\u00ed je ur\u010den pro jezdce, kte\u0159\u00ed nemaj\u00ed z\u00e1vodnick\u00e9 ambice a cht\u011bj\u00ed se sp\u00ed\u0161 kochat krajinou. Druh\u00fd vyu\u017eij\u00ed ambici\u00f3zn\u011bj\u0161\u00ed cyklisti, kte\u0159\u00ed cht\u011bj\u00ed uk\u00e1zat svou formu a pom\u00fd\u0161lej\u00ed na stupn\u011b v\u00edt\u011bz\u016f.<\/p>\n<p><strong>Letos v\u00a0z\u00e1\u0159\u00ed nult\u00fd ro\u010dn\u00edk, p\u0159\u00ed\u0161t\u00ed rok plnohodnotn\u00fd seri\u00e1l<\/strong><br \/>\nPeloton Road Classics se d\u00e1 poprv\u00e9 do pohybu u\u017e letos 16. z\u00e1\u0159\u00ed v Liberci. P\u016fjde o velk\u00fd silni\u010dn\u00ed z\u00e1vod po vzoru jednodenn\u00edch presti\u017en\u00edch z\u00e1vod\u016f, takzvan\u00fdch p\u011bti monument\u016f. \u00da\u010dastn\u00edci projedou ikonick\u00fdmi m\u00edsty Jizersk\u00fdch hor a vrcholem bude v\u00fdjezd na legend\u00e1rn\u00ed Je\u0161t\u011bd \u2013 shodou okolnost\u00ed v dob\u011b oslav 50. v\u00fdro\u010d\u00ed od otev\u0159en\u00ed p\u016fsobiv\u00e9 stavby na jeho vrcholu.<\/p>\n<p>Na trase dlouh\u00e9 107 km, kter\u00e1 obsahuje 3 m\u011b\u0159en\u00e9 segmenty, jezdci nastoupaj\u00ed 2350 v\u00fd\u0161kov\u00fdch metr\u016f. P\u016fjde o p\u0159edkrm p\u0159ed ro\u010dn\u00edkem 2024, kdy Road Classics nab\u00eddne ji\u017e plnohodnotn\u00fd form\u00e1t seri\u00e1lu s n\u011bkolika monumenty po cel\u00e9 republice.<\/p>\n<p><strong>\u0160koda Auto vystav\u00ed na m\u00edst\u011b sv\u00e9 vozy i cyklistick\u00e9 p\u0159\u00edslu\u0161enstv\u00ed<\/strong><br \/>\n\u0160koda Auto bude vid\u011bt nejen v Liberci, ale i na vybran\u00fdch m\u00edstech pod\u00e9l trati. P\u0159ed pelotonem pojede reklamn\u00ed karavana slo\u017een\u00e1 ze 3 voz\u016f \u0160koda Enyaq, z nich\u017e ten prvn\u00ed bude m\u00edt na st\u0159e\u0161e velk\u00e9ho maskota. Karavana se\u00a0na\u00a0vybran\u00fdch m\u00edstech pod\u00e9l trasy zastav\u00ed a rozd\u00e1 fanou\u0161k\u016fm d\u00e1rkov\u00e9 p\u0159edm\u011bty.<\/p>\n<p>Dal\u0161\u00ed vozy mladoboleslavsk\u00e9 automobilky budou vyu\u017eity k zaji\u0161t\u011bn\u00ed z\u00e1vodu. Nov\u00e9 modely \u0160koda budou tak\u00e9 pro n\u00e1v\u0161t\u011bvn\u00edky vystaveny na\u00a0podest\u00e1ch \u2013 dva u startu v Liberci a jeden na vrcholu Je\u0161t\u011bdu. V centru Liberce bude m\u00edt \u0160koda Auto z\u00f3nu se\u00a0dv\u011bma stany, kam mohou zav\u00edtat fanou\u0161ci cyklistiky i ostatn\u00ed n\u00e1v\u0161t\u011bvn\u00edci.<\/p>\n<p>V jednom si mohou vyzkou\u0161et cyklosimul\u00e1tory s\u00a0aplikac\u00ed Rouvy, ve druh\u00e9m prohl\u00e9dnout kolekci cyklistick\u00e9ho vybaven\u00ed a p\u0159\u00edslu\u0161enstv\u00ed. Na m\u00edst\u011b se\u00a0bude pohybovat i\u00a0maskot WeLoveCycling.cz, kter\u00fd je velice \u010derstv\u011b sou\u010d\u00e1st\u00ed t\u00fdmu, ale ji\u017e nyn\u00ed se t\u011b\u0161\u00ed velik\u00e9 popularit\u011b.<\/p>\n<figure id=\"attachment_62836\" aria-describedby=\"caption-attachment-62836\" style=\"width: 1024px\" class=\"wp-caption alignnone\"><img loading=\"lazy\" decoding=\"async\" class=\"size-large wp-image-62836\" src=\"http:\/\/www.automakersnews.cz\/wp-content\/uploads\/2023\/07\/skoda-tour-de-france-1-small-1024x683.jpg\" alt=\"\" width=\"1024\" height=\"683\" srcset=\"https:\/\/www.automakersnews.cz\/wp-content\/uploads\/2023\/07\/skoda-tour-de-france-1-small-1024x683.jpg 1024w, https:\/\/www.automakersnews.cz\/wp-content\/uploads\/2023\/07\/skoda-tour-de-france-1-small-300x200.jpg 300w, https:\/\/www.automakersnews.cz\/wp-content\/uploads\/2023\/07\/skoda-tour-de-france-1-small-768x512.jpg 768w, https:\/\/www.automakersnews.cz\/wp-content\/uploads\/2023\/07\/skoda-tour-de-france-1-small-1536x1024.jpg 1536w, https:\/\/www.automakersnews.cz\/wp-content\/uploads\/2023\/07\/skoda-tour-de-france-1-small.jpg 2048w\" sizes=\"auto, (max-width: 1024px) 100vw, 1024px\" \/><figcaption id=\"caption-attachment-62836\" class=\"wp-caption-text\">\u0160koda podporuje cyklistiku u\u017e dlouh\u00e1 l\u00e9ta p\u0159edev\u0161\u00edm v r\u00e1mci sponzoringu Tour de France<\/figcaption><\/figure>\n<\/div>\n","protected":false},"excerpt":{"rendered":"<div class=\"mh-excerpt\"><p>\u0160koda ohl\u00e1sila novou spolupr\u00e1ci s dal\u0161\u00ed cyklistickou akc\u00ed. Z\u00e1vod Road Classics, kter\u00fd 16. z\u00e1\u0159\u00ed zavede \u00fa\u010dastn\u00edky na 107kilometrov\u00fd okruh v okol\u00ed Liberce, vyu\u017eije dom\u00e1c\u00ed zastoupen\u00ed <a class=\"mh-excerpt-more\" href=\"https:\/\/www.automakersnews.cz\/index.php\/2023\/08\/08\/skoda-partnerem-zavodu-road-classics\/\" title=\"\u0160koda partnerem z\u00e1vodu Road Classics\">[&#8230;]<\/a><\/p>\n<\/div>","protected":false},"author":1,"featured_media":76279,"comment_status":"open","ping_status":"open","sticky":false,"template":"","format":"standard","meta":{"footnotes":""},"categories":[18],"tags":[],"class_list":["post-76278","post","type-post","status-publish","format-standard","has-post-thumbnail","hentry","category-sponzoring"],"_links":{"self":[{"href":"https:\/\/www.automakersnews.cz\/index.php\/wp-json\/wp\/v2\/posts\/76278","targetHints":{"allow":["GET"]}}],"collection":[{"href":"https:\/\/www.automakersnews.cz\/index.php\/wp-json\/wp\/v2\/posts"}],"about":[{"href":"https:\/\/www.automakersnews.cz\/index.php\/wp-json\/wp\/v2\/types\/post"}],"author":[{"embeddable":true,"href":"https:\/\/www.automakersnews.cz\/index.php\/wp-json\/wp\/v2\/users\/1"}],"replies":[{"embeddable":true,"href":"https:\/\/www.automakersnews.cz\/index.php\/wp-json\/wp\/v2\/comments?post=76278"}],"version-history":[{"count":0,"href":"https:\/\/www.automakersnews.cz\/index.php\/wp-json\/wp\/v2\/posts\/76278\/revisions"}],"wp:featuredmedia":[{"embeddable":true,"href":"https:\/\/www.automakersnews.cz\/index.php\/wp-json\/wp\/v2\/media\/76279"}],"wp:attachment":[{"href":"https:\/\/www.automakersnews.cz\/index.php\/wp-json\/wp\/v2\/media?parent=76278"}],"wp:term":[{"taxonomy":"category","embeddable":true,"href":"https:\/\/www.automakersnews.cz\/index.php\/wp-json\/wp\/v2\/categories?post=76278"},{"taxonomy":"post_tag","embeddable":true,"href":"https:\/\/www.automakersnews.cz\/index.php\/wp-json\/wp\/v2\/tags?post=76278"}],"curies":[{"name":"wp","href":"https:\/\/api.w.org\/{rel}","templated":true}]}}