{"id":77003,"date":"2023-08-09T07:14:44","date_gmt":"2023-08-09T07:14:44","guid":{"rendered":"https:\/\/www.automakersnews.cz\/?p=77003"},"modified":"2023-08-09T07:15:16","modified_gmt":"2023-08-09T07:15:16","slug":"coi-pokutovala-autobazar-autoesa","status":"publish","type":"post","link":"https:\/\/www.automakersnews.cz\/index.php\/2023\/08\/09\/coi-pokutovala-autobazar-autoesa\/","title":{"rendered":"\u010cOI pokutovala autobazar AutoESA"},"content":{"rendered":"<p><strong><span class=\"e1id1 e4id1 advancedHighlight\" data-id=\"0\" data-classic=\"false\">\u010cesk\u00e1<\/span>\u00a0<span class=\"e1id1 e4id1 advancedHighlight\" data-id=\"0\" data-classic=\"false\">obchodn\u00ed<\/span>\u00a0<span class=\"e1id1 e4id1 advancedHighlight\" data-id=\"0\" data-classic=\"false\">inspekce<\/span>\u00a0(<span class=\"e1id1 e4id1 advancedHighlight\" data-id=\"0\" data-classic=\"false\">\u010cOI<\/span>) ulo\u017eila autobazaru <span class=\"e1id0 e4id0 advancedHighlight\" data-id=\"5\" data-classic=\"false\">Auto<\/span><span class=\"e1id0 e4id0 advancedHighlight SearchKeywordHighlight\" data-id=\"6\" data-classic=\"true\">ESA<\/span>\u00a0<span class=\"advancedHighlight SearchKeywordHighlight\" data-classic=\"true\">pokutu<\/span> za s\u00e9rii p\u0159estupk\u016f. Inspekto\u0159i je odhalili v roce 2021 a 2022 a to jak v internetov\u00e9m obchod\u011b bazaru, tak na jeho prodejn\u00ed plo\u0161e. Informace p\u0159in\u00e1\u0161\u00ed Kverulant.org d\u00edky sv\u00e9mu dotazu dle z\u00e1kona o svobodn\u00e9m p\u0159\u00edstupu k informac\u00edm.<\/strong><!--more--><\/p>\n<p>Aktu\u00e1ln\u00ed\u00a0<span class=\"advancedHighlight SearchKeywordHighlight\" data-classic=\"true\">pokuta<\/span>\u00a0400 000 korun, kterou\u00a0<span class=\"e1id1 e4id1 advancedHighlight\" data-id=\"0\" data-classic=\"false\">\u010cOI<\/span>\u00a0vym\u011b\u0159ila\u00a0<span class=\"e1id0 e4id0 advancedHighlight\" data-id=\"5\" data-classic=\"false\">Auto<\/span><span class=\"e1id0 e4id0 advancedHighlight SearchKeywordHighlight\" data-id=\"6\" data-classic=\"true\">ESA<\/span>, nen\u00ed jedin\u00fdm reputa\u010dn\u00edm probl\u00e9mem bazaru.<\/p>\n<p><strong>Dopl\u0148kov\u00e9 slu\u017eby<\/strong><\/p>\n<p>V listopadu 2021 si z\u00e1stupce\u00a0<span class=\"e1id1 e4id1 advancedHighlight\" data-id=\"0\" data-classic=\"false\">\u010cOI<\/span>\u00a0v are\u00e1lu pra\u017esk\u00e9 pobo\u010dky\u00a0<span class=\"e1id0 e4id0 advancedHighlight\" data-id=\"5\" data-classic=\"false\">Auto<\/span><span class=\"e1id0 e4id0 advancedHighlight SearchKeywordHighlight\" data-id=\"6\" data-classic=\"true\">ESA<\/span>\u00a0vybral\u00a0<span class=\"e3id1 advancedHighlight\" data-id=\"34\" data-classic=\"false\">Opel<\/span>\u00a0<span class=\"e3id1 advancedHighlight\" data-id=\"34\" data-classic=\"false\">Astra<\/span>\u00a0s cenovkou 256 000 K\u010d. Jen\u017ee kdy\u017e \u0161el podepsat smlouvu o koupi, cena auta se zvedla \u2013 objevily se toti\u017e \u201cdopl\u0148kov\u00e9 slu\u017eby\u201d za t\u00e9m\u011b\u0159 7000 korun. Prodejce jednak nedok\u00e1zal specifikovat co p\u0159esn\u011b pojem znamen\u00e1, a co h\u016f\u0159, bez t\u011bchto slu\u017eeb se v\u016fz nedal po\u0159\u00eddit. Jde o klamav\u00e9 obchodn\u00ed praktiky, konstatuje\u00a0<span class=\"e1id1 e4id1 advancedHighlight\" data-id=\"0\" data-classic=\"false\">\u010cOI<\/span>.<\/p>\n<p><strong>Nehavarovan\u00fd v\u016fz s dvouzonovou klimatizac\u00ed?<\/strong><\/p>\n<p>Zdra\u017een\u00ed vybran\u00e9 astry p\u0159i podpisu smlouvy bohu\u017eel nebylo jedin\u00fdm p\u0159estupkem. Prod\u00e1vaj\u00edc\u00ed v inzerci i p\u0159i prohl\u00eddce vozu zapomn\u011bl sd\u011blit, \u017ee vozidlo bylo opraven\u00e9 po hav\u00e1rii. Objevilo se to a\u017e p\u0159i podpisu kupn\u00ed smlouvy. V p\u0159\u00edloze smlouvy, v protokolu o stavu vozidla se nav\u00edc uk\u00e1zalo, \u017ee v\u016fz \u017e\u00e1dnou (inzerovanou) dvouz\u00f3novou klimatizaci ani vyh\u0159\u00edvan\u00e1 sedadla nem\u00e1. V protokolu se nav\u00edc autobazar z\u0159ekl odpov\u011bdnosti z funkce \u0159ady d\u016fle\u017eit\u00fdch komponent\u016f: imobiliz\u00e9ru, katalyz\u00e1toru, filtru pevn\u00fdch \u010d\u00e1stic, z\u00e1dr\u017en\u00fdch syst\u00e9m\u016f, airbag\u016f, sedadel, za\u0159\u00edzen\u00ed LPG\/CNG, v\u00fdh\u0159evu skel, zrc\u00e1tek, klimatizace i r\u00e1dia.<\/p>\n<p><strong>Neexistuj\u00edc\u00ed vozy<\/strong><\/p>\n<p>Od listopadu 2021 a\u017e do \u00fanora 2022 si pak na\u00a0<span class=\"e1id1 e4id1 advancedHighlight\" data-id=\"0\" data-classic=\"false\">\u010cOI<\/span>\u00a0d\u011blali printscreeny z webov\u00e9 nab\u00eddky\u00a0<span class=\"e1id0 e4id0 advancedHighlight\" data-id=\"5\" data-classic=\"false\">Auto<\/span><span class=\"e1id0 e4id0 advancedHighlight SearchKeywordHighlight\" data-id=\"6\" data-classic=\"true\">ESA<\/span>. To proto, \u017ee je se zaj\u00edmali o modrou, pak taky t\u0159eba b\u00edlou okt\u00e1vku jindy o st\u0159\u00edbrn\u00fd jindy zase modr\u00fd passat. V\u017edy \u0161lo o auto byla s atraktivn\u00ed v\u00fdbavou a nejspolehliv\u011bj\u0161\u00edmi, z\u00e1rove\u0148 \u00fasporn\u00fdmi motory, z\u00e1rove\u0148 s n\u00edzk\u00fdmi n\u00e1jezdy kilometr\u016f a samoz\u0159ejm\u011b za super pen\u00edze. Jak u\u017e tu\u0161\u00edte, tato auta nebyla k dispozici \u2013 ov\u0161em bazarist\u00e9 umn\u011b nab\u00eddli stroj cca \u201evelmi podobn\u00fd\u201d.<\/p>\n<p><img loading=\"lazy\" decoding=\"async\" class=\"alignnone size-full wp-image-68768\" src=\"http:\/\/www.automakersnews.cz\/wp-content\/uploads\/2023\/07\/Auto-ESA-1.jpg\" alt=\"\" width=\"1000\" height=\"667\" srcset=\"https:\/\/www.automakersnews.cz\/wp-content\/uploads\/2023\/07\/Auto-ESA-1.jpg 1000w, https:\/\/www.automakersnews.cz\/wp-content\/uploads\/2023\/07\/Auto-ESA-1-300x200.jpg 300w, https:\/\/www.automakersnews.cz\/wp-content\/uploads\/2023\/07\/Auto-ESA-1-768x512.jpg 768w\" sizes=\"auto, (max-width: 1000px) 100vw, 1000px\" \/><\/p>\n","protected":false},"excerpt":{"rendered":"<div class=\"mh-excerpt\"><p>\u010cesk\u00e1\u00a0obchodn\u00ed\u00a0inspekce\u00a0(\u010cOI) ulo\u017eila autobazaru AutoESA\u00a0pokutu za s\u00e9rii p\u0159estupk\u016f. Inspekto\u0159i je odhalili v roce 2021 a 2022 a to jak v internetov\u00e9m obchod\u011b bazaru, tak na jeho <a class=\"mh-excerpt-more\" href=\"https:\/\/www.automakersnews.cz\/index.php\/2023\/08\/09\/coi-pokutovala-autobazar-autoesa\/\" title=\"\u010cOI pokutovala autobazar AutoESA\">[&#8230;]<\/a><\/p>\n<\/div>","protected":false},"author":1,"featured_media":64690,"comment_status":"open","ping_status":"open","sticky":false,"template":"","format":"standard","meta":{"footnotes":""},"categories":[40],"tags":[],"class_list":["post-77003","post","type-post","status-publish","format-standard","has-post-thumbnail","hentry","category-bazary"],"_links":{"self":[{"href":"https:\/\/www.automakersnews.cz\/index.php\/wp-json\/wp\/v2\/posts\/77003","targetHints":{"allow":["GET"]}}],"collection":[{"href":"https:\/\/www.automakersnews.cz\/index.php\/wp-json\/wp\/v2\/posts"}],"about":[{"href":"https:\/\/www.automakersnews.cz\/index.php\/wp-json\/wp\/v2\/types\/post"}],"author":[{"embeddable":true,"href":"https:\/\/www.automakersnews.cz\/index.php\/wp-json\/wp\/v2\/users\/1"}],"replies":[{"embeddable":true,"href":"https:\/\/www.automakersnews.cz\/index.php\/wp-json\/wp\/v2\/comments?post=77003"}],"version-history":[{"count":0,"href":"https:\/\/www.automakersnews.cz\/index.php\/wp-json\/wp\/v2\/posts\/77003\/revisions"}],"wp:featuredmedia":[{"embeddable":true,"href":"https:\/\/www.automakersnews.cz\/index.php\/wp-json\/wp\/v2\/media\/64690"}],"wp:attachment":[{"href":"https:\/\/www.automakersnews.cz\/index.php\/wp-json\/wp\/v2\/media?parent=77003"}],"wp:term":[{"taxonomy":"category","embeddable":true,"href":"https:\/\/www.automakersnews.cz\/index.php\/wp-json\/wp\/v2\/categories?post=77003"},{"taxonomy":"post_tag","embeddable":true,"href":"https:\/\/www.automakersnews.cz\/index.php\/wp-json\/wp\/v2\/tags?post=77003"}],"curies":[{"name":"wp","href":"https:\/\/api.w.org\/{rel}","templated":true}]}}