{"id":77034,"date":"2023-08-09T08:07:05","date_gmt":"2023-08-09T08:07:05","guid":{"rendered":"https:\/\/www.automakersnews.cz\/?p=77034"},"modified":"2023-08-09T08:10:34","modified_gmt":"2023-08-09T08:10:34","slug":"barum-rally-zlin-letos-s-rozpoctem-31-milionu","status":"publish","type":"post","link":"https:\/\/www.automakersnews.cz\/index.php\/2023\/08\/09\/barum-rally-zlin-letos-s-rozpoctem-31-milionu\/","title":{"rendered":"Barum Rally letos s rozpo\u010dtem 31 milion\u016f"},"content":{"rendered":"<p><strong>S\u00e1l Grand Prix Autoklubu \u010cR hostil 8. srpna tiskovou konferenci k nadch\u00e1zej\u00edc\u00edmu ro\u010dn\u00edku Barum\u00a0Czech Rally Zl\u00edn\u00a0a\u00a0<\/strong><b>MORKUS MORAVA FIA Mistrovstv\u00ed Evropy v autokrosu v P\u0159erov\u011b. \u010casopis Automakers se ptal na finan\u010dn\u00ed zaji\u0161t\u011bn\u00ed Barumky.<br \/>\n<\/b><!--more--><\/p>\n<div>\n<p class=\"xmprfx_MsoNormal\">Organiz\u00e1to\u0159i sezn\u00e1mili novin\u00e1\u0159e deset dn\u00ed p\u0159ed kon\u00e1nim rally s aktu\u00e1lnim stavem p\u0159\u00edprav leto\u0161niho 52. ro\u010dniku z\u00e1vodu (18. \u2013 20. srpna 2023), kter\u00fd se pojede op\u011bt jako sou\u010d\u00e1st serialu FIA Mistrovstvi Evropy jezdcu v rally (ERC) a z\u00e1rove\u0148 jako PSG Mistrovstv\u00ed \u010cesk\u00e9 republiky v rally 2023 (MCR).<\/p>\n<p>Jeden\u00e1ct dn\u016f p\u0159ed startem po\u0159adatel\u00e9 odtajnili seznam p\u0159ihl\u00e1\u0161en\u00fdch pos\u00e1dek, na start se m\u016f\u017ee postavit celkem 114 pos\u00e1dek z 22 st\u00e1t\u016f.<\/p>\n<p><strong>Akci letos dotuje N\u00e1rodn\u00ed sportovn\u00ed agentura<\/strong><\/p>\n<p>Na rozd\u00edl od lo\u0148sk\u00e9ho roku, kdy na tiskov\u00e9 konferenci je\u0161t\u011b padaly dotazy na nedostate\u010dn\u00e9 finan\u010dn\u00ed zaji\u0161t\u011bn\u00ed akce, letos pen\u00edze jsou.<\/p>\n<p>&#8222;Barumka p\u0159ed covidem hospoda\u0159ila s rozpo\u010dtem kolem deseti mili\u00f3n\u016f korun, po p\u0159\u00edchodu promot\u00e9ra se rozpo\u010det zv\u011bt\u0161il na 31 milion\u016f korun. Z toho p\u0159es 12 milion\u016f korun letos profinancuje N\u00e1rodn\u00ed sportovn\u00ed agentura, zbytek p\u0159ijde od sponzor\u016f, vstupn\u00e9ho, startovn\u00e9ho a dal\u0161\u00edch zdroj\u016f,&#8220; \u0159ekl n\u00e1m \u0159editel z\u00e1vodu Jan Regner.<\/p>\n<p>Barumce finan\u010dn\u011b o\u010dividn\u011b prosp\u011bla skute\u010dnost, \u0159e \u010cesko letos nepo\u0159\u00e1d\u00e1 \u017e\u00e1dn\u00e9 mistrovstv\u00ed sv\u011bta, a tak zbyly prost\u0159edky na jindy opom\u00edjen\u00fd motorismus.<\/p>\n<p><img loading=\"lazy\" decoding=\"async\" class=\"alignnone size-large wp-image-77037\" src=\"http:\/\/www.automakersnews.cz\/wp-content\/uploads\/2023\/08\/Barum-Rally-Regner-TK-2023-1024x768.jpg\" alt=\"\" width=\"1024\" height=\"768\" srcset=\"https:\/\/www.automakersnews.cz\/wp-content\/uploads\/2023\/08\/Barum-Rally-Regner-TK-2023-1024x768.jpg 1024w, https:\/\/www.automakersnews.cz\/wp-content\/uploads\/2023\/08\/Barum-Rally-Regner-TK-2023-300x225.jpg 300w, https:\/\/www.automakersnews.cz\/wp-content\/uploads\/2023\/08\/Barum-Rally-Regner-TK-2023-768x576.jpg 768w, https:\/\/www.automakersnews.cz\/wp-content\/uploads\/2023\/08\/Barum-Rally-Regner-TK-2023-1536x1152.jpg 1536w, https:\/\/www.automakersnews.cz\/wp-content\/uploads\/2023\/08\/Barum-Rally-Regner-TK-2023-678x509.jpg 678w, https:\/\/www.automakersnews.cz\/wp-content\/uploads\/2023\/08\/Barum-Rally-Regner-TK-2023-326x245.jpg 326w, https:\/\/www.automakersnews.cz\/wp-content\/uploads\/2023\/08\/Barum-Rally-Regner-TK-2023-80x60.jpg 80w, https:\/\/www.automakersnews.cz\/wp-content\/uploads\/2023\/08\/Barum-Rally-Regner-TK-2023.jpg 2040w\" sizes=\"auto, (max-width: 1024px) 100vw, 1024px\" \/><\/p>\n<\/div>\n<div>\n<p class=\"xmprfx_MsoNormal\"><b>Vedle\u00a0<em>barum<\/em>ky dostali novin\u00e1\u0159i tak\u00e9 informaci k MORKUS MORAVA FIA Mistrovstv\u00ed Evropy v autokrosu v P\u0159erov\u011b<\/b>, setkan\u00ed se z\u016f\u010dastnil Mgr. Jakub Vymazal &#8211; hlavni organizator z\u00e1vodu.<\/p>\n<p><strong>Erich Handl, TK Autoklub \u010cR<\/strong><\/p>\n<\/div>\n","protected":false},"excerpt":{"rendered":"<div class=\"mh-excerpt\"><p>S\u00e1l Grand Prix Autoklubu \u010cR hostil 8. srpna tiskovou konferenci k nadch\u00e1zej\u00edc\u00edmu ro\u010dn\u00edku Barum\u00a0Czech Rally Zl\u00edn\u00a0a\u00a0MORKUS MORAVA FIA Mistrovstv\u00ed Evropy v autokrosu v P\u0159erov\u011b. \u010casopis <a class=\"mh-excerpt-more\" href=\"https:\/\/www.automakersnews.cz\/index.php\/2023\/08\/09\/barum-rally-zlin-letos-s-rozpoctem-31-milionu\/\" title=\"Barum Rally letos s rozpo\u010dtem 31 milion\u016f\">[&#8230;]<\/a><\/p>\n<\/div>","protected":false},"author":1,"featured_media":77036,"comment_status":"open","ping_status":"open","sticky":false,"template":"","format":"standard","meta":{"footnotes":""},"categories":[16,29],"tags":[],"class_list":["post-77034","post","type-post","status-publish","format-standard","has-post-thumbnail","hentry","category-motorsport","category-tiskovky"],"_links":{"self":[{"href":"https:\/\/www.automakersnews.cz\/index.php\/wp-json\/wp\/v2\/posts\/77034","targetHints":{"allow":["GET"]}}],"collection":[{"href":"https:\/\/www.automakersnews.cz\/index.php\/wp-json\/wp\/v2\/posts"}],"about":[{"href":"https:\/\/www.automakersnews.cz\/index.php\/wp-json\/wp\/v2\/types\/post"}],"author":[{"embeddable":true,"href":"https:\/\/www.automakersnews.cz\/index.php\/wp-json\/wp\/v2\/users\/1"}],"replies":[{"embeddable":true,"href":"https:\/\/www.automakersnews.cz\/index.php\/wp-json\/wp\/v2\/comments?post=77034"}],"version-history":[{"count":0,"href":"https:\/\/www.automakersnews.cz\/index.php\/wp-json\/wp\/v2\/posts\/77034\/revisions"}],"wp:featuredmedia":[{"embeddable":true,"href":"https:\/\/www.automakersnews.cz\/index.php\/wp-json\/wp\/v2\/media\/77036"}],"wp:attachment":[{"href":"https:\/\/www.automakersnews.cz\/index.php\/wp-json\/wp\/v2\/media?parent=77034"}],"wp:term":[{"taxonomy":"category","embeddable":true,"href":"https:\/\/www.automakersnews.cz\/index.php\/wp-json\/wp\/v2\/categories?post=77034"},{"taxonomy":"post_tag","embeddable":true,"href":"https:\/\/www.automakersnews.cz\/index.php\/wp-json\/wp\/v2\/tags?post=77034"}],"curies":[{"name":"wp","href":"https:\/\/api.w.org\/{rel}","templated":true}]}}