{"id":77469,"date":"2023-08-10T06:41:17","date_gmt":"2023-08-10T06:41:17","guid":{"rendered":"https:\/\/www.automakersnews.cz\/?p=77469"},"modified":"2023-08-10T06:52:42","modified_gmt":"2023-08-10T06:52:42","slug":"mazda-letos-hlasi-navrat-k-zisku","status":"publish","type":"post","link":"https:\/\/www.automakersnews.cz\/index.php\/2023\/08\/10\/mazda-letos-hlasi-navrat-k-zisku\/","title":{"rendered":"Mazda letos hl\u00e1s\u00ed n\u00e1vrat k zisku"},"content":{"rendered":"<p><strong>Mazda Motor Corporation ohl\u00e1sila finan\u010dn\u00ed a prodejn\u00ed v\u00fdsledky za prvn\u00ed \u010dtvrtlet\u00ed. Za obdob\u00ed od 1. dubna do 30. \u010dervna 2023 prodala celosv\u011btov\u011b 309 000 voz\u016f, co\u017e znamen\u00e1 meziro\u010dn\u00ed r\u016fst o 32 %.<\/strong><!--more--><\/p>\n<p>V\u00a0Evrop\u011b narostl prodej za prvn\u00ed \u010dtvrtlet\u00ed meziro\u010dn\u011b o\u00a046\u00a0procent na 44\u00a0000\u00a0voz\u016f, tr\u017en\u00ed pod\u00edl \u010din\u00ed 1,1\u00a0procenta (meziro\u010dn\u00ed r\u016fst o\u00a00,3\u00a0%). V\u00a0Severn\u00ed Americe prodeje narostly o\u00a058\u00a0procent na 95\u00a0000\u00a0voz\u016f. Na dom\u00e1c\u00edm trhu v\u00a0Japonsku prodala Mazda na 42\u00a0000\u00a0automobil\u016f, co\u017e znamen\u00e1 meziro\u010dn\u00ed r\u016fst o\u00a070\u00a0procent.<\/p>\n<p>Za prvn\u00ed \u010dtvrtinu fisk\u00e1ln\u00edho roku ohl\u00e1sila Mazda \u010dist\u00e9 tr\u017eby ve v\u00fd\u0161i 1 091\u00a0miliardy\u00a0\u00a5 (7,3\u00a0miliardy\u00a0\u20ac*) a\u00a0provozn\u00ed zisk ve v\u00fd\u0161i 30\u00a0miliard\u00a0\u00a5 (200\u00a0milion\u016f\u00a0\u20ac*). \u010cist\u00fd p\u0159\u00edjem \u010dinil 37,2\u00a0miliardy\u00a0\u00a5 (248\u00a0milion\u016f\u00a0\u20ac*).<\/p>\n<p>Pozitivn\u00ed vliv velk\u00fdch model\u016f, mezi n\u011b\u017e pat\u0159\u00ed nap\u0159\u00edklad Mazda CX-60 v\u00a0Evrop\u011b \u010di Mazda CX-90 v\u00a0Severn\u00ed Americe, vedl k\u00a0optimistick\u00fdm p\u0159edpoklad\u016fm \u2013 za cel\u00fd fisk\u00e1ln\u00ed rok \u010dek\u00e1 Mazda 1,3\u00a0milionu prodan\u00fdch voz\u016f, z\u00a0toho 189\u00a0000 v\u00a0Evrop\u011b. T\u00edm p\u00e1dem automobilka p\u0159edpov\u00edd\u00e1 za cel\u00fd fisk\u00e1ln\u00ed rok \u010dist\u00e9 tr\u017eby ve v\u00fd\u0161i 4\u00a0500\u00a0miliard\u00a0\u00a5 (32,4\u00a0miliardy\u00a0\u20ac*), provozn\u00ed zisk 180\u00a0miliard\u00a0\u00a5 (1,3\u00a0miliardy\u00a0\u20ac) a\u00a0\u010dist\u00fd zisk 130\u00a0miliard\u00a0\u00a5 (935\u00a0milion\u016f\u00a0\u20ac*).<\/p>\n<p>I\u00a0nad\u00e1le hodl\u00e1 Mazda pokra\u010dovat ve sv\u00e9 cest\u011b k\u00a0elektrifikaci, aby vyhov\u011bla st\u00e1le n\u00e1ro\u010dn\u011bj\u0161\u00edm p\u0159edpis\u016fm na ochranu \u017eivotn\u00edho prost\u0159ed\u00ed. Firma tak bude soustavn\u011b usilovat o\u00a0uhl\u00edkovou neutralitu. Do t\u00e9to strategie pat\u0159\u00ed i\u00a0nov\u00fd model MX-30 R-EV, kter\u00fd bude je\u0161t\u011b letos uveden na evropsk\u00e9 trhy coby dal\u0161\u00ed krok k\u00a0elektrifikaci Mazdy, p\u0159\u00edpadn\u011b ned\u00e1vn\u00e1 dohoda automobilky se spole\u010dnost\u00ed Panasonic Energy o\u00a0st\u0159edn\u011bdob\u00e9m a\u017e dlouhodob\u00e9m partnerstv\u00ed v\u00a0oblasti dod\u00e1vek v\u00e1lcov\u00fdch lithium-iontov\u00fdch bateri\u00ed do roku\u00a02030.<\/p>\n<p>* Mzdov\u00fd p\u0159epo\u010det za prvn\u00ed \u010dtvrtlet\u00ed vyu\u017e\u00edv\u00e1 kurz 1\u00a0\u20ac = 150\u00a0\u00a5, za cel\u00fd fisk\u00e1ln\u00ed rok pak 1\u00a0\u20ac = 139\u00a0\u00a5<\/p>\n","protected":false},"excerpt":{"rendered":"<div class=\"mh-excerpt\"><p>Mazda Motor Corporation ohl\u00e1sila finan\u010dn\u00ed a prodejn\u00ed v\u00fdsledky za prvn\u00ed \u010dtvrtlet\u00ed. Za obdob\u00ed od 1. dubna do 30. \u010dervna 2023 prodala celosv\u011btov\u011b 309 000 voz\u016f, <a class=\"mh-excerpt-more\" href=\"https:\/\/www.automakersnews.cz\/index.php\/2023\/08\/10\/mazda-letos-hlasi-navrat-k-zisku\/\" title=\"Mazda letos hl\u00e1s\u00ed n\u00e1vrat k zisku\">[&#8230;]<\/a><\/p>\n<\/div>","protected":false},"author":4,"featured_media":77470,"comment_status":"open","ping_status":"open","sticky":false,"template":"","format":"standard","meta":{"footnotes":""},"categories":[8,50],"tags":[],"class_list":["post-77469","post","type-post","status-publish","format-standard","has-post-thumbnail","hentry","category-statistika","category-vysledky"],"_links":{"self":[{"href":"https:\/\/www.automakersnews.cz\/index.php\/wp-json\/wp\/v2\/posts\/77469","targetHints":{"allow":["GET"]}}],"collection":[{"href":"https:\/\/www.automakersnews.cz\/index.php\/wp-json\/wp\/v2\/posts"}],"about":[{"href":"https:\/\/www.automakersnews.cz\/index.php\/wp-json\/wp\/v2\/types\/post"}],"author":[{"embeddable":true,"href":"https:\/\/www.automakersnews.cz\/index.php\/wp-json\/wp\/v2\/users\/4"}],"replies":[{"embeddable":true,"href":"https:\/\/www.automakersnews.cz\/index.php\/wp-json\/wp\/v2\/comments?post=77469"}],"version-history":[{"count":0,"href":"https:\/\/www.automakersnews.cz\/index.php\/wp-json\/wp\/v2\/posts\/77469\/revisions"}],"wp:featuredmedia":[{"embeddable":true,"href":"https:\/\/www.automakersnews.cz\/index.php\/wp-json\/wp\/v2\/media\/77470"}],"wp:attachment":[{"href":"https:\/\/www.automakersnews.cz\/index.php\/wp-json\/wp\/v2\/media?parent=77469"}],"wp:term":[{"taxonomy":"category","embeddable":true,"href":"https:\/\/www.automakersnews.cz\/index.php\/wp-json\/wp\/v2\/categories?post=77469"},{"taxonomy":"post_tag","embeddable":true,"href":"https:\/\/www.automakersnews.cz\/index.php\/wp-json\/wp\/v2\/tags?post=77469"}],"curies":[{"name":"wp","href":"https:\/\/api.w.org\/{rel}","templated":true}]}}