{"id":77755,"date":"2023-08-10T07:11:26","date_gmt":"2023-08-10T07:11:26","guid":{"rendered":"https:\/\/www.automakersnews.cz\/?p=77755"},"modified":"2023-08-10T07:59:53","modified_gmt":"2023-08-10T07:59:53","slug":"coface-meni-generalniho-reditele","status":"publish","type":"post","link":"https:\/\/www.automakersnews.cz\/index.php\/2023\/08\/10\/coface-meni-generalniho-reditele\/","title":{"rendered":"Coface m\u011bn\u00ed gener\u00e1ln\u00edho \u0159editele"},"content":{"rendered":"<p><strong>J\u00e1n \u010carn\u00fd, gener\u00e1ln\u00ed \u0159editel Coface pro \u010ceskou republiku a Slovensko, se po v\u00edce ne\u017e \u0161esti letech v \u010dele t\u00e9to spole\u010dnosti rozhodl, \u017ee ke konci srpna Coface opust\u00ed. Nahrad\u00ed ho Rudolf Kypta.<\/strong><span id=\"more-1805\"><\/span><!--more--><\/p>\n<p>Za dobu, kdy J\u00e1n \u010c\u00e1rn\u00fd st\u00e1l v \u010dele Coface \u010cR a SR, p\u0159isp\u011bl k jej\u00edmu rozvoji a vn\u00edman\u00ed t\u00e9to spole\u010dnosti jako d\u016fle\u017eit\u00e9ho podporovatele obchodn\u00edch aktivit \u010desk\u00fdch a slovensk\u00fdch firem. Spole\u010dnost Coface poskytuje sv\u00fdm klient\u016fm ochranu p\u0159ed riziky spojen\u00fdmi s obchodov\u00e1n\u00edm \u2013 zejm\u00e9na pak informace o finan\u010dn\u00ed stabilit\u011b odb\u011bratel\u016f, dodavatel\u016f a potenci\u00e1ln\u00edch obchodn\u00edch partner\u016f. Do portfolia jej\u00edch kl\u00ed\u010dov\u00fdch produkt\u016f pat\u0159\u00ed poji\u0161t\u011bn\u00ed pohled\u00e1vek a jejich vym\u00e1h\u00e1n\u00ed.<\/p>\n<p>V roce 2020 J\u00e1n \u010carn\u00fd tak\u00e9 \u00fasp\u011b\u0161n\u011b dokon\u010dil projekt organiza\u010dn\u00edho, procesn\u00edho a person\u00e1ln\u00edho spojen\u00ed aktivit Coface v \u010cech\u00e1ch a na Slovensku a podstatn\u011b tak optimalizoval \u010dinnosti Coface v obou zem\u00edch. \u201eD\u011bkuji J\u00e1nu \u010carn\u00e9mu za jeho v\u00fdznamn\u00fd pod\u00edl na rozvoji aktivit Coface v \u010cesku a na Slovensku a za \u00fasp\u011b\u0161n\u00fd n\u00e1r\u016fst \u010dinnost\u00ed Coface v obou zem\u00edch,\u201c uvedl Jaroslaw Jaworski, CEO regionu centr\u00e1ln\u00ed a v\u00fdchodn\u00ed Evropa spole\u010dnosti Coface.<\/p>\n<p>\u201eRozhodnut\u00ed pro m\u011b nebylo lehk\u00e9. Jsem v\u0161ak r\u00e1d, \u017ee Coface je v ve skv\u011bl\u00e9 r\u016fstov\u00e9 kondici a j\u00e1 budu m\u00edt mo\u017enost se v\u011bnovat n\u011b\u010demu nov\u00e9mu.\u00a0 Bylo pro m\u011b velmi zaj\u00edmav\u00e9 pod\u00edlet na z\u00e1sadn\u00ed zm\u011bn\u011b spole\u010dnosti Coface po jej\u00edm vstupu na pa\u0159\u00ed\u017eskou burzu v roce 2016.\u00a0 Zm\u011bny se t\u00fdkaly v\u0161ech oblast\u00ed: strategie, hodnot, proces\u016f, syst\u00e9m\u016f, organiza\u010dn\u00ed struktury a celkov\u00e9 kultury spole\u010dnosti. Komplexn\u00ed transformace spole\u010dnosti byla v\u00fdzvou pro cel\u00fd m\u016fj t\u00fdm stejn\u011b jako projekt spojen\u00ed \u010desk\u00e9ho a slovensk\u00e9ho Coface. Velkou pozornost jsme, zejm\u00e9na v posledn\u00edch dvou letech, v\u011bnovali i r\u016fstu na\u0161ich Business Intelligence produkt\u016f a jejich prodeji,\u201c \u0159ekl J\u00e1n \u010carn\u00fd, dosavadn\u00ed gener\u00e1ln\u00ed \u0159editel poji\u0161\u0165ovny Coface pro \u010ceskou republiku a Slovensko.<\/p>\n<p><strong>Zdroj: Milan K\u0159\u00ed\u017e<\/strong><\/p>\n","protected":false},"excerpt":{"rendered":"<div class=\"mh-excerpt\"><p>J\u00e1n \u010carn\u00fd, gener\u00e1ln\u00ed \u0159editel Coface pro \u010ceskou republiku a Slovensko, se po v\u00edce ne\u017e \u0161esti letech v \u010dele t\u00e9to spole\u010dnosti rozhodl, \u017ee ke konci srpna <a class=\"mh-excerpt-more\" href=\"https:\/\/www.automakersnews.cz\/index.php\/2023\/08\/10\/coface-meni-generalniho-reditele\/\" title=\"Coface m\u011bn\u00ed gener\u00e1ln\u00edho \u0159editele\">[&#8230;]<\/a><\/p>\n<\/div>","protected":false},"author":1,"featured_media":77756,"comment_status":"open","ping_status":"open","sticky":false,"template":"","format":"standard","meta":{"footnotes":""},"categories":[52,3],"tags":[],"class_list":["post-77755","post","type-post","status-publish","format-standard","has-post-thumbnail","hentry","category-kariera","category-personalie"],"_links":{"self":[{"href":"https:\/\/www.automakersnews.cz\/index.php\/wp-json\/wp\/v2\/posts\/77755","targetHints":{"allow":["GET"]}}],"collection":[{"href":"https:\/\/www.automakersnews.cz\/index.php\/wp-json\/wp\/v2\/posts"}],"about":[{"href":"https:\/\/www.automakersnews.cz\/index.php\/wp-json\/wp\/v2\/types\/post"}],"author":[{"embeddable":true,"href":"https:\/\/www.automakersnews.cz\/index.php\/wp-json\/wp\/v2\/users\/1"}],"replies":[{"embeddable":true,"href":"https:\/\/www.automakersnews.cz\/index.php\/wp-json\/wp\/v2\/comments?post=77755"}],"version-history":[{"count":0,"href":"https:\/\/www.automakersnews.cz\/index.php\/wp-json\/wp\/v2\/posts\/77755\/revisions"}],"wp:featuredmedia":[{"embeddable":true,"href":"https:\/\/www.automakersnews.cz\/index.php\/wp-json\/wp\/v2\/media\/77756"}],"wp:attachment":[{"href":"https:\/\/www.automakersnews.cz\/index.php\/wp-json\/wp\/v2\/media?parent=77755"}],"wp:term":[{"taxonomy":"category","embeddable":true,"href":"https:\/\/www.automakersnews.cz\/index.php\/wp-json\/wp\/v2\/categories?post=77755"},{"taxonomy":"post_tag","embeddable":true,"href":"https:\/\/www.automakersnews.cz\/index.php\/wp-json\/wp\/v2\/tags?post=77755"}],"curies":[{"name":"wp","href":"https:\/\/api.w.org\/{rel}","templated":true}]}}