{"id":77787,"date":"2023-08-10T08:25:02","date_gmt":"2023-08-10T08:25:02","guid":{"rendered":"https:\/\/www.automakersnews.cz\/?p=77787"},"modified":"2023-08-10T08:26:23","modified_gmt":"2023-08-10T08:26:23","slug":"giorgetto-giugiaro-oslavil-85-narozeniny","status":"publish","type":"post","link":"https:\/\/www.automakersnews.cz\/index.php\/2023\/08\/10\/giorgetto-giugiaro-oslavil-85-narozeniny\/","title":{"rendered":"Giorgetto Giugiaro oslavil 85. narozeniny"},"content":{"rendered":"<p><strong>Italsk\u00fd <span class=\"advancedHighlight SearchKeywordHighlight\" data-classic=\"true\">automobilov\u00fd<\/span>\u00a0<span class=\"e5id0 advancedHighlight\" data-id=\"1\" data-classic=\"false\">design\u00e9r<\/span>\u00a0<span class=\"e2id0 advancedHighlight\" data-id=\"2\" data-classic=\"false\">Giorgetto<\/span>\u00a0<span class=\"e2id0 advancedHighlight\" data-id=\"2\" data-classic=\"false\">Giugiaro<\/span> se narodil 7. srpna 1938 a letos tak oslavil sv\u00e9 85. narozeniny. Za svoji kari\u00e9ru vtiskl podobu v\u00edce ne\u017e dv\u011bma stovk\u00e1m model\u016f aut, jich\u017e se po cel\u00e9m sv\u011bt\u011b vyrobilo p\u0159es \u0161edes\u00e1t milion\u016f exempl\u00e1\u0159\u016f.<\/strong><!--more--><\/p>\n<p><span class=\"e2id0 advancedHighlight\" data-id=\"2\" data-classic=\"false\">Giugiaro<\/span>, kter\u00fd, je zn\u00e1m sv\u00fdm rozs\u00e1hl\u00fdm tv\u016fr\u010d\u00edm z\u00e1b\u011brem, kter\u00fd zahrnuje v\u0161echny segmenty <span class=\"advancedHighlight SearchKeywordHighlight\" data-classic=\"true\">automobilov\u00e9ho<\/span>\u00a0pr\u016fmyslu. Z jeho r\u00fdsovac\u00edho prkna nap\u0159\u00edklad poch\u00e1z\u00ed prvn\u00ed generace\u00a0<span class=\"e3id1 advancedHighlight\" data-id=\"6\" data-classic=\"false\">Volkswagenu<\/span>\u00a0<span class=\"e3id1 advancedHighlight\" data-id=\"6\" data-classic=\"false\">Golf<\/span>, miniv\u016fz\u00a0<span class=\"e3id4 advancedHighlight\" data-id=\"8\" data-classic=\"false\">Fiat<\/span>\u00a0<span class=\"e3id4 advancedHighlight\" data-id=\"8\" data-classic=\"false\">Panda<\/span>\u00a0nebo\u00a0<span class=\"e3id3 advancedHighlight\" data-id=\"10\" data-classic=\"false\">supersport<\/span>\u00a0<span class=\"e3id0 advancedHighlight\" data-id=\"11\" data-classic=\"false\">Lotus<\/span>\u00a0<span class=\"e3id0 advancedHighlight\" data-id=\"11\" data-classic=\"false\">Esprit<\/span>.<\/p>\n<p><img loading=\"lazy\" decoding=\"async\" class=\"alignnone size-full wp-image-77791\" src=\"http:\/\/www.automakersnews.cz\/wp-content\/uploads\/2023\/08\/giorgetto-giugiaro-italdesign.jpg\" alt=\"\" width=\"670\" height=\"377\" srcset=\"https:\/\/www.automakersnews.cz\/wp-content\/uploads\/2023\/08\/giorgetto-giugiaro-italdesign.jpg 670w, https:\/\/www.automakersnews.cz\/wp-content\/uploads\/2023\/08\/giorgetto-giugiaro-italdesign-300x169.jpg 300w\" sizes=\"auto, (max-width: 670px) 100vw, 670px\" \/><\/p>\n","protected":false},"excerpt":{"rendered":"<div class=\"mh-excerpt\"><p>Italsk\u00fd automobilov\u00fd\u00a0design\u00e9r\u00a0Giorgetto\u00a0Giugiaro se narodil 7. srpna 1938 a letos tak oslavil sv\u00e9 85. narozeniny. Za svoji kari\u00e9ru vtiskl podobu v\u00edce ne\u017e dv\u011bma stovk\u00e1m model\u016f aut, <a class=\"mh-excerpt-more\" href=\"https:\/\/www.automakersnews.cz\/index.php\/2023\/08\/10\/giorgetto-giugiaro-oslavil-85-narozeniny\/\" title=\"Giorgetto Giugiaro oslavil 85. narozeniny\">[&#8230;]<\/a><\/p>\n<\/div>","protected":false},"author":1,"featured_media":77788,"comment_status":"open","ping_status":"open","sticky":false,"template":"","format":"standard","meta":{"footnotes":""},"categories":[3,23],"tags":[],"class_list":["post-77787","post","type-post","status-publish","format-standard","has-post-thumbnail","hentry","category-personalie","category-vyroci"],"_links":{"self":[{"href":"https:\/\/www.automakersnews.cz\/index.php\/wp-json\/wp\/v2\/posts\/77787","targetHints":{"allow":["GET"]}}],"collection":[{"href":"https:\/\/www.automakersnews.cz\/index.php\/wp-json\/wp\/v2\/posts"}],"about":[{"href":"https:\/\/www.automakersnews.cz\/index.php\/wp-json\/wp\/v2\/types\/post"}],"author":[{"embeddable":true,"href":"https:\/\/www.automakersnews.cz\/index.php\/wp-json\/wp\/v2\/users\/1"}],"replies":[{"embeddable":true,"href":"https:\/\/www.automakersnews.cz\/index.php\/wp-json\/wp\/v2\/comments?post=77787"}],"version-history":[{"count":0,"href":"https:\/\/www.automakersnews.cz\/index.php\/wp-json\/wp\/v2\/posts\/77787\/revisions"}],"wp:featuredmedia":[{"embeddable":true,"href":"https:\/\/www.automakersnews.cz\/index.php\/wp-json\/wp\/v2\/media\/77788"}],"wp:attachment":[{"href":"https:\/\/www.automakersnews.cz\/index.php\/wp-json\/wp\/v2\/media?parent=77787"}],"wp:term":[{"taxonomy":"category","embeddable":true,"href":"https:\/\/www.automakersnews.cz\/index.php\/wp-json\/wp\/v2\/categories?post=77787"},{"taxonomy":"post_tag","embeddable":true,"href":"https:\/\/www.automakersnews.cz\/index.php\/wp-json\/wp\/v2\/tags?post=77787"}],"curies":[{"name":"wp","href":"https:\/\/api.w.org\/{rel}","templated":true}]}}