{"id":77793,"date":"2023-08-10T08:58:13","date_gmt":"2023-08-10T08:58:13","guid":{"rendered":"https:\/\/www.automakersnews.cz\/?p=77793"},"modified":"2023-08-11T09:00:53","modified_gmt":"2023-08-11T09:00:53","slug":"charouzuv-sport-5-prerusil-vysilani","status":"publish","type":"post","link":"https:\/\/www.automakersnews.cz\/index.php\/2023\/08\/10\/charouzuv-sport-5-prerusil-vysilani\/","title":{"rendered":"Charouz\u016fv Sport 5 p\u0159eru\u0161il vys\u00edl\u00e1n\u00ed"},"content":{"rendered":"<p><strong>\u010cesk\u00fd motorsportovn\u00ed kan\u00e1l <span class=\"e1id0 advancedHighlight e-organization SearchKeywordHighlight\" data-id=\"0\" data-classic=\"true\">Sport<\/span>\u00a0<span class=\"e1id0 advancedHighlight e-organization SearchKeywordHighlight\" data-id=\"0\" data-classic=\"true\">5<\/span> ji\u017e nen\u00ed del\u0161\u00ed dobu dostupn\u00fd na \u017e\u00e1dn\u00e9 televizn\u00ed platform\u011b na \u00fazem\u00ed <span class=\"e0id0 advancedHighlight\" data-id=\"2\" data-classic=\"false\">\u010cesk\u00e9<\/span>\u00a0<span class=\"e0id0 advancedHighlight\" data-id=\"2\" data-classic=\"false\">republiky<\/span>\u00a0a\u00a0<span class=\"e0id1 advancedHighlight\" data-id=\"4\" data-classic=\"false\">Slovenska a v \u010dervenci zcela p\u0159eru\u0161il vys\u00edl\u00e1n\u00ed. Podle dostupn\u00fdch informac\u00ed nebylo vy<\/span>\u00edl\u00e1n\u00ed ani v srpnu obnoveno.<\/strong><!--more--><\/p>\n<p><b>Sport 5<\/b> je sportovn\u00ed kan\u00e1l provozovan\u00fd spole\u010dnost\u00ed <i>SPORT 5.<\/i> Stanice se zam\u011b\u0159ovala do 1. 9. 2013 na automobilov\u00fd sport a motorismus.<\/p>\n<p>Televizi byla ud\u011blena licence v roce 2008. V listopadu 2011 se stal jedin\u00fdm vlastn\u00edkem akciov\u00e9 spole\u010dnosti SPORT 5 dvacetilet\u00fd automobilov\u00fd z\u00e1vodn\u00edk Petr Charouz. K 31. prosinci m\u011bla spole\u010dnost SPORT 5 z\u00e1vazky vy\u0161\u0161\u00ed ne\u017e \u00fa\u010detn\u00ed hodnotu aktiv a 91\u00a0% kr\u00e1tkodob\u00fdch z\u00e1vazk\u016f z obchodn\u00edho styku bylo po splatnosti.<\/p>\n<p>Dne 17. ledna 2022 bylo standardn\u00ed vys\u00edl\u00e1n\u00ed stanice p\u0159eru\u0161eno a ve vys\u00edl\u00e1n\u00ed se vyskytoval pouze promo program dodan\u00fd norskou televizn\u00ed stanic\u00ed NRK, od 18. ledna vys\u00edl\u00e1 stanice repr\u00edzy po\u0159ad\u016f vlastn\u00ed tvorby. Od 13. \u010dervence se stanice odml\u010dela zcela.<\/p>\n<p>&#8222;Jak jste ur\u010dit\u011b zaregistrovali\u00a0<span class=\"e1id0 advancedHighlight e-organization SearchKeywordHighlight\" data-id=\"0\" data-classic=\"true\">Sport<\/span>\u00a0<span class=\"e1id0 advancedHighlight e-organization SearchKeywordHighlight\" data-id=\"0\" data-classic=\"true\">5<\/span>\u00a0v tuto chv\u00edli pro na\u0161e\u00a0<span class=\"e5id1 advancedHighlight\" data-id=\"7\" data-classic=\"false\">div\u00e1ky<\/span>\u00a0nevys\u00edl\u00e1. Situace je komplikovan\u00e1, m\u00e1me technick\u00fd probl\u00e9m a bohu\u017eel to vypad\u00e1 na del\u0161\u00ed p\u0159eru\u0161en\u00ed vys\u00edl\u00e1n\u00ed,&#8220; informoval o tom\u00a0<span class=\"e5id0 advancedHighlight\" data-id=\"8\" data-classic=\"false\">majitel<\/span>\u00a0televize\u00a0<span class=\"e1id0 advancedHighlight e-organization SearchKeywordHighlight\" data-id=\"0\" data-classic=\"true\">Sport<\/span>\u00a0<span class=\"e1id0 advancedHighlight e-organization SearchKeywordHighlight\" data-id=\"0\" data-classic=\"true\">5<\/span>,\u00a0<span class=\"e2id0 advancedHighlight\" data-id=\"11\" data-classic=\"false\">Anton\u00edn<\/span>\u00a0<span class=\"e2id0 advancedHighlight\" data-id=\"11\" data-classic=\"false\">Charouz<\/span>.<\/p>\n<p>Web stanice Sport 5 je st\u00e1le v provozu, ale o technick\u00fdch pot\u00ed\u017e\u00edch na n\u011bm nen\u00ed \u017e\u00e1dn\u00e1 informace.<\/p>\n<p><strong>Zdroj: archiv, A. Charouz, vlastn\u00ed pr\u016fzkum TV platforem<\/strong><\/p>\n<p>&nbsp;<\/p>\n<p>&nbsp;<\/p>\n","protected":false},"excerpt":{"rendered":"<div class=\"mh-excerpt\"><p>\u010cesk\u00fd motorsportovn\u00ed kan\u00e1l Sport\u00a05 ji\u017e nen\u00ed del\u0161\u00ed dobu dostupn\u00fd na \u017e\u00e1dn\u00e9 televizn\u00ed platform\u011b na \u00fazem\u00ed \u010cesk\u00e9\u00a0republiky\u00a0a\u00a0Slovenska a v \u010dervenci zcela p\u0159eru\u0161il vys\u00edl\u00e1n\u00ed. Podle dostupn\u00fdch informac\u00ed <a class=\"mh-excerpt-more\" href=\"https:\/\/www.automakersnews.cz\/index.php\/2023\/08\/10\/charouzuv-sport-5-prerusil-vysilani\/\" title=\"Charouz\u016fv Sport 5 p\u0159eru\u0161il vys\u00edl\u00e1n\u00ed\">[&#8230;]<\/a><\/p>\n<\/div>","protected":false},"author":1,"featured_media":77822,"comment_status":"open","ping_status":"open","sticky":false,"template":"","format":"standard","meta":{"footnotes":""},"categories":[27],"tags":[],"class_list":["post-77793","post","type-post","status-publish","format-standard","has-post-thumbnail","hentry","category-media"],"_links":{"self":[{"href":"https:\/\/www.automakersnews.cz\/index.php\/wp-json\/wp\/v2\/posts\/77793","targetHints":{"allow":["GET"]}}],"collection":[{"href":"https:\/\/www.automakersnews.cz\/index.php\/wp-json\/wp\/v2\/posts"}],"about":[{"href":"https:\/\/www.automakersnews.cz\/index.php\/wp-json\/wp\/v2\/types\/post"}],"author":[{"embeddable":true,"href":"https:\/\/www.automakersnews.cz\/index.php\/wp-json\/wp\/v2\/users\/1"}],"replies":[{"embeddable":true,"href":"https:\/\/www.automakersnews.cz\/index.php\/wp-json\/wp\/v2\/comments?post=77793"}],"version-history":[{"count":0,"href":"https:\/\/www.automakersnews.cz\/index.php\/wp-json\/wp\/v2\/posts\/77793\/revisions"}],"wp:featuredmedia":[{"embeddable":true,"href":"https:\/\/www.automakersnews.cz\/index.php\/wp-json\/wp\/v2\/media\/77822"}],"wp:attachment":[{"href":"https:\/\/www.automakersnews.cz\/index.php\/wp-json\/wp\/v2\/media?parent=77793"}],"wp:term":[{"taxonomy":"category","embeddable":true,"href":"https:\/\/www.automakersnews.cz\/index.php\/wp-json\/wp\/v2\/categories?post=77793"},{"taxonomy":"post_tag","embeddable":true,"href":"https:\/\/www.automakersnews.cz\/index.php\/wp-json\/wp\/v2\/tags?post=77793"}],"curies":[{"name":"wp","href":"https:\/\/api.w.org\/{rel}","templated":true}]}}