{"id":78,"date":"2022-01-10T14:33:09","date_gmt":"2022-01-10T14:33:09","guid":{"rendered":"http:\/\/www.automakersnews.cz\/?p=78"},"modified":"2022-01-10T14:33:09","modified_gmt":"2022-01-10T14:33:09","slug":"sda-registrace-novych-aut-loni-vyssi-o-19","status":"publish","type":"post","link":"https:\/\/www.automakersnews.cz\/index.php\/2022\/01\/10\/sda-registrace-novych-aut-loni-vyssi-o-19\/","title":{"rendered":"SDA: registrace nov\u00fdch aut loni vy\u0161\u0161\u00ed o 1,9 %"},"content":{"rendered":"<p><strong>Tajemn\u00edk Svazu dovoz\u016f automobil\u016f Josef Pokorn\u00fd svolal na \u010dtvrtek 6. ledna tiskovou konferenci do pra\u017esk\u00e9ho Green Pointu. \u201eRegistrace nov\u00fdch osobn\u00edch aut v minul\u00e9m roce vzrostly meziro\u010dn\u011b o 1,9 procenta na 206.876 voz\u016f. Proti p\u0159edcovidov\u00e9mu roku 2019 byl prodej o 17,2 procenta ni\u017e\u0161\u00ed,\u201c zazn\u011blo na tiskovce.<\/strong><span id=\"more-147311\"><\/span><!--more--><\/p>\n<p>Prodeje loni omezoval zejm\u00e9na nedostatek voz\u016f kv\u016fli chyb\u011bj\u00edc\u00edm \u010dip\u016fm. Letos by m\u011bl prodej vzr\u016fst a\u017e o deset procent. Loni stoupl i dovoz ojet\u00fdch osobn\u00edch voz\u016f \u2013 o 23 procent na 185.663 aut. Je to nejv\u00edc za 13 let. Jejich pr\u016fm\u011brn\u00e9 st\u00e1\u0159\u00ed bylo 10,4 roku.<\/p>\n<p>Prvn\u00ed je \u0160koda Auto se 70.946 prodan\u00fdmi vozy, n\u00e1sleduj\u00ed Hyundai s 20.200 automobily a Volkswagen, kter\u00fd prodal 16.813 aut. Na \u010dtvrt\u00e9m m\u00edst\u011b je Toyota s 10.334 prodan\u00fdmi vozy a p\u011btici uzav\u00edr\u00e1 Kia, kter\u00e1 prodala 9787 vozidel.<\/p>\n<p>V leto\u0161n\u00edm roce by se podle odhadu spole\u010dnosti PwC mohly prodeje zv\u00fd\u0161it o \u010dty\u0159i a\u017e deset procent na 215.000 a\u017e 228.000 voz\u016f. Podle analytika PwC Pavla \u0160tefka budou i letos p\u0159etrv\u00e1vat probl\u00e9my dodavatelsk\u00fdch \u0159et\u011bzc\u016f automobilek, zejm\u00e9na nedostatek komponent, jako jsou \u010dipy, ho\u0159\u010d\u00edk nebo plastov\u00e9 p\u011bny. Negativn\u00ed vliv na popt\u00e1vku ale bude m\u00edt i rostouc\u00ed inflace a pandemick\u00e1 situace. P\u0159\u00edklon k ekologick\u00fdm voz\u016fm bude pak m\u00edt vliv na skladbu vozov\u00e9ho parku, dodal.<\/p>\n","protected":false},"excerpt":{"rendered":"<div class=\"mh-excerpt\"><p>Tajemn\u00edk Svazu dovoz\u016f automobil\u016f Josef Pokorn\u00fd svolal na \u010dtvrtek 6. ledna tiskovou konferenci do pra\u017esk\u00e9ho Green Pointu. \u201eRegistrace nov\u00fdch osobn\u00edch aut v minul\u00e9m roce vzrostly <a class=\"mh-excerpt-more\" href=\"https:\/\/www.automakersnews.cz\/index.php\/2022\/01\/10\/sda-registrace-novych-aut-loni-vyssi-o-19\/\" title=\"SDA: registrace nov\u00fdch aut loni vy\u0161\u0161\u00ed o 1,9 %\">[&#8230;]<\/a><\/p>\n<\/div>","protected":false},"author":1,"featured_media":79,"comment_status":"open","ping_status":"open","sticky":false,"template":"","format":"standard","meta":{"footnotes":""},"categories":[2,8],"tags":[],"class_list":["post-78","post","type-post","status-publish","format-standard","has-post-thumbnail","hentry","category-news","category-statistika"],"_links":{"self":[{"href":"https:\/\/www.automakersnews.cz\/index.php\/wp-json\/wp\/v2\/posts\/78","targetHints":{"allow":["GET"]}}],"collection":[{"href":"https:\/\/www.automakersnews.cz\/index.php\/wp-json\/wp\/v2\/posts"}],"about":[{"href":"https:\/\/www.automakersnews.cz\/index.php\/wp-json\/wp\/v2\/types\/post"}],"author":[{"embeddable":true,"href":"https:\/\/www.automakersnews.cz\/index.php\/wp-json\/wp\/v2\/users\/1"}],"replies":[{"embeddable":true,"href":"https:\/\/www.automakersnews.cz\/index.php\/wp-json\/wp\/v2\/comments?post=78"}],"version-history":[{"count":0,"href":"https:\/\/www.automakersnews.cz\/index.php\/wp-json\/wp\/v2\/posts\/78\/revisions"}],"wp:featuredmedia":[{"embeddable":true,"href":"https:\/\/www.automakersnews.cz\/index.php\/wp-json\/wp\/v2\/media\/79"}],"wp:attachment":[{"href":"https:\/\/www.automakersnews.cz\/index.php\/wp-json\/wp\/v2\/media?parent=78"}],"wp:term":[{"taxonomy":"category","embeddable":true,"href":"https:\/\/www.automakersnews.cz\/index.php\/wp-json\/wp\/v2\/categories?post=78"},{"taxonomy":"post_tag","embeddable":true,"href":"https:\/\/www.automakersnews.cz\/index.php\/wp-json\/wp\/v2\/tags?post=78"}],"curies":[{"name":"wp","href":"https:\/\/api.w.org\/{rel}","templated":true}]}}