{"id":78628,"date":"2023-08-11T09:55:35","date_gmt":"2023-08-11T09:55:35","guid":{"rendered":"https:\/\/www.automakersnews.cz\/?p=78628"},"modified":"2023-08-11T09:55:35","modified_gmt":"2023-08-11T09:55:35","slug":"toyota-predava-zbytek-flotily-vodafonu","status":"publish","type":"post","link":"https:\/\/www.automakersnews.cz\/index.php\/2023\/08\/11\/toyota-predava-zbytek-flotily-vodafonu\/","title":{"rendered":"Toyota p\u0159ed\u00e1v\u00e1 zbytek flotily Vodafonu"},"content":{"rendered":"<p><strong>\u010cesk\u00e1 Toyota p\u0159edala Vodafonu prvn\u00edch 30 model\u016f Corolla koncem minul\u00e9ho roku roku, te\u010f p\u0159ed\u00e1v\u00e1 zbytek z celkov\u00fdch 144 vozidel.<\/strong><\/p>\n<p><!--more--><\/p>\n<p>\u201ePro hybridn\u00ed pohon jsme se ve Vodafonu rozhodli v r\u00e1mci postupn\u00e9ho p\u0159echodu k pln\u00e9 elektromobilit\u011b, kter\u00fd pl\u00e1nujeme dokon\u010dit do roku 2028. Hybridn\u00ed pohon n\u00e1m v tuto chv\u00edli d\u00e1v\u00e1 nejv\u011bt\u0161\u00ed smysl, proto\u017ee u\u017e nyn\u00ed m\u016f\u017eeme \u0161et\u0159it emise z fosiln\u00edch paliv, ale z\u00e1rove\u0148 flexibiln\u011b reagovat na v\u00fdvoj na trhu s vozy s \u010dist\u011b elektrick\u00fdm pohonem,\u201c \u0159\u00edk\u00e1 <a href=\"https:\/\/www.linkedin.com\/in\/ACoAABY9Ea0B_a-6LLvBiRw2k2OApZRT4NuKlS0\" data-attribute-index=\"2\" data-entity-type=\"MINI_PROFILE\">Zuzana Hol\u00e1<\/a>, \u0159editelka komunikace a udr\u017eitelnosti Vodafonu.<\/p>\n<p><strong>Zdroj: LinkedIn<\/strong><\/p>\n","protected":false},"excerpt":{"rendered":"<div class=\"mh-excerpt\"><p>\u010cesk\u00e1 Toyota p\u0159edala Vodafonu prvn\u00edch 30 model\u016f Corolla koncem minul\u00e9ho roku roku, te\u010f p\u0159ed\u00e1v\u00e1 zbytek z celkov\u00fdch 144 vozidel.<\/p>\n<\/div>","protected":false},"author":1,"featured_media":78629,"comment_status":"open","ping_status":"open","sticky":false,"template":"","format":"standard","meta":{"footnotes":""},"categories":[25],"tags":[],"class_list":["post-78628","post","type-post","status-publish","format-standard","has-post-thumbnail","hentry","category-fleety"],"_links":{"self":[{"href":"https:\/\/www.automakersnews.cz\/index.php\/wp-json\/wp\/v2\/posts\/78628","targetHints":{"allow":["GET"]}}],"collection":[{"href":"https:\/\/www.automakersnews.cz\/index.php\/wp-json\/wp\/v2\/posts"}],"about":[{"href":"https:\/\/www.automakersnews.cz\/index.php\/wp-json\/wp\/v2\/types\/post"}],"author":[{"embeddable":true,"href":"https:\/\/www.automakersnews.cz\/index.php\/wp-json\/wp\/v2\/users\/1"}],"replies":[{"embeddable":true,"href":"https:\/\/www.automakersnews.cz\/index.php\/wp-json\/wp\/v2\/comments?post=78628"}],"version-history":[{"count":0,"href":"https:\/\/www.automakersnews.cz\/index.php\/wp-json\/wp\/v2\/posts\/78628\/revisions"}],"wp:featuredmedia":[{"embeddable":true,"href":"https:\/\/www.automakersnews.cz\/index.php\/wp-json\/wp\/v2\/media\/78629"}],"wp:attachment":[{"href":"https:\/\/www.automakersnews.cz\/index.php\/wp-json\/wp\/v2\/media?parent=78628"}],"wp:term":[{"taxonomy":"category","embeddable":true,"href":"https:\/\/www.automakersnews.cz\/index.php\/wp-json\/wp\/v2\/categories?post=78628"},{"taxonomy":"post_tag","embeddable":true,"href":"https:\/\/www.automakersnews.cz\/index.php\/wp-json\/wp\/v2\/tags?post=78628"}],"curies":[{"name":"wp","href":"https:\/\/api.w.org\/{rel}","templated":true}]}}