{"id":80307,"date":"2023-08-15T08:59:46","date_gmt":"2023-08-15T08:59:46","guid":{"rendered":"https:\/\/www.automakersnews.cz\/?p=80307"},"modified":"2023-08-15T08:59:46","modified_gmt":"2023-08-15T08:59:46","slug":"cvut-ve-sdruzeni-autonomni-mobility","status":"publish","type":"post","link":"https:\/\/www.automakersnews.cz\/index.php\/2023\/08\/15\/cvut-ve-sdruzeni-autonomni-mobility\/","title":{"rendered":"\u010cVUT ve sdru\u017een\u00ed autonomn\u00ed mobility"},"content":{"rendered":"<p><strong>VDT Technology a dal\u0161\u00ed akt\u00e9\u0159i v oblasti autonomn\u00ed dopravy (Yunex, T\u00dcV S\u00dcD, Smart Plan, Prague Advanced Technology and Research Innovation Center a IDIADA), se spojili s Fakultou dopravn\u00ed \u010cVUT a iniciovali vznik sdru\u017een\u00ed autonomn\u00ed mobility s n\u00e1zvem CzeCCAM (Asociace pro autonomn\u00ed a kooperativn\u00ed mobilitu v \u010cR).<\/strong><!--more--><\/p>\n<p>Jedn\u00e1 se o neziskovou organizaci, kter\u00e1 si klade za c\u00edl podporovat rozvoj technologi\u00ed autonomn\u00ed mobility. CzeCCAM se stala \u010dlenem evropsk\u00e9 asociace CCAM, kter\u00e1 sdru\u017euje v\u00edce ne\u017e 214 subjekt\u016f p\u016fsob\u00edc\u00edch v oblasti propojen\u00e9, kooperativn\u00ed a automatizovan\u00e9 mobility.<\/p>\n<p>Hlavn\u00edm \u00fakolem asociace CzeCCAM je aktivn\u011b se \u00fa\u010dastnit a spolupracovat na v\u00fdznamn\u00fdch projektech, kter\u00e9 p\u0159isp\u011bj\u00ed k za\u010dlen\u011bn\u00ed autonomn\u00ed mobility do ka\u017edodenn\u00edho \u017eivota obyvatel. Kooperativn\u00ed a autonomn\u00ed mobilita toti\u017e za\u010d\u00ednaj\u00ed hr\u00e1t v\u00fdznamnou roli v \u017eivotech lid\u00ed a z\u00e1rove\u0148 maj\u00ed velk\u00fd dopad na \u017eivotn\u00ed prost\u0159ed\u00ed. Tato projekty zahrnuj\u00ed t\u00e9mata jako integrace kooperativn\u00edch vozidel do \u0159\u00edzen\u00ed a managementu m\u011bst, vytv\u00e1\u0159en\u00ed nov\u00fdch slu\u017eeb pro ob\u010dany, nastaven\u00ed m\u011bstsk\u00fdch politik, \u00fapravu legislativy na celost\u00e1tn\u00ed \u00farovni a zm\u011bnu dopravn\u00edho chov\u00e1n\u00ed. Pro \u00fasp\u011b\u0161nou realizaci t\u011bchto komplexn\u00edch t\u00e9mat je nezbytn\u00e1 koordinace a spolupr\u00e1ce mezi r\u016fzn\u00fdmi akt\u00e9ry. Z\u00edsk\u00e1n\u00ed a vyu\u017eit\u00ed relevantn\u00edch dat je rovn\u011b\u017e kl\u00ed\u010dov\u00e9 pro \u00fasp\u011b\u0161nou implementaci autonomn\u00ed mobility.<\/p>\n<p>CzeCCAM si klade za c\u00edl urychlit v\u00fdvoj a implementaci nov\u00fdch technologi\u00ed autonomn\u00ed mobility a zv\u00fd\u0161it pov\u011bdom\u00ed o jejich mo\u017enostech. Profesor Ond\u0159ej P\u0159ibyl, d\u011bkan Fakulty dopravn\u00ed \u010cVUT, zd\u016fraz\u0148uje: \u201eZalo\u017eili jsme asociaci, kter\u00e1 spojuje v\u011bdeck\u00e9 instituce a komer\u010dn\u00ed spole\u010dnosti, abychom spole\u010dn\u011b ovliv\u0148ovali v\u00fdvoj a aplikaci autonomn\u00ed mobility. Chceme p\u0159isp\u011bt k vytv\u00e1\u0159en\u00ed udr\u017eiteln\u00fdch a efektivn\u00edch \u0159e\u0161en\u00ed, kter\u00e1 usnadn\u00ed ka\u017edodenn\u00ed \u017eivot lid\u00ed a minimalizuj\u00ed dopad na \u017eivotn\u00ed prost\u0159ed\u00ed.\u201c<\/p>\n<p>Lubom\u00edr \u0160embera, \u0159editel divize Telematika ve VDT Technology, dod\u00e1v\u00e1: \u201eVznik sdru\u017een\u00ed je v\u00fdznamn\u00fdm krokem pro rozvoj autonomn\u00ed mobility v \u010cesk\u00e9 republice. Progresivn\u00ed \u0159e\u0161en\u00ed pro zlep\u0161en\u00ed dopravn\u00ed infrastruktury vy\u017eaduj\u00ed \u00fazkou spolupr\u00e1ci mezi jednotlivci a firmami, kter\u00e9 maj\u00ed stejn\u00fd z\u00e1jem. \u00dalohou CzeCCAM je pos\u00edlit tuto spolupr\u00e1ci.\u201c<\/p>\n<p>CzeCCAM sdru\u017euje partnery z pr\u016fmyslu, v\u00fdzkumu, slu\u017eeb, st\u00e1tn\u00ed a ve\u0159ejn\u00e9 spr\u00e1vy, mal\u00fdch a st\u0159edn\u00edch podnik\u016f a dal\u0161\u00edch profesn\u00edch organizac\u00ed. Spole\u010dn\u011b usiluj\u00ed o usnadn\u011bn\u00ed implementace technologi\u00ed autonomn\u00edho \u0159\u00edzen\u00ed, kter\u00e9 zv\u00fd\u0161\u00ed bezpe\u010dnost silni\u010dn\u00edho provozu a efektivitu dopravn\u00ed s\u00edt\u011b, p\u0159isp\u011bj\u00ed k ochran\u011b \u017eivotn\u00edho prost\u0159ed\u00ed a usiluj\u00ed o to, aby se \u010cesk\u00e1 republika stala centrem rozvoje dopravy. C\u00edlem je vytvo\u0159it dopravn\u00ed infrastrukturu, kter\u00e1 bude inkluzivn\u00ed pro v\u0161echny u\u017eivatele.<\/p>\n<p>Ing. \u0160embera d\u00e1le uv\u00e1d\u00ed: \u201eAutonomn\u00ed mobilita je budoucnost\u00ed \u010desk\u00e9 ve\u0159ejn\u00e9 dopravy. Spole\u010dn\u011b s na\u0161imi partnery z pr\u016fmyslu a akademick\u00e9 sf\u00e9ry se pod\u00edl\u00edme na zaj\u00edmav\u00fdch projektech, kter\u00e9 p\u0159in\u00e1\u0161ej\u00ed nov\u00e1 autonomn\u00ed \u0159e\u0161en\u00ed. T\u011b\u0161\u00edme se na spolupr\u00e1ci s kolegy z CzeCCAM, kter\u00e1 povede ke zlep\u0161en\u00ed dopravn\u00ed infrastruktury.\u201c<\/p>\n<p>CzeCCAM pl\u00e1nuje prov\u00e1d\u011bt rozs\u00e1hl\u00e9 demonstrace nov\u00fdch technologi\u00ed a hodnotit jejich dopady v re\u00e1ln\u00fdch situac\u00edch, aby se zajistila bezpe\u010dn\u00e1 interakce s ostatn\u00edmi \u00fa\u010dastn\u00edky silni\u010dn\u00edho provozu a zv\u00fd\u0161ila se bezpe\u010dnost u\u017eivatel\u016f autonomn\u00ed mobility. Sdru\u017een\u00ed rovn\u011b\u017e stanov\u00ed pr\u016fmyslov\u00e9 standardy pro validaci, ov\u011b\u0159ov\u00e1n\u00ed a hodnocen\u00ed autonomn\u00edch syst\u00e9m\u016f v \u010desk\u00e9m dopravn\u00edm prost\u0159ed\u00ed.<\/p>\n<p>Sdru\u017een\u00ed se zam\u011b\u0159\u00ed i na integraci autonomn\u00edch vozidel do st\u00e1vaj\u00edc\u00edch dopravn\u00edch s\u00edt\u00ed a na podporu kl\u00ed\u010dov\u00fdch technologi\u00ed, jako je um\u011bl\u00e1 inteligence, Big Data a kybernetick\u00e1 bezpe\u010dnost. Bude hodnotit dopady pokro\u010dil\u00fdch syst\u00e9m\u016f na u\u017eivatele, na spole\u010dnost jako celek a koordinovat v\u0161echny z\u00fa\u010dastn\u011bn\u00e9 strany, aby se zajistilo, \u017ee projekty budou realizov\u00e1ny efektivn\u011b a odpov\u011bdn\u011b.<\/p>\n<p>\u201eZajistit integraci autonomn\u00ed mobility do st\u00e1vaj\u00edc\u00edho m\u011bstsk\u00e9ho prost\u0159ed\u00ed je stejn\u011b d\u016fle\u017eit\u00e9 jako samotn\u00fd v\u00fdvoj technologi\u00ed,&#8220; dopl\u0148uje profesor P\u0159ibyl: \u201eToto nov\u00e9 sdru\u017een\u00ed zabezpe\u010d\u00ed, \u017ee v\u00fdvoj prob\u00edh\u00e1 a je realizov\u00e1n spr\u00e1vn\u00fdm zp\u016fsobem a p\u0159inese skute\u010dn\u00fd u\u017eitek jako sou\u010d\u00e1st efektivn\u00ed a udr\u017eiteln\u00e9 dopravn\u00ed s\u00edt\u011b.\u201c<\/p>\n","protected":false},"excerpt":{"rendered":"<div class=\"mh-excerpt\"><p>VDT Technology a dal\u0161\u00ed akt\u00e9\u0159i v oblasti autonomn\u00ed dopravy (Yunex, T\u00dcV S\u00dcD, Smart Plan, Prague Advanced Technology and Research Innovation Center a IDIADA), se spojili <a class=\"mh-excerpt-more\" href=\"https:\/\/www.automakersnews.cz\/index.php\/2023\/08\/15\/cvut-ve-sdruzeni-autonomni-mobility\/\" title=\"\u010cVUT ve sdru\u017een\u00ed autonomn\u00ed mobility\">[&#8230;]<\/a><\/p>\n<\/div>","protected":false},"author":4,"featured_media":80311,"comment_status":"open","ping_status":"open","sticky":false,"template":"","format":"standard","meta":{"footnotes":""},"categories":[2],"tags":[],"class_list":["post-80307","post","type-post","status-publish","format-standard","has-post-thumbnail","hentry","category-news"],"_links":{"self":[{"href":"https:\/\/www.automakersnews.cz\/index.php\/wp-json\/wp\/v2\/posts\/80307","targetHints":{"allow":["GET"]}}],"collection":[{"href":"https:\/\/www.automakersnews.cz\/index.php\/wp-json\/wp\/v2\/posts"}],"about":[{"href":"https:\/\/www.automakersnews.cz\/index.php\/wp-json\/wp\/v2\/types\/post"}],"author":[{"embeddable":true,"href":"https:\/\/www.automakersnews.cz\/index.php\/wp-json\/wp\/v2\/users\/4"}],"replies":[{"embeddable":true,"href":"https:\/\/www.automakersnews.cz\/index.php\/wp-json\/wp\/v2\/comments?post=80307"}],"version-history":[{"count":0,"href":"https:\/\/www.automakersnews.cz\/index.php\/wp-json\/wp\/v2\/posts\/80307\/revisions"}],"wp:featuredmedia":[{"embeddable":true,"href":"https:\/\/www.automakersnews.cz\/index.php\/wp-json\/wp\/v2\/media\/80311"}],"wp:attachment":[{"href":"https:\/\/www.automakersnews.cz\/index.php\/wp-json\/wp\/v2\/media?parent=80307"}],"wp:term":[{"taxonomy":"category","embeddable":true,"href":"https:\/\/www.automakersnews.cz\/index.php\/wp-json\/wp\/v2\/categories?post=80307"},{"taxonomy":"post_tag","embeddable":true,"href":"https:\/\/www.automakersnews.cz\/index.php\/wp-json\/wp\/v2\/tags?post=80307"}],"curies":[{"name":"wp","href":"https:\/\/api.w.org\/{rel}","templated":true}]}}