{"id":80877,"date":"2023-08-14T09:11:45","date_gmt":"2023-08-14T09:11:45","guid":{"rendered":"https:\/\/www.automakersnews.cz\/?p=80877"},"modified":"2023-08-14T11:09:21","modified_gmt":"2023-08-14T11:09:21","slug":"znacka-ds-se-blyskla-na-zamku-dobris","status":"publish","type":"post","link":"https:\/\/www.automakersnews.cz\/index.php\/2023\/08\/14\/znacka-ds-se-blyskla-na-zamku-dobris\/","title":{"rendered":"Zna\u010dka DS se bl\u00fdskla na Z\u00e1mku Dob\u0159\u00ed\u0161"},"content":{"rendered":"<p><strong>\u0160\u00e9fka zna\u010dky DS Martina Bedrnov\u00e1 letos spolupracuje na poli ambasador\u016f s moder\u00e1torkou Luci\u00ed Borhyovou, m\u00f3dn\u00ed n\u00e1vrh\u00e1\u0159kou Natali Rudens a houslistou Jaroslavem Sv\u011bcen\u00fdm. Spolupr\u00e1ci s virtuosem vyu\u017eila k tomu, aby se posledn\u00ed modely bl\u00fdskly na festivalu hudby na Z\u00e1mku Dob\u0159\u00ed\u0161.<\/strong><!--more--><\/p>\n<p><strong>S\u00e9rii koncert\u016f po\u0159\u00e1dalo 10.\u201313. srpna 2023<\/strong> m\u011bsto Dob\u0159\u00ed\u0161 ve spolupr\u00e1ci s agenturou SUBITON Jaroslava Sv\u011bcen\u00e9ho, ve\u0159ejnosti ji\u017e pot\u0159et\u00ed nab\u00eddlo hudebn\u00ed program pod osv\u011bd\u010denou produk\u010dn\u00ed, re\u017eijn\u00ed i dramaturgickou taktovkou tandemu Jaroslav Sv\u011bcen\u00fd\u2013Zde\u0148ka \u017d\u00e1dn\u00edkov\u00e1.<b><\/b><\/p>\n<p><img loading=\"lazy\" decoding=\"async\" class=\"alignnone size-large wp-image-80881\" src=\"http:\/\/www.automakersnews.cz\/wp-content\/uploads\/2023\/08\/Dobris-Sveceny-koncert-1024x768.jpg\" alt=\"\" width=\"1024\" height=\"768\" srcset=\"https:\/\/www.automakersnews.cz\/wp-content\/uploads\/2023\/08\/Dobris-Sveceny-koncert-1024x768.jpg 1024w, https:\/\/www.automakersnews.cz\/wp-content\/uploads\/2023\/08\/Dobris-Sveceny-koncert-300x225.jpg 300w, https:\/\/www.automakersnews.cz\/wp-content\/uploads\/2023\/08\/Dobris-Sveceny-koncert-768x576.jpg 768w, https:\/\/www.automakersnews.cz\/wp-content\/uploads\/2023\/08\/Dobris-Sveceny-koncert-1536x1152.jpg 1536w, https:\/\/www.automakersnews.cz\/wp-content\/uploads\/2023\/08\/Dobris-Sveceny-koncert-678x509.jpg 678w, https:\/\/www.automakersnews.cz\/wp-content\/uploads\/2023\/08\/Dobris-Sveceny-koncert-326x245.jpg 326w, https:\/\/www.automakersnews.cz\/wp-content\/uploads\/2023\/08\/Dobris-Sveceny-koncert-80x60.jpg 80w, https:\/\/www.automakersnews.cz\/wp-content\/uploads\/2023\/08\/Dobris-Sveceny-koncert.jpg 2040w\" sizes=\"auto, (max-width: 1024px) 100vw, 1024px\" \/><\/p>\n<figure id=\"attachment_80880\" aria-describedby=\"caption-attachment-80880\" style=\"width: 1024px\" class=\"wp-caption alignnone\"><img loading=\"lazy\" decoding=\"async\" class=\"size-large wp-image-80880\" src=\"http:\/\/www.automakersnews.cz\/wp-content\/uploads\/2023\/08\/Bedrnova-Handl-DS-Dobris-1024x768.jpg\" alt=\"\" width=\"1024\" height=\"768\" srcset=\"https:\/\/www.automakersnews.cz\/wp-content\/uploads\/2023\/08\/Bedrnova-Handl-DS-Dobris-1024x768.jpg 1024w, https:\/\/www.automakersnews.cz\/wp-content\/uploads\/2023\/08\/Bedrnova-Handl-DS-Dobris-300x225.jpg 300w, https:\/\/www.automakersnews.cz\/wp-content\/uploads\/2023\/08\/Bedrnova-Handl-DS-Dobris-768x576.jpg 768w, https:\/\/www.automakersnews.cz\/wp-content\/uploads\/2023\/08\/Bedrnova-Handl-DS-Dobris-1536x1152.jpg 1536w, https:\/\/www.automakersnews.cz\/wp-content\/uploads\/2023\/08\/Bedrnova-Handl-DS-Dobris-678x509.jpg 678w, https:\/\/www.automakersnews.cz\/wp-content\/uploads\/2023\/08\/Bedrnova-Handl-DS-Dobris-326x245.jpg 326w, https:\/\/www.automakersnews.cz\/wp-content\/uploads\/2023\/08\/Bedrnova-Handl-DS-Dobris-80x60.jpg 80w, https:\/\/www.automakersnews.cz\/wp-content\/uploads\/2023\/08\/Bedrnova-Handl-DS-Dobris.jpg 2040w\" sizes=\"auto, (max-width: 1024px) 100vw, 1024px\" \/><figcaption id=\"caption-attachment-80880\" class=\"wp-caption-text\">Jako v\u017edy elegantn\u00ed Martina Bedrnov\u00e1 n\u00e1m v ned\u011bli popsala technick\u00e9 specifikace model\u016f DS<\/figcaption><\/figure>\n<p>&nbsp;<\/p>\n","protected":false},"excerpt":{"rendered":"<div class=\"mh-excerpt\"><p>\u0160\u00e9fka zna\u010dky DS Martina Bedrnov\u00e1 letos spolupracuje na poli ambasador\u016f s moder\u00e1torkou Luci\u00ed Borhyovou, m\u00f3dn\u00ed n\u00e1vrh\u00e1\u0159kou Natali Rudens a houslistou Jaroslavem Sv\u011bcen\u00fdm. Spolupr\u00e1ci s virtuosem <a class=\"mh-excerpt-more\" href=\"https:\/\/www.automakersnews.cz\/index.php\/2023\/08\/14\/znacka-ds-se-blyskla-na-zamku-dobris\/\" title=\"Zna\u010dka DS se bl\u00fdskla na Z\u00e1mku Dob\u0159\u00ed\u0161\">[&#8230;]<\/a><\/p>\n<\/div>","protected":false},"author":1,"featured_media":80879,"comment_status":"open","ping_status":"open","sticky":false,"template":"","format":"standard","meta":{"footnotes":""},"categories":[10,18],"tags":[],"class_list":["post-80877","post","type-post","status-publish","format-standard","has-post-thumbnail","hentry","category-eventy","category-sponzoring"],"_links":{"self":[{"href":"https:\/\/www.automakersnews.cz\/index.php\/wp-json\/wp\/v2\/posts\/80877","targetHints":{"allow":["GET"]}}],"collection":[{"href":"https:\/\/www.automakersnews.cz\/index.php\/wp-json\/wp\/v2\/posts"}],"about":[{"href":"https:\/\/www.automakersnews.cz\/index.php\/wp-json\/wp\/v2\/types\/post"}],"author":[{"embeddable":true,"href":"https:\/\/www.automakersnews.cz\/index.php\/wp-json\/wp\/v2\/users\/1"}],"replies":[{"embeddable":true,"href":"https:\/\/www.automakersnews.cz\/index.php\/wp-json\/wp\/v2\/comments?post=80877"}],"version-history":[{"count":0,"href":"https:\/\/www.automakersnews.cz\/index.php\/wp-json\/wp\/v2\/posts\/80877\/revisions"}],"wp:featuredmedia":[{"embeddable":true,"href":"https:\/\/www.automakersnews.cz\/index.php\/wp-json\/wp\/v2\/media\/80879"}],"wp:attachment":[{"href":"https:\/\/www.automakersnews.cz\/index.php\/wp-json\/wp\/v2\/media?parent=80877"}],"wp:term":[{"taxonomy":"category","embeddable":true,"href":"https:\/\/www.automakersnews.cz\/index.php\/wp-json\/wp\/v2\/categories?post=80877"},{"taxonomy":"post_tag","embeddable":true,"href":"https:\/\/www.automakersnews.cz\/index.php\/wp-json\/wp\/v2\/tags?post=80877"}],"curies":[{"name":"wp","href":"https:\/\/api.w.org\/{rel}","templated":true}]}}