{"id":81615,"date":"2023-08-15T08:53:20","date_gmt":"2023-08-15T08:53:20","guid":{"rendered":"https:\/\/www.automakersnews.cz\/?p=81615"},"modified":"2023-08-15T08:53:48","modified_gmt":"2023-08-15T08:53:48","slug":"denik-n-se-letos-propadl-do-ztraty","status":"publish","type":"post","link":"https:\/\/www.automakersnews.cz\/index.php\/2023\/08\/15\/denik-n-se-letos-propadl-do-ztraty\/","title":{"rendered":"Den\u00edk N se letos propadl do ztr\u00e1ty"},"content":{"rendered":"<p><strong>Internetov\u00fd a\u00a0ti\u0161t\u011bn\u00fd<em>\u00a0Den\u00edk N<\/em>, kter\u00fd produkuje vydavatelstv\u00ed N Media, vyk\u00e1zal v prvn\u00edm leto\u0161n\u00edm pololet\u00ed ztr\u00e1tu 2,3 milionu K\u010d. V pravideln\u00e9 pololetn\u00ed zpr\u00e1v\u011b to podle Medi\u00e1\u0159e uvedl \u0159editel N Media J\u00e1n Simkani\u010d.<\/strong><!--more--><\/p>\n<p>Pokles p\u0159i\u010d\u00edt\u00e1 d\u016fsledk\u016fm novely autorsk\u00e9ho z\u00e1kona, zdra\u017een\u00ed energi\u00ed i\u00a0distribuce tisku. Lo\u0148sk\u00e9 ani leto\u0161n\u00ed tr\u017eby vydavatelstv\u00ed nezve\u0159ejnilo, v\u00a0\u00fa\u010detn\u00ed z\u00e1v\u011brce za rok 2021 uv\u00e1d\u00ed \u010dist\u00fd obrat 67,5 milionu K\u010d, rok p\u0159edt\u00edm 54 milion\u016f.<\/p>\n<div id=\"attachment_259384\" class=\"wp-caption alignnone\">\n<p><img loading=\"lazy\" decoding=\"async\" class=\"size-full wp-image-259384\" src=\"https:\/\/www.mediar.cz\/wp-content\/uploads\/2023\/08\/denikn-vynosy-naklady.png\" sizes=\"auto, (max-width: 1604px) 100vw, 1604px\" srcset=\"https:\/\/www.mediar.cz\/wp-content\/uploads\/2023\/08\/denikn-vynosy-naklady.png 1604w, https:\/\/www.mediar.cz\/wp-content\/uploads\/2023\/08\/denikn-vynosy-naklady-554x400.png 554w, https:\/\/www.mediar.cz\/wp-content\/uploads\/2023\/08\/denikn-vynosy-naklady-741x535.png 741w, https:\/\/www.mediar.cz\/wp-content\/uploads\/2023\/08\/denikn-vynosy-naklady-768x554.png 768w, https:\/\/www.mediar.cz\/wp-content\/uploads\/2023\/08\/denikn-vynosy-naklady-1536x1109.png 1536w\" alt=\"K\u0159ivky v\u00fdnos\u016f a n\u00e1klad\u016f vydavatele Den\u00edku N. Zdroj: pololetn\u00ed zpr\u00e1va\" width=\"1604\" height=\"1158\" aria-describedby=\"caption-attachment-259384\" \/><\/p>\n<p id=\"caption-attachment-259384\" class=\"wp-caption-text\">K\u0159ivky v\u00fdnos\u016f a\u00a0n\u00e1klad\u016f vydavatele Den\u00edku N. Zdroj: pololetn\u00ed zpr\u00e1va<\/p>\n<\/div>\n<p>\u201ePrvn\u00ed polovina roku 2023 byla ve znamen\u00ed n\u011bkolika v\u00fdznamn\u00fdch nep\u0159\u00edjemn\u00fdch faktor\u016f, kter\u00e9 na n\u00e1s dopadly, ani\u017e jsme je mohli ovlivnit. V\u00a0meziro\u010dn\u00edm pohledu znamenaly skokov\u00fd negativn\u00ed dopad na na\u0161i ekonomickou situaci v\u00a0\u0159\u00e1du vysok\u00fdch milion\u016f korun,\u201c uvedl Simkani\u010d.<\/p>\n<p>\u201eNejv\u00edce n\u00e1s po\u0161kodilo p\u0159ijet\u00ed novely autorsk\u00e9ho z\u00e1kona, v\u00a0d\u016fsledku kter\u00e9 platformy Google a\u00a0Facebook omezily podobu zobrazen\u00ed odkaz\u016f na medi\u00e1ln\u00ed obsah. Nejen\u017ee se to odrazilo na n\u00e1v\u0161t\u011bvnosti z\u00a0t\u011bchto zdroj\u016f, ale Google nav\u00edc ukon\u010dil sv\u016fj program, ze kter\u00e9ho m\u00e9dia mohla z\u00edsk\u00e1vat dopl\u0148kov\u00e9 prost\u0159edky,\u201c popsal \u0159editel Den\u00edku N.<\/p>\n<p>\u201eVedle toho v\u00fdrazn\u011b zdra\u017eila distribuce ti\u0161t\u011bn\u00fdch novin a\u00a0spole\u010dn\u011b s\u00a0dal\u0161\u00edmi zvy\u0161uj\u00edc\u00edmi se n\u00e1klady spojen\u00fdmi s\u00a0n\u00e1jemn\u00fdm nebo energiemi to d\u00e1v\u00e1 dohromady velkou finan\u010dn\u00ed z\u00e1t\u011b\u017e nav\u00edc,\u201c doplnil.<\/p>\n<p>Za rok 2022 vyk\u00e1zal vydavatel Den\u00edku N\u00a0ztr\u00e1tu 0,5 milionu K\u010d. \u201eAle ta je pouze \u00fa\u010detn\u00edho charakteru kv\u016fli takzvan\u00e9 kapitalizaci po\u010d\u00e1te\u010dn\u00edch vklad\u016f. Provozn\u00ed hospod\u00e1\u0159sk\u00fd v\u00fdsledek dos\u00e1hl zisku p\u0159es 1,8 milionu korun,\u201c uvedl Simkani\u010d v\u00a0p\u016fli \u00fanora. Kumulovan\u00e1 provozn\u00ed ztr\u00e1ta za prvn\u00edch p\u011bt let existence den\u00edku, kter\u00fd za\u010dal vych\u00e1zet na podzim 2018, \u010din\u00ed podle \u00fadaj\u016f vydavatele p\u0159es 60 milion\u016f K\u010d.\u00a0<a href=\"https:\/\/www.mediar.cz\/denik-n-nemusi-splatit-uvodni-investici-mecenasu\/\">Po\u010d\u00e1te\u010dn\u00ed investici, kterou mu poskytla skupina mecen\u00e1\u0161\u016f, ov\u0161em vydavatelstv\u00ed nemus\u00ed vracet.<\/a><\/p>\n<div id=\"attachment_259383\" class=\"wp-caption alignnone\">\n<p><img loading=\"lazy\" decoding=\"async\" class=\"size-full wp-image-259383\" src=\"https:\/\/www.mediar.cz\/wp-content\/uploads\/2023\/08\/denikn.png\" sizes=\"auto, (max-width: 1757px) 100vw, 1757px\" srcset=\"https:\/\/www.mediar.cz\/wp-content\/uploads\/2023\/08\/denikn.png 1757w, https:\/\/www.mediar.cz\/wp-content\/uploads\/2023\/08\/denikn-591x400.png 591w, https:\/\/www.mediar.cz\/wp-content\/uploads\/2023\/08\/denikn-790x535.png 790w, https:\/\/www.mediar.cz\/wp-content\/uploads\/2023\/08\/denikn-768x520.png 768w, https:\/\/www.mediar.cz\/wp-content\/uploads\/2023\/08\/denikn-1536x1040.png 1536w\" alt=\"Provozn\u00ed v\u00fdsledek hospoda\u0159en\u00ed vydavatele Den\u00edku N. Zdroj: pololetn\u00ed zpr\u00e1va \u010dten\u00e1\u0159\u016fm, 13. \u00fanora 2023\" width=\"1757\" height=\"1190\" aria-describedby=\"caption-attachment-259383\" \/><\/p>\n<p id=\"caption-attachment-259383\" class=\"wp-caption-text\">Provozn\u00ed v\u00fdsledek hospoda\u0159en\u00ed vydavatele Den\u00edku N. Zdroj: pololetn\u00ed zpr\u00e1va \u010dten\u00e1\u0159\u016fm, 13. \u00fanora 2023<\/p>\n<\/div>\n<p>Ke konci lo\u0148ska m\u011bl Den\u00edk N\u00a0p\u0159es 27.000 p\u0159edplatitel\u016f, \u0161lo o\u00a0rekordn\u00ed po\u010det podpo\u0159en\u00fd z\u00e1jmem \u010dten\u00e1\u0159\u016f o\u00a0prezidentskou volbu. V\u00a0p\u016fli leto\u0161ka uv\u00e1d\u00ed titul 26.000 abonent\u016f. Podle Simkani\u010de se zvy\u0161uje z\u00e1jem o\u00a0klubov\u00e9 p\u0159edplatn\u00e9, kter\u00e9 vyu\u017e\u00edv\u00e1 u\u017e skoro 30\u00a0% p\u0159edplatitel\u016f.<\/p>\n<p>M\u011bs\u00ed\u010dn\u00ed p\u0159edplatn\u00e9 Den\u00edku N\u00a0stoj\u00ed 195 K\u010d (respektive 165 K\u010d p\u0159i ro\u010dn\u00ed platb\u011b), Klub N (s mo\u017enost\u00ed vypnut\u00ed reklam, odemyk\u00e1n\u00ed \u010dl\u00e1nk\u016f p\u0159\u00e1tel\u016fm \u010di online archivem ti\u0161t\u011bn\u00fdch novin) dal\u0161\u00edch 135 K\u010d m\u011bs\u00ed\u010dn\u011b.<\/p>\n<p><strong>Zdroj: mediar.cz<\/strong><\/p>\n","protected":false},"excerpt":{"rendered":"<div class=\"mh-excerpt\"><p>Internetov\u00fd a\u00a0ti\u0161t\u011bn\u00fd\u00a0Den\u00edk N, kter\u00fd produkuje vydavatelstv\u00ed N Media, vyk\u00e1zal v prvn\u00edm leto\u0161n\u00edm pololet\u00ed ztr\u00e1tu 2,3 milionu K\u010d. V pravideln\u00e9 pololetn\u00ed zpr\u00e1v\u011b to podle Medi\u00e1\u0159e uvedl <a class=\"mh-excerpt-more\" href=\"https:\/\/www.automakersnews.cz\/index.php\/2023\/08\/15\/denik-n-se-letos-propadl-do-ztraty\/\" title=\"Den\u00edk N se letos propadl do ztr\u00e1ty\">[&#8230;]<\/a><\/p>\n<\/div>","protected":false},"author":1,"featured_media":4821,"comment_status":"open","ping_status":"open","sticky":false,"template":"","format":"standard","meta":{"footnotes":""},"categories":[27,50],"tags":[],"class_list":["post-81615","post","type-post","status-publish","format-standard","has-post-thumbnail","hentry","category-media","category-vysledky"],"_links":{"self":[{"href":"https:\/\/www.automakersnews.cz\/index.php\/wp-json\/wp\/v2\/posts\/81615","targetHints":{"allow":["GET"]}}],"collection":[{"href":"https:\/\/www.automakersnews.cz\/index.php\/wp-json\/wp\/v2\/posts"}],"about":[{"href":"https:\/\/www.automakersnews.cz\/index.php\/wp-json\/wp\/v2\/types\/post"}],"author":[{"embeddable":true,"href":"https:\/\/www.automakersnews.cz\/index.php\/wp-json\/wp\/v2\/users\/1"}],"replies":[{"embeddable":true,"href":"https:\/\/www.automakersnews.cz\/index.php\/wp-json\/wp\/v2\/comments?post=81615"}],"version-history":[{"count":0,"href":"https:\/\/www.automakersnews.cz\/index.php\/wp-json\/wp\/v2\/posts\/81615\/revisions"}],"wp:featuredmedia":[{"embeddable":true,"href":"https:\/\/www.automakersnews.cz\/index.php\/wp-json\/wp\/v2\/media\/4821"}],"wp:attachment":[{"href":"https:\/\/www.automakersnews.cz\/index.php\/wp-json\/wp\/v2\/media?parent=81615"}],"wp:term":[{"taxonomy":"category","embeddable":true,"href":"https:\/\/www.automakersnews.cz\/index.php\/wp-json\/wp\/v2\/categories?post=81615"},{"taxonomy":"post_tag","embeddable":true,"href":"https:\/\/www.automakersnews.cz\/index.php\/wp-json\/wp\/v2\/tags?post=81615"}],"curies":[{"name":"wp","href":"https:\/\/api.w.org\/{rel}","templated":true}]}}