{"id":81651,"date":"2023-08-15T09:25:09","date_gmt":"2023-08-15T09:25:09","guid":{"rendered":"https:\/\/www.automakersnews.cz\/?p=81651"},"modified":"2023-08-15T11:46:22","modified_gmt":"2023-08-15T11:46:22","slug":"skoda-podporila-festival-prague-pride","status":"publish","type":"post","link":"https:\/\/www.automakersnews.cz\/index.php\/2023\/08\/15\/skoda-podporila-festival-prague-pride\/","title":{"rendered":"\u0160koda podpo\u0159ila festival Prague Pride"},"content":{"rendered":"<p><strong>\u0160koda Auto byla ji\u017e druh\u00fdm rokem ofici\u00e1ln\u00edm partnerem festivalu Prague Pride, kter\u00fd oslavuje diverzitu a zam\u011b\u0159uje se na <\/strong><strong>t\u00e9mata a pot\u0159eby LGBT+ lid\u00ed prost\u0159ednictv\u00edm \u0161irok\u00e9 \u0161k\u00e1ly akc\u00ed a rozs\u00e1hl\u00e9ho kulturn\u00edho programu.<\/strong><!--more--><\/p>\n<p>Jedn\u00edm z vrchol\u016f byl duhov\u00fd pr\u016fvod doprov\u00e1zen\u00fd unik\u00e1tn\u00edm pln\u011b elektrick\u00fdm vozem \u0160koda Enyaq Coup\u00e9 Respectline. \u010cesk\u00e1 automobilka t\u00edmto partnerstv\u00edm podtrhuje sv\u016fj z\u00e1vazek k respektu, rovn\u00fdm p\u0159\u00edle\u017eitostem a rozmanitosti.<\/p>\n<p><strong>P\u0159edseda p\u0159edstavenstva spole\u010dnosti \u0160koda Auto Klaus Zellmer zd\u016fraznil: <\/strong><\/p>\n<p>\u201eFestival Prague Pride je v\u00fdznamnou ud\u00e1lost\u00ed v oblasti diverzity a inkluze a p\u0159edstavuje \u017eiv\u00e9 a pozitivn\u00ed prost\u0159ed\u00ed, ve kter\u00e9m m\u016f\u017eeme prok\u00e1zat hodnoty spole\u010dnosti \u0160koda Auto. Je zcela z\u0159ejm\u00e9, \u017ee rozmanit\u00e9 t\u00fdmy dosahuj\u00ed lep\u0161\u00edch v\u00fdsledk\u016f, jsou odrazem cel\u00e9 spole\u010dnosti, a tud\u00ed\u017e v kone\u010dn\u00e9m d\u016fsledku reprezentuj\u00ed na\u0161i z\u00e1kaznickou z\u00e1kladnu. Prosazov\u00e1n\u00ed t\u011bchto hodnot uvnit\u0159 na\u0161\u00ed firmy z n\u00e1s jednodu\u0161e d\u011bl\u00e1 lep\u0161\u00edho zam\u011bstnavatele. Douf\u00e1m, \u017ee t\u00edm, \u017ee jsme se p\u0159ipojili k duhov\u00e9mu pr\u016fvodu s n\u00e1dhern\u00fdm, pln\u011b elektrick\u00fdm vozem \u0160koda Enyaq Coup\u00e9 Respectline, m\u016f\u017eeme i nad\u00e1le inspirovat lidi k aktivn\u00ed podpo\u0159e rozmanitosti ve sv\u00e9m okol\u00ed.\u201c<\/p>\n<p><img loading=\"lazy\" decoding=\"async\" class=\"alignnone size-large wp-image-81653\" src=\"http:\/\/www.automakersnews.cz\/wp-content\/uploads\/2023\/08\/Skoda_Prague-Pride-Festival-2_Enyaq-1024x671.jpg\" alt=\"\" width=\"1024\" height=\"671\" \/><\/p>\n<p>Maren Gr\u00e4f, \u010dlenka p\u0159edstavenstva spole\u010dnosti \u0160koda Auto za oblast Lid\u00e9 a kultura, dodala: \u201eVe spole\u010dnosti \u0160koda Auto se spole\u010dn\u011b zasazujeme o pracovn\u00ed prost\u0159ed\u00ed, kter\u00e9 je zalo\u017eeno na vz\u00e1jemn\u00e9m respektu, d\u016fv\u011b\u0159e a porozum\u011bn\u00ed. Rozmanitost na\u0161ich zam\u011bstnanc\u016f je na\u0161\u00ed silnou str\u00e1nkou. Lid\u00e9 mohou skute\u010dn\u011b naplno vyu\u017e\u00edt sv\u016fj potenci\u00e1l pouze v respektuj\u00edc\u00edm a podporuj\u00edc\u00edm prost\u0159ed\u00ed. Proto diverzitu prosazujeme nap\u0159\u00ed\u010d v\u0161emi oblastmi a aktivitami jako ned\u00edlnou sou\u010d\u00e1st na\u0161\u00ed kulturn\u00ed DNA. Sv\u00fdm z\u00e1vazkem k festivalu Prague Pride se jasn\u011b vymezujeme v\u016f\u010di netoleranci a diskriminaci.\u201c<\/p>\n<p>\u0160koda Auto podporuje festival Prague Pride jako ofici\u00e1ln\u00ed partner Pestr\u00fd program festivalu Prague Pride zahrnoval v\u00edce ne\u017e 100 konferenc\u00ed, akc\u00ed, vystoupen\u00ed a koncert\u016f oslavuj\u00edc\u00edch diverzitu a podporuj\u00edc\u00edch rovnost LGBT+ lid\u00ed. Leto\u0161n\u00ed ro\u010dn\u00edk festivalu, kter\u00fd se poprv\u00e9 konal v roce 2011, byl zam\u011b\u0159en zejm\u00e9na na tradice a jejich vliv na \u017eivot queer lid\u00ed.<\/p>\n<p><strong>Zdroj: \u0160koda Auto<\/strong><\/p>\n","protected":false},"excerpt":{"rendered":"<div class=\"mh-excerpt\"><p>\u0160koda Auto byla ji\u017e druh\u00fdm rokem ofici\u00e1ln\u00edm partnerem festivalu Prague Pride, kter\u00fd oslavuje diverzitu a zam\u011b\u0159uje se na t\u00e9mata a pot\u0159eby LGBT+ lid\u00ed prost\u0159ednictv\u00edm \u0161irok\u00e9 <a class=\"mh-excerpt-more\" href=\"https:\/\/www.automakersnews.cz\/index.php\/2023\/08\/15\/skoda-podporila-festival-prague-pride\/\" title=\"\u0160koda podpo\u0159ila festival Prague Pride\">[&#8230;]<\/a><\/p>\n<\/div>","protected":false},"author":1,"featured_media":81652,"comment_status":"open","ping_status":"open","sticky":false,"template":"","format":"standard","meta":{"footnotes":""},"categories":[60,18],"tags":[],"class_list":["post-81651","post","type-post","status-publish","format-standard","has-post-thumbnail","hentry","category-spolecenska-zodpovednost","category-sponzoring"],"_links":{"self":[{"href":"https:\/\/www.automakersnews.cz\/index.php\/wp-json\/wp\/v2\/posts\/81651","targetHints":{"allow":["GET"]}}],"collection":[{"href":"https:\/\/www.automakersnews.cz\/index.php\/wp-json\/wp\/v2\/posts"}],"about":[{"href":"https:\/\/www.automakersnews.cz\/index.php\/wp-json\/wp\/v2\/types\/post"}],"author":[{"embeddable":true,"href":"https:\/\/www.automakersnews.cz\/index.php\/wp-json\/wp\/v2\/users\/1"}],"replies":[{"embeddable":true,"href":"https:\/\/www.automakersnews.cz\/index.php\/wp-json\/wp\/v2\/comments?post=81651"}],"version-history":[{"count":0,"href":"https:\/\/www.automakersnews.cz\/index.php\/wp-json\/wp\/v2\/posts\/81651\/revisions"}],"wp:featuredmedia":[{"embeddable":true,"href":"https:\/\/www.automakersnews.cz\/index.php\/wp-json\/wp\/v2\/media\/81652"}],"wp:attachment":[{"href":"https:\/\/www.automakersnews.cz\/index.php\/wp-json\/wp\/v2\/media?parent=81651"}],"wp:term":[{"taxonomy":"category","embeddable":true,"href":"https:\/\/www.automakersnews.cz\/index.php\/wp-json\/wp\/v2\/categories?post=81651"},{"taxonomy":"post_tag","embeddable":true,"href":"https:\/\/www.automakersnews.cz\/index.php\/wp-json\/wp\/v2\/tags?post=81651"}],"curies":[{"name":"wp","href":"https:\/\/api.w.org\/{rel}","templated":true}]}}