{"id":81685,"date":"2023-08-15T11:03:45","date_gmt":"2023-08-15T11:03:45","guid":{"rendered":"https:\/\/www.automakersnews.cz\/?p=81685"},"modified":"2023-08-15T11:41:09","modified_gmt":"2023-08-15T11:41:09","slug":"lexus-chce-letos-v-cr-prodat-1600-aut","status":"publish","type":"post","link":"https:\/\/www.automakersnews.cz\/index.php\/2023\/08\/15\/lexus-chce-letos-v-cr-prodat-1600-aut\/","title":{"rendered":"Lexus chce letos v \u010cR prodat 1600 aut"},"content":{"rendered":"<p><strong>\u0160\u00e9f Toyoty Czech Martin Pele\u0161ka uspo\u0159\u00e1dal 14. srpna v Praze statickou prezentaci nov\u00e9ho modelu Lexus LBX. Hovo\u0159il tak\u00e9 o leto\u0161n\u00edch obchodn\u00edch c\u00edlech pro zna\u010dku Lexus, chyst\u00e1 otev\u0159en\u00ed nov\u00e9ho showroomu.<\/strong><!--more--><\/p>\n<p>&#8222;\u010cesk\u00fd trh hl\u00e1s\u00ed po obdob\u00ed covidov\u00fdch a logistick\u00fdch probl\u00e9m\u016f n\u00e1vrat do standardn\u00edho re\u017eimu, import\u00e9\u0159i u\u017e zase maj\u00ed dostatek aut a vrac\u00ed se zdrav\u00e1 sout\u011b\u017e, ve kter\u00e9 budou o prodejn\u00edm \u00fasp\u011bchu rozhodovat op\u011bt atraktivn\u00ed modely. Lexus m\u00e1 letos \u010d\u00edm oslovit klientelu, letos u\u017e jsme registrovali 791 aut a c\u00edl\u00edme na celkov\u00fdch 1600 kus\u016f za cel\u00fd rok. Nicm\u00e9n\u011b nechceme z Lexusu d\u011blat \u010dtvrtou n\u011bmeckou pr\u00e9miovou zna\u010dku, jdeme svoj\u00ed cestou kvality a z\u00e1kaznick\u00e9 spokojenosti,&#8220; uvedl na tiskovce\u00a0 Pele\u0161ka s t\u00edm, \u017ee prodejn\u00ed s\u00ed\u0165 zna\u010dky zanedlouho pos\u00edl\u00ed nov\u00fd showroom v Hradci Kr\u00e1lov\u00e9.<\/p>\n<p><img loading=\"lazy\" decoding=\"async\" class=\"alignnone size-large wp-image-81722\" src=\"http:\/\/www.automakersnews.cz\/wp-content\/uploads\/2023\/08\/Lexus-Peleska-TK-LBX-1024x768.jpg\" alt=\"\" width=\"1024\" height=\"768\" srcset=\"https:\/\/www.automakersnews.cz\/wp-content\/uploads\/2023\/08\/Lexus-Peleska-TK-LBX-1024x768.jpg 1024w, https:\/\/www.automakersnews.cz\/wp-content\/uploads\/2023\/08\/Lexus-Peleska-TK-LBX-300x225.jpg 300w, https:\/\/www.automakersnews.cz\/wp-content\/uploads\/2023\/08\/Lexus-Peleska-TK-LBX-768x576.jpg 768w, https:\/\/www.automakersnews.cz\/wp-content\/uploads\/2023\/08\/Lexus-Peleska-TK-LBX-1536x1152.jpg 1536w, https:\/\/www.automakersnews.cz\/wp-content\/uploads\/2023\/08\/Lexus-Peleska-TK-LBX-678x509.jpg 678w, https:\/\/www.automakersnews.cz\/wp-content\/uploads\/2023\/08\/Lexus-Peleska-TK-LBX-326x245.jpg 326w, https:\/\/www.automakersnews.cz\/wp-content\/uploads\/2023\/08\/Lexus-Peleska-TK-LBX-80x60.jpg 80w, https:\/\/www.automakersnews.cz\/wp-content\/uploads\/2023\/08\/Lexus-Peleska-TK-LBX.jpg 2040w\" sizes=\"auto, (max-width: 1024px) 100vw, 1024px\" \/><\/p>\n<p>Lexus letos nab\u00edz\u00ed \u010dty\u0159i modely a Martin Pele\u0161ka se je\u0161t\u011b na dal\u0161\u00ed t\u0159i, v\u010detn\u011b pln\u011b elektrick\u00e9ho LM 350 h.<\/p>\n<p>Nab\u00eddku na za\u010d\u00e1tku p\u0159\u00ed\u0161t\u00edho roku dopln\u00ed t\u00e9\u017e LBX, kter\u00fd u\u017e se p\u0159edv\u00e1d\u00ed na road show, objedn\u00e1vky jsou otev\u0159eny a v\u016fz se u dealer\u016f objev\u00ed po Nov\u00e9m roce.<\/p>\n<p><strong>LBX proti MINI Countrymanu<\/strong><\/p>\n<p>LBX m\u00e1 konkurovat Audi Q2 a hlavn\u011b MINI Countrymanu, import nab\u00edz\u00ed p\u0159edprodejn\u00ed bonusy na \u0161est verz\u00ed, cena startuje na 699 000 v\u010d DPH a metal\u00edzy. Ceny se podle v\u00fdbavy \u0161plhaj\u00ed a\u017e na 1 185 000 K\u010d. Verze s pohonem v\u0161ech kol vyjde o 50 tis\u00edc dr\u00e1\u017ee.<\/p>\n<p>&#8222;V sou\u010dasnosti se v uveden\u00e9m segmentu prod\u00e1v\u00e1 ro\u010dn\u011b v \u010cesku 250 aut, my chceme p\u0159\u00ed\u0161t\u00ed rok dos\u00e1hnout s LBX na 500 kus\u016f, tj. vytvo\u0159\u00edme vlastn\u011b segment sami pro sebe,&#8220; prozradil ambice Martin Pele\u0161ka.<\/p>\n<p><img loading=\"lazy\" decoding=\"async\" class=\"alignnone size-large wp-image-81717\" src=\"http:\/\/www.automakersnews.cz\/wp-content\/uploads\/2023\/08\/Lexus-LBX-TK-Vlachopoulos-1024x768.jpg\" alt=\"\" width=\"1024\" height=\"768\" srcset=\"https:\/\/www.automakersnews.cz\/wp-content\/uploads\/2023\/08\/Lexus-LBX-TK-Vlachopoulos-1024x768.jpg 1024w, https:\/\/www.automakersnews.cz\/wp-content\/uploads\/2023\/08\/Lexus-LBX-TK-Vlachopoulos-300x225.jpg 300w, https:\/\/www.automakersnews.cz\/wp-content\/uploads\/2023\/08\/Lexus-LBX-TK-Vlachopoulos-768x576.jpg 768w, https:\/\/www.automakersnews.cz\/wp-content\/uploads\/2023\/08\/Lexus-LBX-TK-Vlachopoulos-1536x1152.jpg 1536w, https:\/\/www.automakersnews.cz\/wp-content\/uploads\/2023\/08\/Lexus-LBX-TK-Vlachopoulos-678x509.jpg 678w, https:\/\/www.automakersnews.cz\/wp-content\/uploads\/2023\/08\/Lexus-LBX-TK-Vlachopoulos-326x245.jpg 326w, https:\/\/www.automakersnews.cz\/wp-content\/uploads\/2023\/08\/Lexus-LBX-TK-Vlachopoulos-80x60.jpg 80w, https:\/\/www.automakersnews.cz\/wp-content\/uploads\/2023\/08\/Lexus-LBX-TK-Vlachopoulos.jpg 2040w\" sizes=\"auto, (max-width: 1024px) 100vw, 1024px\" \/><\/p>\n<p>Produktovou prezentaci LBX na tiskovce zajistili mana\u017ee\u0159i Lexusu Tom\u00e1\u0161 Vlachopoulos a Jakub Kv\u011bto\u0148.<\/p>\n<p><img loading=\"lazy\" decoding=\"async\" class=\"alignnone size-large wp-image-81718\" src=\"http:\/\/www.automakersnews.cz\/wp-content\/uploads\/2023\/08\/Lexus-LBX-Kveton-1024x768.jpg\" alt=\"\" width=\"1024\" height=\"768\" srcset=\"https:\/\/www.automakersnews.cz\/wp-content\/uploads\/2023\/08\/Lexus-LBX-Kveton-1024x768.jpg 1024w, https:\/\/www.automakersnews.cz\/wp-content\/uploads\/2023\/08\/Lexus-LBX-Kveton-300x225.jpg 300w, https:\/\/www.automakersnews.cz\/wp-content\/uploads\/2023\/08\/Lexus-LBX-Kveton-768x576.jpg 768w, https:\/\/www.automakersnews.cz\/wp-content\/uploads\/2023\/08\/Lexus-LBX-Kveton-1536x1152.jpg 1536w, https:\/\/www.automakersnews.cz\/wp-content\/uploads\/2023\/08\/Lexus-LBX-Kveton-678x509.jpg 678w, https:\/\/www.automakersnews.cz\/wp-content\/uploads\/2023\/08\/Lexus-LBX-Kveton-326x245.jpg 326w, https:\/\/www.automakersnews.cz\/wp-content\/uploads\/2023\/08\/Lexus-LBX-Kveton-80x60.jpg 80w, https:\/\/www.automakersnews.cz\/wp-content\/uploads\/2023\/08\/Lexus-LBX-Kveton.jpg 2040w\" sizes=\"auto, (max-width: 1024px) 100vw, 1024px\" \/><\/p>\n","protected":false},"excerpt":{"rendered":"<div class=\"mh-excerpt\"><p>\u0160\u00e9f Toyoty Czech Martin Pele\u0161ka uspo\u0159\u00e1dal 14. srpna v Praze statickou prezentaci nov\u00e9ho modelu Lexus LBX. Hovo\u0159il tak\u00e9 o leto\u0161n\u00edch obchodn\u00edch c\u00edlech pro zna\u010dku Lexus, <a class=\"mh-excerpt-more\" href=\"https:\/\/www.automakersnews.cz\/index.php\/2023\/08\/15\/lexus-chce-letos-v-cr-prodat-1600-aut\/\" title=\"Lexus chce letos v \u010cR prodat 1600 aut\">[&#8230;]<\/a><\/p>\n<\/div>","protected":false},"author":1,"featured_media":81716,"comment_status":"open","ping_status":"open","sticky":false,"template":"","format":"standard","meta":{"footnotes":""},"categories":[2],"tags":[],"class_list":["post-81685","post","type-post","status-publish","format-standard","has-post-thumbnail","hentry","category-news"],"_links":{"self":[{"href":"https:\/\/www.automakersnews.cz\/index.php\/wp-json\/wp\/v2\/posts\/81685","targetHints":{"allow":["GET"]}}],"collection":[{"href":"https:\/\/www.automakersnews.cz\/index.php\/wp-json\/wp\/v2\/posts"}],"about":[{"href":"https:\/\/www.automakersnews.cz\/index.php\/wp-json\/wp\/v2\/types\/post"}],"author":[{"embeddable":true,"href":"https:\/\/www.automakersnews.cz\/index.php\/wp-json\/wp\/v2\/users\/1"}],"replies":[{"embeddable":true,"href":"https:\/\/www.automakersnews.cz\/index.php\/wp-json\/wp\/v2\/comments?post=81685"}],"version-history":[{"count":0,"href":"https:\/\/www.automakersnews.cz\/index.php\/wp-json\/wp\/v2\/posts\/81685\/revisions"}],"wp:featuredmedia":[{"embeddable":true,"href":"https:\/\/www.automakersnews.cz\/index.php\/wp-json\/wp\/v2\/media\/81716"}],"wp:attachment":[{"href":"https:\/\/www.automakersnews.cz\/index.php\/wp-json\/wp\/v2\/media?parent=81685"}],"wp:term":[{"taxonomy":"category","embeddable":true,"href":"https:\/\/www.automakersnews.cz\/index.php\/wp-json\/wp\/v2\/categories?post=81685"},{"taxonomy":"post_tag","embeddable":true,"href":"https:\/\/www.automakersnews.cz\/index.php\/wp-json\/wp\/v2\/tags?post=81685"}],"curies":[{"name":"wp","href":"https:\/\/api.w.org\/{rel}","templated":true}]}}