{"id":81954,"date":"2023-08-16T06:47:26","date_gmt":"2023-08-16T06:47:26","guid":{"rendered":"https:\/\/www.automakersnews.cz\/?p=81954"},"modified":"2023-08-16T06:47:26","modified_gmt":"2023-08-16T06:47:26","slug":"joglova-ambasadorkou-znacky-mg","status":"publish","type":"post","link":"https:\/\/www.automakersnews.cz\/index.php\/2023\/08\/16\/joglova-ambasadorkou-znacky-mg\/","title":{"rendered":"Joglov\u00e1 ambasadorkou zna\u010dky MG"},"content":{"rendered":"<p><strong>Zna\u010dka MG, kterou do \u010ceska za\u010dala dov\u00e1\u017eet M Motors a od srpna m\u00e1 v r\u00e1mci Autobincku vlastn\u00ed import, roz\u0161i\u0159uje marketingov\u00e9 aktivity. Nov\u011b n<\/strong><strong>av\u00e1zala v r\u00e1mci spolupr\u00e1ci s olympioni\u010dkou Marcelou Joglovou.<\/strong><!--more--><\/p>\n<p>\u201eJe pro n\u00e1s velkou ct\u00ed p\u0159iv\u00edtat k n\u00e1m do MG t\u00fdmu \u0161pi\u010dkov\u00e9ho sportovce takov\u00e9ho form\u00e1tu. Marcela svoj\u00ed osobnost\u00ed a neust\u00e1lou touhou se zlep\u0161ovat skv\u011ble odr\u00e1\u017e\u00ed filosofii zna\u010dky MG a jej\u00edch aktivit na evropsk\u00e9m trhu\u201c, \u0159\u00edk\u00e1 Martin Kr\u00e1l\u00ed\u010dek, gener\u00e1ln\u00ed \u0159editel MG v \u010cR.<\/p>\n<p>\u201eSou\u010dasn\u011b tak jako olympioni\u010dka a vytrvalostn\u00ed b\u011b\u017ekyn\u011b ide\u00e1ln\u011b propojuje sv\u016fj zdrav\u00fd aktivn\u00ed \u017eivotn\u00ed styl s charakterem z\u00e1kazn\u00edk\u016f zna\u010dky MG. Marcelu budeme maxim\u00e1ln\u011b podporovat, aby splnila tak\u00e9 limit pro olympijsk\u00e9 hry do Pa\u0159\u00ed\u017ee v roce 2024.\u201c, dopl\u0148uje Marek Vodi\u010dka, Marketingov\u00fd a PR mana\u017eer MG.<\/p>\n<p>Marcela Joglov\u00e1 je \u010desk\u00e1 atletka, b\u011b\u017ekyn\u011b, kter\u00e1 se specializuje p\u0159edev\u0161\u00edm na dlouh\u00e9 trat\u011b.<\/p>\n<p>V dubnu 2021 se v maratonu kvalifikovala na olympi\u00e1du v Tokiu. V \u010dervenci 2020 se stala \u010deskou mistryn\u00ed p\u016flmaratonu v druh\u00e9m nejlep\u0161\u00edm v\u00fdkonu v historii \u0161ampion\u00e1t\u016f a osobn\u00edm maximu 1:13:46. V prosinci 2020 si ve \u0161pan\u011blsk\u00e9 Valencii o v\u00edce ne\u017e p\u011bt minut zlep\u0161ila osobn\u00ed rekord v maratonu a zab\u011bhla t\u0159et\u00ed nejrychlej\u0161\u00ed \u010das v historii samostatn\u00e9 \u010cesk\u00e9 republiky (po Ev\u011b Vrabcov\u00e9 N\u00fdvltov\u00e9 a Alen\u011b Peterkov\u00e9) \u2013 dos\u00e1hla \u010das 2:31:29. V dubnu 2021 v nizozemsk\u00e9m Enschede zab\u011bhla maraton za 2:28:16, \u010d\u00edm\u017e si znovu vylep\u0161ila osobn\u00ed rekord.<\/p>\n<p><img loading=\"lazy\" decoding=\"async\" class=\"alignnone wp-image-81956\" src=\"http:\/\/www.automakersnews.cz\/wp-content\/uploads\/2023\/08\/DSC6826-300x200.jpg\" alt=\"\" width=\"896\" height=\"597\" srcset=\"https:\/\/www.automakersnews.cz\/wp-content\/uploads\/2023\/08\/DSC6826-300x200.jpg 300w, https:\/\/www.automakersnews.cz\/wp-content\/uploads\/2023\/08\/DSC6826.jpg 640w\" sizes=\"auto, (max-width: 896px) 100vw, 896px\" \/><\/p>\n","protected":false},"excerpt":{"rendered":"<div class=\"mh-excerpt\"><p>Zna\u010dka MG, kterou do \u010ceska za\u010dala dov\u00e1\u017eet M Motors a od srpna m\u00e1 v r\u00e1mci Autobincku vlastn\u00ed import, roz\u0161i\u0159uje marketingov\u00e9 aktivity. Nov\u011b nav\u00e1zala v r\u00e1mci <a class=\"mh-excerpt-more\" href=\"https:\/\/www.automakersnews.cz\/index.php\/2023\/08\/16\/joglova-ambasadorkou-znacky-mg\/\" title=\"Joglov\u00e1 ambasadorkou zna\u010dky MG\">[&#8230;]<\/a><\/p>\n<\/div>","protected":false},"author":4,"featured_media":81955,"comment_status":"open","ping_status":"open","sticky":false,"template":"","format":"standard","meta":{"footnotes":""},"categories":[3],"tags":[],"class_list":["post-81954","post","type-post","status-publish","format-standard","has-post-thumbnail","hentry","category-personalie"],"_links":{"self":[{"href":"https:\/\/www.automakersnews.cz\/index.php\/wp-json\/wp\/v2\/posts\/81954","targetHints":{"allow":["GET"]}}],"collection":[{"href":"https:\/\/www.automakersnews.cz\/index.php\/wp-json\/wp\/v2\/posts"}],"about":[{"href":"https:\/\/www.automakersnews.cz\/index.php\/wp-json\/wp\/v2\/types\/post"}],"author":[{"embeddable":true,"href":"https:\/\/www.automakersnews.cz\/index.php\/wp-json\/wp\/v2\/users\/4"}],"replies":[{"embeddable":true,"href":"https:\/\/www.automakersnews.cz\/index.php\/wp-json\/wp\/v2\/comments?post=81954"}],"version-history":[{"count":0,"href":"https:\/\/www.automakersnews.cz\/index.php\/wp-json\/wp\/v2\/posts\/81954\/revisions"}],"wp:featuredmedia":[{"embeddable":true,"href":"https:\/\/www.automakersnews.cz\/index.php\/wp-json\/wp\/v2\/media\/81955"}],"wp:attachment":[{"href":"https:\/\/www.automakersnews.cz\/index.php\/wp-json\/wp\/v2\/media?parent=81954"}],"wp:term":[{"taxonomy":"category","embeddable":true,"href":"https:\/\/www.automakersnews.cz\/index.php\/wp-json\/wp\/v2\/categories?post=81954"},{"taxonomy":"post_tag","embeddable":true,"href":"https:\/\/www.automakersnews.cz\/index.php\/wp-json\/wp\/v2\/tags?post=81954"}],"curies":[{"name":"wp","href":"https:\/\/api.w.org\/{rel}","templated":true}]}}