{"id":82257,"date":"2023-08-16T07:33:49","date_gmt":"2023-08-16T07:33:49","guid":{"rendered":"https:\/\/www.automakersnews.cz\/?p=82257"},"modified":"2023-08-16T07:34:09","modified_gmt":"2023-08-16T07:34:09","slug":"novinari-vzpomneli-na-milana-jozifa","status":"publish","type":"post","link":"https:\/\/www.automakersnews.cz\/index.php\/2023\/08\/16\/novinari-vzpomneli-na-milana-jozifa\/","title":{"rendered":"Novin\u00e1\u0159i vzpomn\u011bli na Milana Joz\u00edfa"},"content":{"rendered":"<div class=\"meta-space\">\n<p><strong>Motonovin\u00e1\u0159sk\u00e1 komunita si p\u0159ipom\u00edn\u00e1 5 let od posledn\u00edho rozlou\u010den\u00ed s Milanem Joz\u00edfem, kter\u00fd zem\u0159el 16. srpna 2018 zem\u0159el ve v\u011bku 82 let. Na sv\u00e9ho kolegu vzpomn\u011bl p\u0159edseda odborn\u00e9 poroty Auto roku Tom\u00e1\u0161 Hyan.<\/strong><\/p>\n<\/div>\n<p><!--more--><\/p>\n<p>Posledn\u00ed rozlou\u010den\u00ed s Milanem Joz\u00edfem se konalo ve \u010dtvrtek 23.srpna 2018 v \u00fast\u0159edn\u00ed ob\u0159adn\u00ed s\u00edni pra\u017esk\u00fdch Ol\u0161ansk\u00fdch h\u0159bitov\u016f.<\/p>\n<div dir=\"auto\">&#8222;Dnes p\u0159ed p\u011bti lety opustil tento sv\u011bt Ing. Milan Joz\u00edf, dlouholet\u00fd \u0161\u00e9fredaktor \u010dasopisu Automobil a nejv\u00fdznamn\u011bj\u0161\u00ed z trojice t\u011bch motoristick\u00fdch novin\u00e1\u0159\u016f, kte\u0159\u00ed se zaslou\u017eili o to, \u017ee jsem tak\u00e9 za\u010dal ps\u00e1t o automobilech. R.I.P., Milane, d\u00edky za v\u0161e! Nikdy nezapomeneme\u2026,&#8220; vzpomn\u011bl na kolegu Tom\u00e1\u0161.<\/div>\n<div dir=\"auto\"><img loading=\"lazy\" decoding=\"async\" class=\"alignnone size-full wp-image-82259\" src=\"http:\/\/www.automakersnews.cz\/wp-content\/uploads\/2023\/08\/Jozif-Hyan.jpeg\" alt=\"\" width=\"745\" height=\"657\" srcset=\"https:\/\/www.automakersnews.cz\/wp-content\/uploads\/2023\/08\/Jozif-Hyan.jpeg 745w, https:\/\/www.automakersnews.cz\/wp-content\/uploads\/2023\/08\/Jozif-Hyan-300x265.jpeg 300w\" sizes=\"auto, (max-width: 745px) 100vw, 745px\" \/><\/div>\n<p>Milan Joz\u00edf byl prvn\u00ed \u010desk\u00fd \u010dlen mezin\u00e1rodn\u00ed jury pro volbu evropsk\u00e9ho Automobilu rok (COTY).<\/p>\n<p><strong>Zdroj: FB Tom\u00e1\u0161 Hyan, archiv<\/strong><\/p>\n","protected":false},"excerpt":{"rendered":"<div class=\"mh-excerpt\"><p>Motonovin\u00e1\u0159sk\u00e1 komunita si p\u0159ipom\u00edn\u00e1 5 let od posledn\u00edho rozlou\u010den\u00ed s Milanem Joz\u00edfem, kter\u00fd zem\u0159el 16. srpna 2018 zem\u0159el ve v\u011bku 82 let. Na sv\u00e9ho kolegu <a class=\"mh-excerpt-more\" href=\"https:\/\/www.automakersnews.cz\/index.php\/2023\/08\/16\/novinari-vzpomneli-na-milana-jozifa\/\" title=\"Novin\u00e1\u0159i vzpomn\u011bli na Milana Joz\u00edfa\">[&#8230;]<\/a><\/p>\n<\/div>","protected":false},"author":1,"featured_media":82258,"comment_status":"open","ping_status":"open","sticky":false,"template":"","format":"standard","meta":{"footnotes":""},"categories":[49,23],"tags":[],"class_list":["post-82257","post","type-post","status-publish","format-standard","has-post-thumbnail","hentry","category-novinari","category-vyroci"],"_links":{"self":[{"href":"https:\/\/www.automakersnews.cz\/index.php\/wp-json\/wp\/v2\/posts\/82257","targetHints":{"allow":["GET"]}}],"collection":[{"href":"https:\/\/www.automakersnews.cz\/index.php\/wp-json\/wp\/v2\/posts"}],"about":[{"href":"https:\/\/www.automakersnews.cz\/index.php\/wp-json\/wp\/v2\/types\/post"}],"author":[{"embeddable":true,"href":"https:\/\/www.automakersnews.cz\/index.php\/wp-json\/wp\/v2\/users\/1"}],"replies":[{"embeddable":true,"href":"https:\/\/www.automakersnews.cz\/index.php\/wp-json\/wp\/v2\/comments?post=82257"}],"version-history":[{"count":0,"href":"https:\/\/www.automakersnews.cz\/index.php\/wp-json\/wp\/v2\/posts\/82257\/revisions"}],"wp:featuredmedia":[{"embeddable":true,"href":"https:\/\/www.automakersnews.cz\/index.php\/wp-json\/wp\/v2\/media\/82258"}],"wp:attachment":[{"href":"https:\/\/www.automakersnews.cz\/index.php\/wp-json\/wp\/v2\/media?parent=82257"}],"wp:term":[{"taxonomy":"category","embeddable":true,"href":"https:\/\/www.automakersnews.cz\/index.php\/wp-json\/wp\/v2\/categories?post=82257"},{"taxonomy":"post_tag","embeddable":true,"href":"https:\/\/www.automakersnews.cz\/index.php\/wp-json\/wp\/v2\/tags?post=82257"}],"curies":[{"name":"wp","href":"https:\/\/api.w.org\/{rel}","templated":true}]}}