{"id":82348,"date":"2023-08-17T07:12:52","date_gmt":"2023-08-17T07:12:52","guid":{"rendered":"https:\/\/www.automakersnews.cz\/?p=82348"},"modified":"2023-08-17T07:12:52","modified_gmt":"2023-08-17T07:12:52","slug":"scala-a-kamiq-ve-verzi-first-edition","status":"publish","type":"post","link":"https:\/\/www.automakersnews.cz\/index.php\/2023\/08\/17\/scala-a-kamiq-ve-verzi-first-edition\/","title":{"rendered":"Scala a Kamiq ve verzi First Edition"},"content":{"rendered":"<p><strong>\u010cesk\u00e9 zastoupen\u00ed automobilky \u0160koda Auto p\u0159ipravilo speci\u00e1ln\u00ed nab\u00eddku voz\u016f Scala First Edition a Kamiq First Edition. Doporu\u010den\u00e1 prodejn\u00ed cena obou voz\u016f startuje shodn\u011b na \u010d\u00e1stce 599 900 K\u010d v\u010detn\u011b DPH a k z\u00e1kazn\u00edk\u016fm by se m\u011bly dostat ji\u017e v prvn\u00edm kvart\u00e1lu roku 2024.<\/strong><!--more--><\/p>\n<p><strong>Vybaven\u00e9 verze First Edition s atraktivn\u00ed cenovkou<\/strong><\/p>\n<p>V\u00fdbava voz\u016f ve verzi First Edition p\u0159in\u00e1\u0161\u00ed zcela nov\u00e1 17palcov\u00e1 kola Kajam Aero, Matrix-LED p\u0159edn\u00ed sv\u011btlomety, virtu\u00e1ln\u00ed ped\u00e1l, virtu\u00e1ln\u00ed kokpit, paket city plus (parkovac\u00ed kamera vzadu, parkovac\u00ed senzory vp\u0159edu a vzadu, KESSY s alarmem, volba j\u00edzdn\u00edho re\u017eimu) a asistovanou j\u00edzdu 1.5+, kter\u00e1 v sob\u011b zahrnuje hl\u00edd\u00e1n\u00ed mrtv\u00e9ho \u00fahlu, adaptivn\u00ed tempomat nebo adaptivn\u00ed veden\u00ed v j\u00edzdn\u00edm pruhu. V\u016fz pak na prvn\u00ed pohled pozn\u00e1te d\u00edky speci\u00e1ln\u00ed plaketce First Edition na p\u0159edn\u00edch blatn\u00edc\u00edch.<\/p>\n<p>Exkluzivita modelu \u0160koda Kamiq ve verzi First Edition je nav\u00edc umocn\u011bna \u010dern\u011b lakovanou st\u0159echou v\u010detn\u011b A-sloupk\u016f a \u010dern\u011b lakovan\u00fdmi kryty zp\u011btn\u00fdch zrc\u00e1tek. Doporu\u010den\u00e1 prodejn\u00ed cena voz\u016f \u0160koda Scala First Edition a \u0160koda Kamiq First Edition za\u010d\u00edn\u00e1 shodn\u011b na 599 900 K\u010d v\u010detn\u011b DPH s motorizac\u00ed 1.0 TSI\/85 kW a manu\u00e1ln\u00ed p\u0159evodovkou, na 639 900 K\u010d v\u010detn\u011b DPH se stejn\u00fdm motorem v kombinaci s p\u0159edovkou DSG a na 679 900 K\u010d v\u010detn\u011b DPH ve vrcholn\u00e9 motorizaci 1.5 TSI\/110 kW DSG. Pro oba modely je p\u0159ipravena i v\u00fdbava na p\u0159\u00e1n\u00ed, kter\u00e1 zahrnuje nap\u0159\u00edklad 18palcov\u00e1 kola Fornax, panoramatickou st\u0159echu, navigaci, vyh\u0159\u00edvan\u00e9 \u010deln\u00ed sklo a dal\u0161\u00ed prvky. Specifikaci vybran\u00e9ho modelu a jeho konkr\u00e9tn\u00ed cenu z\u00e1kazn\u00edk\u016fm sd\u011bl\u00ed autorizovan\u00fd prodejce voz\u016f \u0160koda.<\/p>\n<p><strong>Zm\u011bny viditeln\u00e9 na prvn\u00ed pohled i ukryt\u00e9 pod kapotou<\/strong><\/p>\n<p>Modernizace obou model\u016f se dotkla vzhledu i techniky. Poprv\u00e9 jsou pro tyto modely k dispozici Matrix-LED p\u0159edn\u00ed sv\u011btlomety stejn\u011b jako virtu\u00e1ln\u00ed ped\u00e1l ve spojen\u00ed s elektricky ovl\u00e1dan\u00fdmi p\u00e1t\u00fdmi dve\u0159mi. Zv\u00fd\u0161il se tak\u00e9 pod\u00edl udr\u017eiteln\u00fdch materi\u00e1l\u016f. Nov\u00e9 potahy sedadel, p\u0159\u00edstrojov\u00e9 desky a v\u00fdpln\u00ed dve\u0159\u00ed vyu\u017e\u00edvaj\u00ed vedle rostlinn\u00fdch vl\u00e1ken tak\u00e9 recyklovan\u00e9 plasty.<\/p>\n<p>\u0158ada pou\u017eit\u00fdch asisten\u010dn\u00edch syst\u00e9m\u016f se b\u011b\u017en\u011b spojuje sp\u00ed\u0161e s vozy vy\u0161\u0161\u00edch t\u0159\u00edd. Ve standardn\u00ed v\u00fdbav\u011b obou model\u016f jsou nap\u0159\u00edklad Front Assist s prediktivn\u00ed ochranou chodc\u016f, asistent udr\u017eov\u00e1n\u00ed j\u00edzdn\u00edho pruhu a rozpozn\u00e1v\u00e1n\u00ed dopravn\u00edch zna\u010dek. V p\u0159\u00edpad\u011b nehody chr\u00e1n\u00ed pos\u00e1dku a\u017e dev\u011bt airbag\u016f. Inteligentn\u00ed zadn\u00ed parkovac\u00ed senzory dok\u00e1\u017eou v\u016fz p\u0159i hroz\u00edc\u00ed kolizi s p\u0159ek\u00e1\u017ekou automaticky zastavit.<\/p>\n<p><strong>Chytr\u00e9 financov\u00e1n\u00ed, kter\u00e9 se p\u0159izp\u016fsob\u00ed ka\u017ed\u00e9mu<\/strong><\/p>\n<p>Ve spolupr\u00e1ci se \u0160koda Financial Services p\u0159ipravilo tuzemsk\u00e9 zastoupen\u00ed mladoboleslavsk\u00e9 automobilky pro tuto zav\u00e1d\u011bc\u00ed edici inovovan\u00fdch model\u016f Scala a Kamiq nab\u00eddku v\u00fdhodn\u00e9ho financov\u00e1n\u00ed \u0160koda CHYT\u0158E. D\u00edky tomu maj\u00ed z\u00e1kazn\u00edci mo\u017enost flexibiln\u011b si nastavit spl\u00e1tky podle individu\u00e1ln\u00ed pot\u0159eby. Na z\u00e1klad\u011b vlastn\u00ed volby akontace, d\u00e9lky smlouvy i posledn\u00ed nav\u00fd\u0161en\u00e9 spl\u00e1tky si lze ur\u010dit optim\u00e1ln\u00ed m\u011bs\u00ed\u010dn\u00ed spl\u00e1tku. Tento atraktivn\u00ed finan\u010dn\u00ed produkt mohou vyu\u017e\u00edt soukrom\u00e9 osoby, \u017eivnostn\u00edci i firmy. Sou\u010d\u00e1st\u00ed financov\u00e1n\u00ed \u0160koda CHYT\u0158E pro tyto modely jsou rovn\u011b\u017e bal\u00ed\u010dky slu\u017eeb p\u0159edplacen\u00fd servis Standard a prodlou\u017een\u00e1 z\u00e1ruka na 5 let nebo do n\u00e1jezdu 100 000 km podle toho, co nastane d\u0159\u00edve. V p\u0159\u00edpad\u011b nevyu\u017eit\u00ed mo\u017enosti financov\u00e1n\u00ed lze tyto bal\u00ed\u010dky slu\u017eeb po\u0159\u00eddit za zv\u00fdhodn\u011bnou cenu 9 900 K\u010d v\u010detn\u011b DPH.<\/p>\n<p><img loading=\"lazy\" decoding=\"async\" class=\"alignnone wp-image-82378\" src=\"http:\/\/www.automakersnews.cz\/wp-content\/uploads\/2023\/08\/Scala-First-Edition_0132f257-2-2-small-300x214.jpg\" alt=\"\" width=\"850\" height=\"606\" srcset=\"https:\/\/www.automakersnews.cz\/wp-content\/uploads\/2023\/08\/Scala-First-Edition_0132f257-2-2-small-300x214.jpg 300w, https:\/\/www.automakersnews.cz\/wp-content\/uploads\/2023\/08\/Scala-First-Edition_0132f257-2-2-small-1024x730.jpg 1024w, https:\/\/www.automakersnews.cz\/wp-content\/uploads\/2023\/08\/Scala-First-Edition_0132f257-2-2-small-768x547.jpg 768w, https:\/\/www.automakersnews.cz\/wp-content\/uploads\/2023\/08\/Scala-First-Edition_0132f257-2-2-small-1536x1094.jpg 1536w, https:\/\/www.automakersnews.cz\/wp-content\/uploads\/2023\/08\/Scala-First-Edition_0132f257-2-2-small-2048x1459.jpg 2048w\" sizes=\"auto, (max-width: 850px) 100vw, 850px\" \/><\/p>\n","protected":false},"excerpt":{"rendered":"<div class=\"mh-excerpt\"><p>\u010cesk\u00e9 zastoupen\u00ed automobilky \u0160koda Auto p\u0159ipravilo speci\u00e1ln\u00ed nab\u00eddku voz\u016f Scala First Edition a Kamiq First Edition. Doporu\u010den\u00e1 prodejn\u00ed cena obou voz\u016f startuje shodn\u011b na \u010d\u00e1stce <a class=\"mh-excerpt-more\" href=\"https:\/\/www.automakersnews.cz\/index.php\/2023\/08\/17\/scala-a-kamiq-ve-verzi-first-edition\/\" title=\"Scala a Kamiq ve verzi First Edition\">[&#8230;]<\/a><\/p>\n<\/div>","protected":false},"author":4,"featured_media":82377,"comment_status":"open","ping_status":"open","sticky":false,"template":"","format":"standard","meta":{"footnotes":""},"categories":[2],"tags":[],"class_list":["post-82348","post","type-post","status-publish","format-standard","has-post-thumbnail","hentry","category-news"],"_links":{"self":[{"href":"https:\/\/www.automakersnews.cz\/index.php\/wp-json\/wp\/v2\/posts\/82348","targetHints":{"allow":["GET"]}}],"collection":[{"href":"https:\/\/www.automakersnews.cz\/index.php\/wp-json\/wp\/v2\/posts"}],"about":[{"href":"https:\/\/www.automakersnews.cz\/index.php\/wp-json\/wp\/v2\/types\/post"}],"author":[{"embeddable":true,"href":"https:\/\/www.automakersnews.cz\/index.php\/wp-json\/wp\/v2\/users\/4"}],"replies":[{"embeddable":true,"href":"https:\/\/www.automakersnews.cz\/index.php\/wp-json\/wp\/v2\/comments?post=82348"}],"version-history":[{"count":0,"href":"https:\/\/www.automakersnews.cz\/index.php\/wp-json\/wp\/v2\/posts\/82348\/revisions"}],"wp:featuredmedia":[{"embeddable":true,"href":"https:\/\/www.automakersnews.cz\/index.php\/wp-json\/wp\/v2\/media\/82377"}],"wp:attachment":[{"href":"https:\/\/www.automakersnews.cz\/index.php\/wp-json\/wp\/v2\/media?parent=82348"}],"wp:term":[{"taxonomy":"category","embeddable":true,"href":"https:\/\/www.automakersnews.cz\/index.php\/wp-json\/wp\/v2\/categories?post=82348"},{"taxonomy":"post_tag","embeddable":true,"href":"https:\/\/www.automakersnews.cz\/index.php\/wp-json\/wp\/v2\/tags?post=82348"}],"curies":[{"name":"wp","href":"https:\/\/api.w.org\/{rel}","templated":true}]}}