{"id":82381,"date":"2023-08-17T07:16:10","date_gmt":"2023-08-17T07:16:10","guid":{"rendered":"https:\/\/www.automakersnews.cz\/?p=82381"},"modified":"2023-08-17T07:16:10","modified_gmt":"2023-08-17T07:16:10","slug":"fm-logistic-ma-top-logistics-award","status":"publish","type":"post","link":"https:\/\/www.automakersnews.cz\/index.php\/2023\/08\/17\/fm-logistic-ma-top-logistics-award\/","title":{"rendered":"FM Logistic m\u00e1 Top Logistics Award"},"content":{"rendered":"<p><strong>Strategie spole\u010densk\u00e9 odpov\u011bdnosti (CSR), kterou spole\u010dnost FM Logistic p\u0159edstavila v roce 2018 a kter\u00e1 je j\u00e1drem jej\u00edho projektu Supply Change, byla ocen\u011bna v kategorii Logistics and Transport Service Provider na Top Logistics Europe CSR Awards 2023. <\/strong><!--more--><\/p>\n<p>Cena byla ud\u011blena za v\u00fdjime\u010dn\u011b proaktivn\u00ed pl\u00e1n, kter\u00fd veden\u00ed skupiny p\u0159ijalo a jeho\u017e c\u00edlem je p\u00e9\u010de o zam\u011bstnance spole\u010dnosti, sn\u00ed\u017een\u00ed dopad\u016f na \u017eivotn\u00ed prost\u0159ed\u00ed a snaha vybudovat spole\u010dn\u011b s klienty udr\u017eiteln\u00fd dodavatelsk\u00fd \u0159et\u011bzec. FM Logistic d\u00edky t\u00e9to strategii b\u011bhem p\u011bti let \u00fasp\u011b\u0161n\u011b zrealizovala \u0159adu projekt\u016f, kter\u00e9 maj\u00ed p\u0159\u00edm\u00fd dopad na jej\u00ed obchodn\u00ed aktivity, na uhl\u00edkovou stopu jej\u00edch klient\u016f a na celou spole\u010dnost. C\u00edlem spole\u010dnosti FM Logistic je d\u00e1le budovat udr\u017eiteln\u011bj\u0161\u00ed logistick\u00fd ekosyst\u00e9m, a proto roz\u0161i\u0159uje odd\u011blen\u00ed, kter\u00e9 m\u00e1 na starost udr\u017eitelnost a kvalitu, zdrav\u00ed, bezpe\u010dnost a \u017eivotn\u00ed prost\u0159ed\u00ed (Sustainability and QHSE).<\/p>\n<p><strong>V\u00edt\u011bzn\u00e1 strategie na cen\u00e1ch Top Logistics Europe CSR Awards 2023<\/strong><\/p>\n<p>Tato ambici\u00f3zn\u00ed a inovativn\u00ed strategie byla p\u0159edstavena na akci Top Logistics Europe CSR Awards 2023, kter\u00e1 prob\u011bhla 28. \u010dervna, a spole\u010dnost si za ni odnesla cenu v kategorii Logistics and Transport Service Provider. Na akci po\u0159\u00e1dan\u00e9 ve spolupr\u00e1ci s organizac\u00ed Sprint Project a medi\u00e1ln\u00ed platformou Supply Chain Village se se\u0161ly osobnosti s rozhodovac\u00ed pravomoc\u00ed v oblasti logistiky a dodavatelsk\u00fdch \u0159et\u011bzc\u016f. Cena se ud\u011bluje za nejlep\u0161\u00ed praktick\u00e1 opat\u0159en\u00ed a strategie CSR ve t\u0159ech kategori\u00edch. Spole\u010dnost FM Logistic se v r\u00e1mci sv\u00fdch strategi\u00ed zam\u011b\u0159en\u00fdch na \u017eivotn\u00ed prost\u0159ed\u00ed soust\u0159ed\u00ed na t\u0159i hlavn\u00ed oblasti \u2013 p\u00e9\u010di o zam\u011bstnance, dosa\u017een\u00ed uhl\u00edkov\u00e9 neutrality a zv\u00fd\u0161en\u00ed udr\u017eitelnosti dodavatelsk\u00fdch \u0159et\u011bzc\u016f.<\/p>\n<p>\u201eZ t\u00e9to ceny m\u00e1me velikou radost, ch\u00e1peme ji jako ocen\u011bn\u00ed pr\u00e1ce na\u0161ich t\u00fdm\u016f p\u0159i pl\u00e1nov\u00e1n\u00ed CSR strategie skupiny a hlavn\u011b za jej\u00ed realizaci. Sv\u00e9 z\u00e1vazky v\u017edy realizujeme rychle a efektivn\u011b. Pevn\u011b v\u011b\u0159\u00edme, \u017ee v oblasti logistiky je nutn\u00e9 jednat spole\u010dn\u011b a \u017ee udr\u017eiteln\u00e9ho rozvoje v logistice je mo\u017en\u00e9 dos\u00e1hnout pouze vz\u00e1jemnou spoluprac\u00ed p\u0159i \u0159e\u0161en\u00ed spole\u010densk\u00fdch a environment\u00e1ln\u00edch probl\u00e9m\u016f,\u201c \u0159\u00edk\u00e1 Yannick Buisson, Managing Director pro Francii, \u0160pan\u011blsko a st\u0159edn\u00ed Evropu ve spole\u010dnosti FM Logistic, kter\u00fd cenu p\u0159eb\u00edral.<\/p>\n<p><strong>Pl\u00e1n do roku 2030: z\u00e1sadn\u00ed role strategie Supply Change<\/strong><\/p>\n<p>Strategie, kterou spole\u010dnost p\u0159edstavila v roce 2018 a v\u00fdznamn\u011b roz\u0161\u00ed\u0159ila v roce 2023, se pln\u011b soust\u0159ed\u00ed na z\u00e1kazn\u00edka, a to v dob\u011b, kdy se dramaticky m\u011bn\u00ed spot\u0159ebitelsk\u00e9 vzorce chov\u00e1n\u00ed. D\u00edky t\u00e9to strategii byla v pr\u016fb\u011bhu p\u011bti let skupina schopna zrealizovat velk\u00e9 mno\u017estv\u00ed projekt\u016f, kter\u00e9 maj\u00ed p\u0159\u00edm\u00fd dopad na obchodn\u00ed aktivity spole\u010dnosti.<\/p>\n<p>Spole\u010dnost, kter\u00e1 se podle metodiky EcoVadis \u0159ad\u00ed mezi 1 % nejv\u00fdznamn\u011bj\u0161\u00edch logistick\u00fdch firem, m\u00e1 komplexn\u00ed pl\u00e1n, jak omezit ka\u017edodenn\u00ed tlak, jemu\u017e jsou zam\u011bstnanci vystaveni (125 ergoskeleton\u016f pro zam\u011bstnance, 1600 \u0161kolen\u00ed v oblasti zdrav\u00ed a bezpe\u010dnosti p\u0159i pr\u00e1ci ve virtu\u00e1ln\u00ed realit\u011b, 11 firem podporuj\u00edc\u00edch zam\u011bstn\u00e1v\u00e1n\u00ed osob s posti\u017een\u00edm), jak zlep\u0161it ekologick\u00fd design logistick\u00fdch platforem a optimalizovat spot\u0159ebu energie tak, aby logistick\u00e1 centra fungovala s co nejni\u017e\u0161\u00ed energetickou n\u00e1ro\u010dnost\u00ed (16 sklad\u016f z\u00edskalo certifik\u00e1ty LEED nebo HQE za implementaci vysok\u00fdch environment\u00e1ln\u00edch standard\u016f; ve Francii spole\u010dnost v absolutn\u00edch hodnot\u00e1ch dos\u00e1hla 41% sn\u00ed\u017een\u00ed emis\u00ed CO2 a 25% sn\u00ed\u017een\u00ed spot\u0159eby energie).<\/p>\n<p>Strategie skupiny je sou\u010d\u00e1st\u00ed pl\u00e1nu spole\u010dnosti FM Logistic zam\u011b\u0159en\u00e9ho na pomoc klient\u016fm p\u0159i tvorb\u011b cestovn\u00ed mapy vedouc\u00ed ke sn\u00ed\u017een\u00ed dopadu spot\u0159ebitelsk\u00fdch \u0159et\u011bzc\u016f. Pl\u00e1n slav\u00ed \u00fasp\u011bchy \u2013 81 % klient\u016f se domn\u00edv\u00e1, \u017ee d\u00edky n\u011bmu do\u0161lo ke zlep\u0161en\u00ed jejich vlastn\u00ed strategie CSR.<\/p>\n<p>Spole\u010dnost FM Logistic chce splnit sv\u00e9 c\u00edle v oblasti udr\u017eiteln\u00e9 logistiky tak\u00e9 pomoc\u00ed nov\u00e9 organiza\u010dn\u00ed strategie \u2013 P\u00e9n\u00e9lope Laigo, b\u00fdval\u00e1 \u0159editelka Sustainability a QHSE ve Francii, byla nov\u011b jmenov\u00e1na na pozici \u0159editelky Group Sustainability &amp; QHSE. Na jej\u00ed p\u016fvodn\u00ed pozici \u0159editelky Sustainability a QHSE ve FM Logistic France ji nahradila Audrey Thum, kter\u00e1 je tak\u00e9 \u010dlenkou v\u00fdkonn\u00e9ho v\u00fdboru ve Francii.<\/p>\n<p>\u201eB\u011bhem sv\u00e9ho p\u011btilet\u00e9ho p\u016fsoben\u00ed ve spole\u010dnosti FM Logistic jsem se pod\u00edlela na projektu dosa\u017een\u00ed uhl\u00edkov\u00e9 neutrality do roku 2030. Jsem moc r\u00e1da, \u017ee mohu i nad\u00e1le prost\u0159ednictv\u00edm sv\u00fdch schopnost\u00ed a znalost\u00ed skupin\u011b pom\u00e1hat v dosahov\u00e1n\u00ed jej\u00edch ambici\u00f3zn\u00edch c\u00edl\u016f. U\u017e nyn\u00ed jsou na\u0161e v\u00fdsledky ve Francii i celosv\u011btov\u011b skv\u011bl\u00e9. Pevn\u011b v\u011b\u0159\u00edm, \u017ee dal\u0161\u00ed rozvoj na\u0161ich iniciativ n\u00e1m umo\u017en\u00ed dos\u00e1hnout trval\u00e9 zm\u011bny v dodavatelsk\u00fdch \u0159et\u011bzc\u00edch,\u201c \u0159\u00edk\u00e1 P\u00e9n\u00e9lope Laigo.<\/p>\n<p>\u201eV roce 2023 jsme revidovali na\u0161i strategii CSR a doplnili jsme nov\u00e9 c\u00edle, kter\u00fdch chceme dos\u00e1hnout do roku 2030. Na\u0161e strategie, v jej\u00edm\u017e centru je p\u00e9\u010de o zam\u011bstnance, dopad na \u017eivotn\u00ed prost\u0159ed\u00ed a pot\u0159eby na\u0161ich klient\u016f, je tak je\u0161t\u011b ambici\u00f3zn\u011bj\u0161\u00ed,\u201c dod\u00e1v\u00e1 Yannick Buisson.<\/p>\n","protected":false},"excerpt":{"rendered":"<div class=\"mh-excerpt\"><p>Strategie spole\u010densk\u00e9 odpov\u011bdnosti (CSR), kterou spole\u010dnost FM Logistic p\u0159edstavila v roce 2018 a kter\u00e1 je j\u00e1drem jej\u00edho projektu Supply Change, byla ocen\u011bna v kategorii Logistics <a class=\"mh-excerpt-more\" href=\"https:\/\/www.automakersnews.cz\/index.php\/2023\/08\/17\/fm-logistic-ma-top-logistics-award\/\" title=\"FM Logistic m\u00e1 Top Logistics Award\">[&#8230;]<\/a><\/p>\n<\/div>","protected":false},"author":4,"featured_media":82382,"comment_status":"open","ping_status":"open","sticky":false,"template":"","format":"standard","meta":{"footnotes":""},"categories":[2],"tags":[],"class_list":["post-82381","post","type-post","status-publish","format-standard","has-post-thumbnail","hentry","category-news"],"_links":{"self":[{"href":"https:\/\/www.automakersnews.cz\/index.php\/wp-json\/wp\/v2\/posts\/82381","targetHints":{"allow":["GET"]}}],"collection":[{"href":"https:\/\/www.automakersnews.cz\/index.php\/wp-json\/wp\/v2\/posts"}],"about":[{"href":"https:\/\/www.automakersnews.cz\/index.php\/wp-json\/wp\/v2\/types\/post"}],"author":[{"embeddable":true,"href":"https:\/\/www.automakersnews.cz\/index.php\/wp-json\/wp\/v2\/users\/4"}],"replies":[{"embeddable":true,"href":"https:\/\/www.automakersnews.cz\/index.php\/wp-json\/wp\/v2\/comments?post=82381"}],"version-history":[{"count":0,"href":"https:\/\/www.automakersnews.cz\/index.php\/wp-json\/wp\/v2\/posts\/82381\/revisions"}],"wp:featuredmedia":[{"embeddable":true,"href":"https:\/\/www.automakersnews.cz\/index.php\/wp-json\/wp\/v2\/media\/82382"}],"wp:attachment":[{"href":"https:\/\/www.automakersnews.cz\/index.php\/wp-json\/wp\/v2\/media?parent=82381"}],"wp:term":[{"taxonomy":"category","embeddable":true,"href":"https:\/\/www.automakersnews.cz\/index.php\/wp-json\/wp\/v2\/categories?post=82381"},{"taxonomy":"post_tag","embeddable":true,"href":"https:\/\/www.automakersnews.cz\/index.php\/wp-json\/wp\/v2\/tags?post=82381"}],"curies":[{"name":"wp","href":"https:\/\/api.w.org\/{rel}","templated":true}]}}