{"id":83046,"date":"2023-08-17T08:42:21","date_gmt":"2023-08-17T08:42:21","guid":{"rendered":"https:\/\/www.automakersnews.cz\/?p=83046"},"modified":"2023-08-17T08:42:21","modified_gmt":"2023-08-17T08:42:21","slug":"element-logic-najal-tri-nove-manazery","status":"publish","type":"post","link":"https:\/\/www.automakersnews.cz\/index.php\/2023\/08\/17\/element-logic-najal-tri-nove-manazery\/","title":{"rendered":"Element Logic najal t\u0159i nov\u00e9 mana\u017eery"},"content":{"rendered":"<p align=\"JUSTIFY\"><span style=\"color: #000000;\"><span style=\"font-family: Arial, serif;\"><span style=\"font-size: small;\"><b>T\u00fdm \u010desk\u00e9 pobo\u010dky <\/b><\/span><\/span><\/span><span style=\"color: #000000;\"><span style=\"font-family: Arial, serif;\"><span style=\"font-size: small;\"><b>Element Logic posiluj\u00ed t\u0159i pracovn\u00edci s dlouholet\u00fdmi obchodn\u00edmi a mana\u017eersk\u00fdmi zku\u0161enostmi. Evropsk\u00fd l\u00eddr v oblasti automatizovan\u00fdch skladov\u00fdch \u0159e\u0161en\u00ed do sv\u00fdch kruh\u016f p\u0159ijal Account Managera Patrika Maninu a Sales Managery Jana B\u00e1rtu a P\u0159emysla Mikol\u00e1\u0161ka.<\/b><\/span><\/span><\/span><!--more--><\/p>\n<p align=\"JUSTIFY\"><span style=\"font-family: Arial, serif;\"><span style=\"font-size: small;\">Spole\u010dnost Element Logic v\u00a0leto\u0161n\u00edm roce p\u0159iv\u00edtala nov\u00e9 mana\u017eery. <\/span><\/span><span style=\"color: #000000;\"><span style=\"font-family: Arial, serif;\"><span style=\"font-size: small;\"><i>\u201eKa\u017ed\u00fd nov\u00fd kolega je pro n\u00e1s velkou posilou a jeho zku\u0161enosti n\u00e1s mohou zase posunout d\u00e1le. V\u011b\u0159\u00edm, \u017ee tomu tak bude i v\u00a0tomto p\u0159\u00edpad\u011b a \u017ee nov\u00ed kolegov\u00e9 zapadnou nejen do na\u0161\u00ed firemn\u00ed kultury, ale tak\u00e9 p\u0159isp\u011bj\u00ed k\u00a0automatizaci sklad\u016f dal\u0161\u00edch \u010desk\u00fdch firem,\u201c <\/i><\/span><\/span><\/span><span style=\"color: #000000;\"><span style=\"font-family: Arial, serif;\"><span style=\"font-size: small;\">uv\u00e1d\u00ed <\/span><\/span><\/span><span style=\"color: #000000;\"><span style=\"font-family: Arial, serif;\"><span style=\"font-size: small;\"><b>CEO Element Logic Czech Republic Jind\u0159ich Kade\u0159\u00e1vek<\/b><\/span><\/span><\/span><span style=\"color: #000000;\"><span style=\"font-family: Arial, serif;\"><span style=\"font-size: small;\">.<\/span><\/span><\/span><\/p>\n<p align=\"JUSTIFY\"><span style=\"color: #000000;\"><span style=\"font-family: Arial, serif;\"><span style=\"font-size: small;\">Na pozici Account Managera nastoupil Patrik Manina, kter\u00fd naposledy p\u016fsobil ve spole\u010dnosti Honeywell jako Senior Account Manager. Zku\u0161enosti v\u00a0obchodn\u011b-mana\u017eersk\u00fdch rol\u00edch m\u00e1 tak\u00e9 ze spole\u010dnost\u00ed Blumenbecker Prag, Yaskawa Czech \u010di Rockwell Automation.<\/span><\/span><\/span> <span style=\"color: #000000;\"><span style=\"font-family: Arial, serif;\"><span style=\"font-size: small;\"><i>\u201eElement Logic je evropsk\u00fdm l\u00eddrem ve sv\u00e9m oboru a t\u011b\u0161\u00edm se na nov\u00e9 v\u00fdzvy vypl\u00fdvaj\u00edc\u00ed z\u00a0t\u00e9to spolupr\u00e1ce. M\u00fdm c\u00edlem bude krom\u011b jin\u00e9ho identifikovat spr\u00e1vn\u00e9 obchodn\u00ed p\u0159\u00edle\u017eitosti a pe\u010dovat o klienty v\u00a0nov\u00fdch i st\u00e1vaj\u00edc\u00edch zak\u00e1zk\u00e1ch,\u201c <\/i><\/span><\/span><\/span><span style=\"color: #000000;\"><span style=\"font-family: Arial, serif;\"><span style=\"font-size: small;\">uv\u00e1d\u00ed <\/span><\/span><\/span><span style=\"color: #000000;\"><span style=\"font-family: Arial, serif;\"><span style=\"font-size: small;\"><b>Patrik Manina, Account Manager Element Logic Czech Republic.<\/b><\/span><\/span><\/span><\/p>\n<p align=\"JUSTIFY\"><span style=\"color: #000000;\"><span style=\"font-family: Arial, serif;\"><span style=\"font-size: small;\">Obchodn\u00ed odd\u011blen\u00ed posiluje Jan B\u00e1rta na pozici Sales managera s\u00a010let\u00fdmi zku\u0161enostmi v\u00a0oblasti logistiky. Na stejn\u00e9 pozici p\u016fsobil ji\u017e ve firm\u011b SSI Sch\u00e4fer, kde m\u011bl na starost vyhled\u00e1v\u00e1n\u00ed nov\u00fdch z\u00e1kazn\u00edk\u016f, p\u00e9\u010di o st\u00e1vaj\u00edc\u00ed klienty a prodej intralogistick\u00fdch \u0159e\u0161en\u00ed. Rok str\u00e1vil tak\u00e9 ve spole\u010dnosti BITO skladovac\u00ed technika. <\/span><\/span><\/span><span style=\"color: #000000;\"><span style=\"font-family: Arial, serif;\"><span style=\"font-size: small;\"><i>\u201eDo prosperuj\u00edc\u00ed spole\u010dnosti Element Logic jsem nastoupil, proto\u017ee vid\u00edm velk\u00fd potenci\u00e1l v\u00a0automatizaci skladov\u00fdch \u0159e\u0161en\u00ed, a to p\u0159edev\u0161\u00edm v\u00a0sou\u010dasn\u00e9 turbulentn\u00ed dob\u011b,\u201c<\/i><\/span><\/span><\/span><span style=\"color: #000000;\"><span style=\"font-family: Arial, serif;\"><span style=\"font-size: small;\"> \u0159\u00edk\u00e1 <\/span><\/span><\/span><span style=\"color: #000000;\"><span style=\"font-family: Arial, serif;\"><span style=\"font-size: small;\"><b>Jan B\u00e1rta, Sales Manager Element Logic Czech Republic.<\/b><\/span><\/span><\/span><\/p>\n<figure id=\"attachment_83050\" aria-describedby=\"caption-attachment-83050\" style=\"width: 576px\" class=\"wp-caption alignnone\"><img loading=\"lazy\" decoding=\"async\" class=\"size-large wp-image-83050\" src=\"http:\/\/www.automakersnews.cz\/wp-content\/uploads\/2023\/08\/Jan-Barta-576x1024.jpg\" alt=\"\" width=\"576\" height=\"1024\" \/><figcaption id=\"caption-attachment-83050\" class=\"wp-caption-text\">Jan B\u00e1rta<\/figcaption><\/figure>\n<p align=\"JUSTIFY\"><span style=\"color: #000000;\"><span style=\"font-family: Arial, serif;\"><span style=\"font-size: small;\">Do obchodn\u00edho t\u00fdmu se po 5let\u00e9 zku\u0161enosti ve firm\u011b Jungheinrich na pozici prodejce s\u00e9riov\u00e9 techniky p\u0159ipojil tak\u00e9 P\u0159emysl Mikol\u00e1\u0161ek. V\u00a0Element Logic bude pracovat jako Sales manager. <\/span><\/span><\/span><span style=\"color: #000000;\"><span style=\"font-family: Arial, serif;\"><span style=\"font-size: small;\"><i>\u201eT\u011b\u0161\u00edm se na nov\u00e9 dynamick\u00e9 pracovn\u00ed prost\u0159ed\u00ed a v\u0161echny v\u00fdzvy, kter\u00e9 spolupr\u00e1ce s\u00a0Element Logic p\u0159inese,\u201c <\/i><\/span><\/span><\/span><span style=\"color: #000000;\"><span style=\"font-family: Arial, serif;\"><span style=\"font-size: small;\">\u0159\u00edk\u00e1 <\/span><\/span><\/span><span style=\"color: #000000;\"><span style=\"font-family: Arial, serif;\"><span style=\"font-size: small;\"><b>P\u0159emysl Mikol\u00e1\u0161ek, Sales Manager Element Logic Czech Republic.<\/b><\/span><\/span><\/span><\/p>\n<figure id=\"attachment_83049\" aria-describedby=\"caption-attachment-83049\" style=\"width: 768px\" class=\"wp-caption alignnone\"><img loading=\"lazy\" decoding=\"async\" class=\"size-large wp-image-83049\" src=\"http:\/\/www.automakersnews.cz\/wp-content\/uploads\/2023\/08\/Premysl-Mikolasek-scaled-e1692261665372-768x1024.jpeg\" alt=\"\" width=\"768\" height=\"1024\" srcset=\"https:\/\/www.automakersnews.cz\/wp-content\/uploads\/2023\/08\/Premysl-Mikolasek-scaled-e1692261665372-768x1024.jpeg 768w, https:\/\/www.automakersnews.cz\/wp-content\/uploads\/2023\/08\/Premysl-Mikolasek-scaled-e1692261665372-225x300.jpeg 225w, https:\/\/www.automakersnews.cz\/wp-content\/uploads\/2023\/08\/Premysl-Mikolasek-scaled-e1692261665372.jpeg 920w\" sizes=\"auto, (max-width: 768px) 100vw, 768px\" \/><figcaption id=\"caption-attachment-83049\" class=\"wp-caption-text\">P\u0159emysl Mikol\u00e1\u0161ek<\/figcaption><\/figure>\n<p align=\"JUSTIFY\"><span style=\"color: #000000;\"><span style=\"font-family: Arial, serif;\"><span style=\"font-size: small;\"><b>Element Logic<\/b><\/span><\/span><\/span><\/p>\n<p align=\"JUSTIFY\"><span style=\"color: #000000;\"><span style=\"font-family: Arial, serif;\"><span style=\"font-size: small;\">Element Logic je norsk\u00e1 spole\u010dnost, kter\u00e1 se za posledn\u00edch t\u0159icet let stala p\u0159edn\u00ed technologickou a intralogistickou spole\u010dnost\u00ed. Navrhuje, implementuje a dod\u00e1v\u00e1 \u0161irokou \u0161k\u00e1lu automatizovan\u00fdch a statick\u00fdch skladov\u00fdch \u0159e\u0161en\u00ed pro spole\u010dnosti\/firmy r\u016fzn\u00fdch velikost\u00ed a r\u016fzn\u00fdch odv\u011btv\u00ed v Evrop\u011b. Chytr\u00e1 \u0159e\u0161en\u00ed zrychluj\u00ed expedi\u010dn\u00ed proces. Robotick\u00e1 \u0159e\u0161en\u00ed a softwarov\u00e9 \u0159e\u0161en\u00ed pom\u00e1haj\u00ed optimalizovat intralogistick\u00e9 procesy a sou\u010dasn\u011b velmi efektivn\u011b sni\u017euj\u00ed n\u00e1klady, \u010d\u00edm\u017e pom\u00e1haj\u00ed spole\u010dnostem dos\u00e1hnout vy\u0161\u0161\u00ed ziskovost.<\/span><\/span><\/span><\/p>\n<p align=\"JUSTIFY\"><span style=\"color: #000000;\"><span style=\"font-family: Arial, serif;\"><span style=\"font-size: small;\"> Optimalizace sklad\u016f je mo\u017en\u00e1 pro v\u0161echny velikosti ve v\u0161ech odv\u011btv\u00ed \u2013 od elektronick\u00fdch sou\u010d\u00e1stek, spot\u0159ebn\u00ed elektroniku, p\u0159es farmaceutika, po od\u011bvy a sportovn\u00ed vybaven\u00ed.<\/span><\/span><\/span><\/p>\n","protected":false},"excerpt":{"rendered":"<div class=\"mh-excerpt\"><p>T\u00fdm \u010desk\u00e9 pobo\u010dky Element Logic posiluj\u00ed t\u0159i pracovn\u00edci s dlouholet\u00fdmi obchodn\u00edmi a mana\u017eersk\u00fdmi zku\u0161enostmi. Evropsk\u00fd l\u00eddr v oblasti automatizovan\u00fdch skladov\u00fdch \u0159e\u0161en\u00ed do sv\u00fdch kruh\u016f p\u0159ijal <a class=\"mh-excerpt-more\" href=\"https:\/\/www.automakersnews.cz\/index.php\/2023\/08\/17\/element-logic-najal-tri-nove-manazery\/\" title=\"Element Logic najal t\u0159i nov\u00e9 mana\u017eery\">[&#8230;]<\/a><\/p>\n<\/div>","protected":false},"author":1,"featured_media":83048,"comment_status":"open","ping_status":"open","sticky":false,"template":"","format":"standard","meta":{"footnotes":""},"categories":[26,3],"tags":[],"class_list":["post-83046","post","type-post","status-publish","format-standard","has-post-thumbnail","hentry","category-logistika","category-personalie"],"_links":{"self":[{"href":"https:\/\/www.automakersnews.cz\/index.php\/wp-json\/wp\/v2\/posts\/83046","targetHints":{"allow":["GET"]}}],"collection":[{"href":"https:\/\/www.automakersnews.cz\/index.php\/wp-json\/wp\/v2\/posts"}],"about":[{"href":"https:\/\/www.automakersnews.cz\/index.php\/wp-json\/wp\/v2\/types\/post"}],"author":[{"embeddable":true,"href":"https:\/\/www.automakersnews.cz\/index.php\/wp-json\/wp\/v2\/users\/1"}],"replies":[{"embeddable":true,"href":"https:\/\/www.automakersnews.cz\/index.php\/wp-json\/wp\/v2\/comments?post=83046"}],"version-history":[{"count":0,"href":"https:\/\/www.automakersnews.cz\/index.php\/wp-json\/wp\/v2\/posts\/83046\/revisions"}],"wp:featuredmedia":[{"embeddable":true,"href":"https:\/\/www.automakersnews.cz\/index.php\/wp-json\/wp\/v2\/media\/83048"}],"wp:attachment":[{"href":"https:\/\/www.automakersnews.cz\/index.php\/wp-json\/wp\/v2\/media?parent=83046"}],"wp:term":[{"taxonomy":"category","embeddable":true,"href":"https:\/\/www.automakersnews.cz\/index.php\/wp-json\/wp\/v2\/categories?post=83046"},{"taxonomy":"post_tag","embeddable":true,"href":"https:\/\/www.automakersnews.cz\/index.php\/wp-json\/wp\/v2\/tags?post=83046"}],"curies":[{"name":"wp","href":"https:\/\/api.w.org\/{rel}","templated":true}]}}