{"id":84115,"date":"2023-08-22T06:13:41","date_gmt":"2023-08-22T06:13:41","guid":{"rendered":"https:\/\/www.automakersnews.cz\/?p=84115"},"modified":"2023-08-22T06:13:41","modified_gmt":"2023-08-22T06:13:41","slug":"sedm-skodovek-na-sachsen-classic","status":"publish","type":"post","link":"https:\/\/www.automakersnews.cz\/index.php\/2023\/08\/22\/sedm-skodovek-na-sachsen-classic\/","title":{"rendered":"Sedm \u0160kodovek na Sachsen Classic"},"content":{"rendered":"<p><strong>T\u00fdm \u0160koda Classic pat\u0159\u00ed k tradi\u010dn\u00edm \u00fa\u010dastn\u00edk\u016fm veter\u00e1nsk\u00e9 rallye Sachsen Classic. V jubilejn\u00edm 20. ro\u010dn\u00edku h\u00e1jilo \u010dest zna\u010dky sedm expon\u00e1t\u016f \u0160koda Muzea ze 40. a\u017e 80. let minul\u00e9ho stolet\u00ed. <\/strong><!--more--><\/p>\n<p>Setinov\u00e1 rallye odstartovala ve \u010dtvrtek 17. srpna ve Cvikov\u011b. V\u00edce ne\u017e 180 pos\u00e1dek v sobotu zav\u00edtalo i na \u010desk\u00e9 \u00fazem\u00ed, div\u00e1ci mohli historick\u00e9 vozy obdivovat v okol\u00ed Kr\u00e1sn\u00e9 L\u00edpy. V sobotn\u00edm odpoledni, po celkem 544 km, projeli vozy v Dr\u00e1\u017e\u010fanech c\u00edlem popul\u00e1rn\u00ed sout\u011b\u017ee.<\/p>\n<p>Nejstar\u0161\u00edmi vozy, kter\u00e9 \u0160koda Auto vyslala na tra\u0165 Sachsen Classic, byli z\u00e1stupci klasick\u00e9 \u0159ady \u0160koda 1101 \u201eTudor\u201c v proveden\u00ed kabriolet a roadster, oba vyroben\u00e9 v roce 1948. K l\u00e9tu tradi\u010dn\u011b pat\u0159ila i otev\u0159en\u00e1 \u0160koda Felicia (1961), dal\u0161\u00ed z ikonick\u00fdch model\u016f \u010desk\u00e9 automobilky.<\/p>\n<p>R\u016fzn\u00e9 podoby dvoudve\u0159ov\u00fdch uzav\u0159en\u00fdch karoseri\u00ed reprezentovaly \u010dty\u0159i dal\u0161\u00ed vozy: \u0160koda 440 \u201eSpartak\u201c p\u0159ipom\u00ednala, jak v roce 1957 vypadalo sout\u011b\u017en\u00ed proveden\u00ed z\u00e1kladn\u00edho modelu tehdej\u0161\u00ed nab\u00eddky. Novou \u00e9ru voz\u016f \u0160koda s motorem v z\u00e1di samonosn\u00e9 karoserie uvedla nad\u010dasov\u011b elegantn\u00ed \u0160koda 1100 MBX DeLuxe (1969), poskytuj\u00edc\u00ed pos\u00e1dce kr\u00e1sn\u00fd v\u00fdhled do krajiny neru\u0161en\u00fd obvykl\u00fdmi B-sloupky. K ikonick\u00fdm model\u016fm pat\u0159ila tak\u00e9 obl\u00edben\u00e1 kup\u00e9 jako legend\u00e1rn\u00ed \u0160koda 110 R (1971) nebo o 17 let mlad\u0161\u00ed \u0160koda Rapid 135.<\/p>\n<p><img loading=\"lazy\" decoding=\"async\" class=\"alignnone wp-image-84149\" src=\"http:\/\/www.automakersnews.cz\/wp-content\/uploads\/2023\/08\/230816_Skoda-at-Sachsen-Classic-2023-2-smauu-1-300x200.jpg\" alt=\"\" width=\"875\" height=\"583\" srcset=\"https:\/\/www.automakersnews.cz\/wp-content\/uploads\/2023\/08\/230816_Skoda-at-Sachsen-Classic-2023-2-smauu-1-300x200.jpg 300w, https:\/\/www.automakersnews.cz\/wp-content\/uploads\/2023\/08\/230816_Skoda-at-Sachsen-Classic-2023-2-smauu-1-1024x683.jpg 1024w, https:\/\/www.automakersnews.cz\/wp-content\/uploads\/2023\/08\/230816_Skoda-at-Sachsen-Classic-2023-2-smauu-1-768x512.jpg 768w, https:\/\/www.automakersnews.cz\/wp-content\/uploads\/2023\/08\/230816_Skoda-at-Sachsen-Classic-2023-2-smauu-1.jpg 1440w\" sizes=\"auto, (max-width: 875px) 100vw, 875px\" \/><\/p>\n<p>Veter\u00e1nsk\u00e1 sout\u011b\u017e Sachsen Classic pat\u0159\u00ed k tzv. setinov\u00fdm rallye. O \u00fasp\u011bchu tak nerozhoduje rychlost j\u00edzdy, ale jej\u00ed pravidelnost a p\u0159esnost. Jubilejn\u00ed 20. ro\u010dn\u00edk rallye p\u0159edstavil div\u00e1k\u016fm v\u00edce ne\u017e 180 automobil\u016f. Prvn\u00ed z pos\u00e1dek vyrazila na tra\u0165 z centra sask\u00e9ho Cvikova ve \u010dtvrtek 17. srpna minutu po poledni.<\/p>\n<p>\u00davodn\u00ed etapu dlouhou 109 km zpest\u0159ila mimo jin\u00e9 \u010dasov\u00e1 kontrola na z\u00e1vodn\u00edm okruhu Sachsenring. V p\u00e1tek \u010dekala \u00fa\u010dastn\u00edky tak\u0159ka dvojn\u00e1sobn\u00e1 porce kilometr\u016f (215 km), t\u0159et\u00ed den historick\u00e9 vozy zav\u00edtaly tak\u00e9 na \u010desk\u00e9 \u00fazem\u00ed. Div\u00e1ci je b\u011bhem sobotn\u00edho dopoledne mohli obdivovat t\u0159eba p\u0159i pr\u016fjezdu Kr\u00e1snou L\u00edpou. V sobotu odpoledne, po absolvov\u00e1n\u00ed celkem 544 km rovinami i n\u00e1ro\u010dn\u011bj\u0161\u00edmi \u00faseky v Kru\u0161n\u00fdch hor\u00e1ch, \u010dekal \u00fasp\u011b\u0161n\u00e9 pos\u00e1dky rallye Sachsen Classic 2023 c\u00edl v Dr\u00e1\u017e\u010fanech.<\/p>\n<p><img loading=\"lazy\" decoding=\"async\" class=\"alignnone wp-image-84146\" src=\"http:\/\/www.automakersnews.cz\/wp-content\/uploads\/2023\/08\/1900_1_cervenec_3-small-300x200.jpg\" alt=\"\" width=\"755\" height=\"503\" srcset=\"https:\/\/www.automakersnews.cz\/wp-content\/uploads\/2023\/08\/1900_1_cervenec_3-small-300x200.jpg 300w, https:\/\/www.automakersnews.cz\/wp-content\/uploads\/2023\/08\/1900_1_cervenec_3-small-1024x683.jpg 1024w, https:\/\/www.automakersnews.cz\/wp-content\/uploads\/2023\/08\/1900_1_cervenec_3-small-768x512.jpg 768w, https:\/\/www.automakersnews.cz\/wp-content\/uploads\/2023\/08\/1900_1_cervenec_3-small.jpg 1440w\" sizes=\"auto, (max-width: 755px) 100vw, 755px\" \/><\/p>\n<p>&nbsp;<\/p>\n","protected":false},"excerpt":{"rendered":"<div class=\"mh-excerpt\"><p>T\u00fdm \u0160koda Classic pat\u0159\u00ed k tradi\u010dn\u00edm \u00fa\u010dastn\u00edk\u016fm veter\u00e1nsk\u00e9 rallye Sachsen Classic. V jubilejn\u00edm 20. ro\u010dn\u00edku h\u00e1jilo \u010dest zna\u010dky sedm expon\u00e1t\u016f \u0160koda Muzea ze 40. a\u017e <a class=\"mh-excerpt-more\" href=\"https:\/\/www.automakersnews.cz\/index.php\/2023\/08\/22\/sedm-skodovek-na-sachsen-classic\/\" title=\"Sedm \u0160kodovek na Sachsen Classic\">[&#8230;]<\/a><\/p>\n<\/div>","protected":false},"author":4,"featured_media":84144,"comment_status":"open","ping_status":"open","sticky":false,"template":"","format":"standard","meta":{"footnotes":""},"categories":[10,53],"tags":[],"class_list":["post-84115","post","type-post","status-publish","format-standard","has-post-thumbnail","hentry","category-eventy","category-veterani"],"_links":{"self":[{"href":"https:\/\/www.automakersnews.cz\/index.php\/wp-json\/wp\/v2\/posts\/84115","targetHints":{"allow":["GET"]}}],"collection":[{"href":"https:\/\/www.automakersnews.cz\/index.php\/wp-json\/wp\/v2\/posts"}],"about":[{"href":"https:\/\/www.automakersnews.cz\/index.php\/wp-json\/wp\/v2\/types\/post"}],"author":[{"embeddable":true,"href":"https:\/\/www.automakersnews.cz\/index.php\/wp-json\/wp\/v2\/users\/4"}],"replies":[{"embeddable":true,"href":"https:\/\/www.automakersnews.cz\/index.php\/wp-json\/wp\/v2\/comments?post=84115"}],"version-history":[{"count":0,"href":"https:\/\/www.automakersnews.cz\/index.php\/wp-json\/wp\/v2\/posts\/84115\/revisions"}],"wp:featuredmedia":[{"embeddable":true,"href":"https:\/\/www.automakersnews.cz\/index.php\/wp-json\/wp\/v2\/media\/84144"}],"wp:attachment":[{"href":"https:\/\/www.automakersnews.cz\/index.php\/wp-json\/wp\/v2\/media?parent=84115"}],"wp:term":[{"taxonomy":"category","embeddable":true,"href":"https:\/\/www.automakersnews.cz\/index.php\/wp-json\/wp\/v2\/categories?post=84115"},{"taxonomy":"post_tag","embeddable":true,"href":"https:\/\/www.automakersnews.cz\/index.php\/wp-json\/wp\/v2\/tags?post=84115"}],"curies":[{"name":"wp","href":"https:\/\/api.w.org\/{rel}","templated":true}]}}