{"id":85439,"date":"2023-08-21T15:34:17","date_gmt":"2023-08-21T15:34:17","guid":{"rendered":"https:\/\/www.automakersnews.cz\/?p=85439"},"modified":"2023-08-21T15:34:17","modified_gmt":"2023-08-21T15:34:17","slug":"toyota-hilux-vozi-psy-na-ochranu-pred-vlky","status":"publish","type":"post","link":"https:\/\/www.automakersnews.cz\/index.php\/2023\/08\/21\/toyota-hilux-vozi-psy-na-ochranu-pred-vlky\/","title":{"rendered":"Toyota Hilux voz\u00ed psy na ochranu p\u0159ed vlky"},"content":{"rendered":"<p><strong>Do \u010desk\u00e9 krajiny se vr\u00e1tili vlci. A farm\u00e1\u0159i se boj\u00ed o svoje st\u00e1da. Pom\u00e1haj\u00ed jim pasteve\u010dt\u00ed psi, jejich\u017e vyu\u017eit\u00ed p\u0159edstavuje filma\u0159 a fotograf p\u0159\u00edrody Prokop Pithart. Na m\u00edsto ur\u010den\u00ed je na korb\u011b odv\u00e1\u017e\u00ed jeho Toyota Hilux.<\/strong><!--more--><\/p>\n<p>Jedn\u00edm z farm\u00e1\u0159\u016f, kter\u00fd si pasteveck\u00e9 psy kv\u016fli ochran\u011b p\u0159ed vlky po\u0159\u00eddil, je Franti\u0161ek Groessl z \u010cesk\u00e9ho svazu ochr\u00e1nc\u016f p\u0159\u00edrody Libosv\u00e1ry. Po\u0159\u00eddil si dva \u0161arplan\u011bnsk\u00e9 pasteveck\u00e9 psy a jednoho slovensk\u00e9ho \u010duva\u010de. \u201eZa kopcem sn\u011bdli vlci dv\u011b telata, tak\u017ee vlky u\u017e tu m\u00e1me za humny. Hned, jak se objevili, jsme proto zakro\u010dili, aby se k na\u0161im zv\u00ed\u0159at\u016fm v\u016fbec nedostali,\u201c vysv\u011btluje.<\/p>\n<p>\u201ePasteve\u010dt\u00ed psi jsou je\u0161t\u011b v kombinaci s elektrick\u00fdm ohradn\u00edkem rozhodn\u011b nej\u00fa\u010dinn\u011bj\u0161\u00edm opat\u0159en\u00edm proti \u00fatok\u016fm vlk\u016f,\u201c dod\u00e1v\u00e1 Groessl v nov\u00e9m d\u00edle s\u00e9rie Na dosah, kterou pro \u010deskou Toyotu nat\u00e1\u010d\u00ed a moderuje Prokop Pithart.<\/p>\n<p><strong>Jak nau\u010dit psa, aby hl\u00eddal<\/strong><\/p>\n<p>Nakl\u00e1d\u00e1me tato mohutn\u00e1 plemena na korbu Toyoty Hilux, kter\u00e1 se op\u011bt ukazuje jako perfektn\u00ed pracant vhodn\u00fd i na farmu, a vyr\u00e1\u017e\u00edme na pastvinu za st\u00e1dem koz. Na Groesslov\u011b farm\u011b se v\u0161ak pasou tak\u00e9 ovce, jaci a kon\u011b.<\/p>\n<p>Hilux nab\u00edz\u00ed u\u017eite\u010dn\u00e9 zat\u00ed\u017een\u00ed 1 t a ut\u00e1hne p\u0159\u00edv\u011bs o hmotnosti a\u017e 3,5 tuny. Pro j\u00edzdu v ter\u00e9nu ru\u010dn\u011b p\u0159i\u0159aditeln\u00fd syst\u00e9m 4&#215;4 dopl\u0148uje automatick\u00fd samosvorn\u00fd diferenci\u00e1l, asistent rozjezdu do kopce HAC nebo syst\u00e9m aktivn\u00edho \u0159\u00edzen\u00ed trakce (A-TRC).<\/p>\n<p>Psi jsou sice svou povahou pasteve\u010dt\u00ed, p\u0159esto je t\u0159eba je nejprve nau\u010dit, \u017ee maj\u00ed st\u00e1do hl\u00eddat. \u201eNejd\u016fle\u017eit\u011bj\u0161\u00ed je, aby pes se st\u00e1dem vyrostl. Proto s n\u00e1mi ani jako mal\u00ed netr\u00e1vili \u010das v ob\u00fdv\u00e1ku, ale v\u017edy byli v men\u0161\u00ed ohrad\u011b nebo ve st\u00e1ji se zv\u00ed\u0159aty, kter\u00e9 potom maj\u00ed hl\u00eddat,\u201c \u0159\u00edk\u00e1 Franti\u0161ek Groessl. D\u00edky tomu pak pes pova\u017euje ostatn\u00ed zv\u00ed\u0159ata za svoji rodinu.<\/p>\n<p><img loading=\"lazy\" decoding=\"async\" class=\"alignnone wp-image-85441\" src=\"http:\/\/www.automakersnews.cz\/wp-content\/uploads\/2023\/08\/LW_230525_TOYOTA_NA_DOSAH_8_PROKOP_PITHART_small-1-300x225.jpg\" alt=\"\" width=\"848\" height=\"636\" srcset=\"https:\/\/www.automakersnews.cz\/wp-content\/uploads\/2023\/08\/LW_230525_TOYOTA_NA_DOSAH_8_PROKOP_PITHART_small-1-300x225.jpg 300w, https:\/\/www.automakersnews.cz\/wp-content\/uploads\/2023\/08\/LW_230525_TOYOTA_NA_DOSAH_8_PROKOP_PITHART_small-1-1024x768.jpg 1024w, https:\/\/www.automakersnews.cz\/wp-content\/uploads\/2023\/08\/LW_230525_TOYOTA_NA_DOSAH_8_PROKOP_PITHART_small-1-768x576.jpg 768w, https:\/\/www.automakersnews.cz\/wp-content\/uploads\/2023\/08\/LW_230525_TOYOTA_NA_DOSAH_8_PROKOP_PITHART_small-1-678x509.jpg 678w, https:\/\/www.automakersnews.cz\/wp-content\/uploads\/2023\/08\/LW_230525_TOYOTA_NA_DOSAH_8_PROKOP_PITHART_small-1-326x245.jpg 326w, https:\/\/www.automakersnews.cz\/wp-content\/uploads\/2023\/08\/LW_230525_TOYOTA_NA_DOSAH_8_PROKOP_PITHART_small-1-80x60.jpg 80w, https:\/\/www.automakersnews.cz\/wp-content\/uploads\/2023\/08\/LW_230525_TOYOTA_NA_DOSAH_8_PROKOP_PITHART_small-1.jpg 1400w\" sizes=\"auto, (max-width: 848px) 100vw, 848px\" \/><\/p>\n<p><strong>Nebezpe\u010d\u00ed b\u011b\u017e\u00ed vst\u0159\u00edc<\/strong><\/p>\n<p>\u201eV\u0161ichni si mysl\u00ed, \u017ee psi tomu st\u00e1du \u0161\u00e9fuj\u00ed, ale nen\u00ed to pravda. Ti psi jsou na nejni\u017e\u0161\u00edm \u017eeb\u0159\u00ed\u010dku hierarchie toho st\u00e1da. Kdy\u017e potom p\u0159ijde nebezpe\u010d\u00ed, ovce a kozy ut\u00edkaj\u00ed od nebezpe\u010d\u00ed pry\u010d, zat\u00edmco psi mu b\u011b\u017e\u00ed vst\u0159\u00edc,\u201c popisuje farm\u00e1\u0159 a ochr\u00e1nce p\u0159\u00edrody, jak cel\u00e9 sou\u017eit\u00ed vlastn\u011b funguje.<\/p>\n<p>Rizikem jsou v o\u010d\u00edch ps\u016f nejen pred\u00e1to\u0159i jako pr\u00e1v\u011b vlci, ale t\u0159eba i ciz\u00ed lid\u00e9 a ciz\u00ed psi. Proto pokud byste n\u011bkdy proch\u00e1zeli kolem pastvin, kde st\u00e1do hl\u00eddaj\u00ed pasteve\u010dt\u00ed psi, m\u011bjte sv\u00e9ho psa v\u017edy na vod\u00edtku, p\u0159\u00edpadn\u011b se takov\u00fdm m\u00edst\u016fm rad\u011bji vyhn\u011bte.<\/p>\n<p>\u201eJe pravda, \u017ee s po\u0159\u00edzen\u00edm ps\u016f p\u0159ibyla Franti\u0161kovi a jeho rodin\u011b spousta pr\u00e1ce nav\u00edc, ale j\u00e1 jsem r\u00e1d, \u017ee to funguje a \u017ee v na\u0161\u00ed krajin\u011b tak mohou vedle sebe \u017e\u00edt jak vlci, tak voln\u011b se pasouc\u00ed st\u00e1da koz nebo ovc\u00ed, na kter\u00e9 d\u00edky ps\u016fm vlci neza\u00fato\u010d\u00ed,\u201c shrnuje Prokop Pithart.<\/p>\n<p><img loading=\"lazy\" decoding=\"async\" class=\"alignnone wp-image-85442\" src=\"http:\/\/www.automakersnews.cz\/wp-content\/uploads\/2023\/08\/LW_230525_TOYOTA_NA_DOSAH_8_PROKOP_PITHART_small-3-300x225.jpg\" alt=\"\" width=\"887\" height=\"665\" srcset=\"https:\/\/www.automakersnews.cz\/wp-content\/uploads\/2023\/08\/LW_230525_TOYOTA_NA_DOSAH_8_PROKOP_PITHART_small-3-300x225.jpg 300w, https:\/\/www.automakersnews.cz\/wp-content\/uploads\/2023\/08\/LW_230525_TOYOTA_NA_DOSAH_8_PROKOP_PITHART_small-3-1024x768.jpg 1024w, https:\/\/www.automakersnews.cz\/wp-content\/uploads\/2023\/08\/LW_230525_TOYOTA_NA_DOSAH_8_PROKOP_PITHART_small-3-768x576.jpg 768w, https:\/\/www.automakersnews.cz\/wp-content\/uploads\/2023\/08\/LW_230525_TOYOTA_NA_DOSAH_8_PROKOP_PITHART_small-3-678x509.jpg 678w, https:\/\/www.automakersnews.cz\/wp-content\/uploads\/2023\/08\/LW_230525_TOYOTA_NA_DOSAH_8_PROKOP_PITHART_small-3-326x245.jpg 326w, https:\/\/www.automakersnews.cz\/wp-content\/uploads\/2023\/08\/LW_230525_TOYOTA_NA_DOSAH_8_PROKOP_PITHART_small-3-80x60.jpg 80w, https:\/\/www.automakersnews.cz\/wp-content\/uploads\/2023\/08\/LW_230525_TOYOTA_NA_DOSAH_8_PROKOP_PITHART_small-3.jpg 1400w\" sizes=\"auto, (max-width: 887px) 100vw, 887px\" \/><\/p>\n","protected":false},"excerpt":{"rendered":"<div class=\"mh-excerpt\"><p>Do \u010desk\u00e9 krajiny se vr\u00e1tili vlci. A farm\u00e1\u0159i se boj\u00ed o svoje st\u00e1da. Pom\u00e1haj\u00ed jim pasteve\u010dt\u00ed psi, jejich\u017e vyu\u017eit\u00ed p\u0159edstavuje filma\u0159 a fotograf p\u0159\u00edrody Prokop <a class=\"mh-excerpt-more\" href=\"https:\/\/www.automakersnews.cz\/index.php\/2023\/08\/21\/toyota-hilux-vozi-psy-na-ochranu-pred-vlky\/\" title=\"Toyota Hilux voz\u00ed psy na ochranu p\u0159ed vlky\">[&#8230;]<\/a><\/p>\n<\/div>","protected":false},"author":4,"featured_media":85440,"comment_status":"open","ping_status":"open","sticky":false,"template":"","format":"standard","meta":{"footnotes":""},"categories":[2],"tags":[],"class_list":["post-85439","post","type-post","status-publish","format-standard","has-post-thumbnail","hentry","category-news"],"_links":{"self":[{"href":"https:\/\/www.automakersnews.cz\/index.php\/wp-json\/wp\/v2\/posts\/85439","targetHints":{"allow":["GET"]}}],"collection":[{"href":"https:\/\/www.automakersnews.cz\/index.php\/wp-json\/wp\/v2\/posts"}],"about":[{"href":"https:\/\/www.automakersnews.cz\/index.php\/wp-json\/wp\/v2\/types\/post"}],"author":[{"embeddable":true,"href":"https:\/\/www.automakersnews.cz\/index.php\/wp-json\/wp\/v2\/users\/4"}],"replies":[{"embeddable":true,"href":"https:\/\/www.automakersnews.cz\/index.php\/wp-json\/wp\/v2\/comments?post=85439"}],"version-history":[{"count":0,"href":"https:\/\/www.automakersnews.cz\/index.php\/wp-json\/wp\/v2\/posts\/85439\/revisions"}],"wp:featuredmedia":[{"embeddable":true,"href":"https:\/\/www.automakersnews.cz\/index.php\/wp-json\/wp\/v2\/media\/85440"}],"wp:attachment":[{"href":"https:\/\/www.automakersnews.cz\/index.php\/wp-json\/wp\/v2\/media?parent=85439"}],"wp:term":[{"taxonomy":"category","embeddable":true,"href":"https:\/\/www.automakersnews.cz\/index.php\/wp-json\/wp\/v2\/categories?post=85439"},{"taxonomy":"post_tag","embeddable":true,"href":"https:\/\/www.automakersnews.cz\/index.php\/wp-json\/wp\/v2\/tags?post=85439"}],"curies":[{"name":"wp","href":"https:\/\/api.w.org\/{rel}","templated":true}]}}