{"id":85794,"date":"2023-08-21T06:59:57","date_gmt":"2023-08-21T06:59:57","guid":{"rendered":"https:\/\/www.automakersnews.cz\/?p=85794"},"modified":"2023-08-21T07:16:12","modified_gmt":"2023-08-21T07:16:12","slug":"pavel-vondracek-sefredaktorem-info-cz","status":"publish","type":"post","link":"https:\/\/www.automakersnews.cz\/index.php\/2023\/08\/21\/pavel-vondracek-sefredaktorem-info-cz\/","title":{"rendered":"Vondr\u00e1\u010dek \u0161\u00e9fredaktorem n\u00e1zorov\u00e9ho webu"},"content":{"rendered":"<p><strong>B\u00fdval\u00fd \u0161\u00e9fredaktor \u010dasopisu Maxim a motoristick\u00fd novin\u00e1\u0159 Pavel Vondr\u00e1\u010dek zkou\u0161el n\u011bkolik let \u0161t\u011bst\u00ed jako majitel obchodu a restaurace v Dlouh\u00e9 ulici. Nad\u011bjn\u011b rozjet\u00fd podnik ale nakonec prodal a op\u011bt se \u017eiv\u00ed novina\u0159inou. V srpnu se objevil na nov\u00e9 \u0161\u00e9fredaktorsk\u00e9 pozici.<\/strong><span id=\"more-94151\"><\/span><!--more--><\/p>\n<p>\u201eT\u0159\u00edpatrov\u00fd obchod, kde jsme se spole\u010dn\u00edky nab\u00edzeli mo\u017esk\u00e9 delikatesy a dal\u0161\u00ed zbo\u017e\u00ed, m\u011bl nad\u011bjn\u00fd za\u010d\u00e1tek, ale nakonec n\u00e1s ubily regula\u010dn\u00ed z\u00e1sahy. Z\u00e1kaz prodeje piva po 10 hodin\u011b pro n\u00e1s znamenal konec zisk\u016f. N\u00e1jem obchodu ve v\u00fd\u0161i 450 tis\u00edc korun m\u011bs\u00ed\u010dn\u011b se nedal ut\u00e1hnout,\u201c \u0159ekl n\u00e1m tehdy Pavel s t\u00edm, \u017ee se op\u011bt naplno v\u011bnuje publicistice.<\/p>\n<p><strong>Nov\u00e9 \u00fakoly na K\u0159et\u00ednsk\u00e9ho webu Info.cz<\/strong><\/p>\n<p><strong>Letos v srpnu p\u0159evzal veden\u00ed n\u00e1zorov\u00e9ho webu Info.cz po zakl\u00e1daj\u00edc\u00edm \u0161\u00e9fredaktorovi Michalu P\u016frovi. Ten v letech 2003 a\u017e 2013 <a href=\"https:\/\/www.mediar.cz\/pavel-vondracek-jako-sefredaktor-casopisu-maxim-konci-nahradi-ho-jan-stepanek-z-metra\/\">\u0159\u00eddil \u010dasopis pro mu\u017ee\u00a0<em>Maxim<\/em><\/a>, tut\u00e9\u017e zna\u010dku dnes nese\u00a0<a href=\"https:\/\/www.info.cz\/podcasty\/maxim-pavla-vondracka\">Vondr\u00e1\u010dk\u016fv podcast na Info.cz<\/a>.<\/strong><\/p>\n<p>Pot\u00e9 \u0159\u00eddil <a href=\"https:\/\/www.mediar.cz\/byvaly-sef-maximu-a-majitele-extra-cz-rozjedou-cesky-buzzfeed-g-cz\/\">z\u00e1bavn\u011b-informa\u010dn\u00ed web\u00a0<em><strong>G.cz<\/strong><\/em>\u00a0vych\u00e1zej\u00edc\u00ed pod Extra Online Media<\/a>, pozd\u011bji vedl ti\u0161t\u011bn\u00fd cestovatelsk\u00fd dvoum\u011bs\u00ed\u010dn\u00edk\u00a0<a href=\"https:\/\/www.mediar.cz\/na-trh-vstupuje-luxury-travel-digest-spojil-casopisy-luxury-travel-a-travel-digest\/\"><em><strong>Travel Digest<\/strong><\/em><\/a>. P\u016fr z\u00a0\u010dela Info.cz\u00a0<a href=\"https:\/\/www.mediar.cz\/michal-pur-jako-sefredaktor-info-cz-konci-chysta-novy-projekt\/\">ode\u0161el v\u00a0kv\u011btnu<\/a>,\u00a0<a href=\"https:\/\/www.mediar.cz\/vladimir-piskacek-a-michal-pur-uvedli-medialni-projekt-datarun-paletu-newsletteru-a-podcastu\/\">do nov\u00e9ho medi\u00e1ln\u00edho projektu Datarun<\/a>, kter\u00fd zalo\u017eil spole\u010dn\u011b s\u00a0medi\u00e1ln\u00edm mana\u017eerem\u00a0<strong>Vladim\u00edrem Pisk\u00e1\u010dkem<\/strong>.<\/p>\n<p>Info.cz vyd\u00e1v\u00e1 firma CMI News, sou\u010d\u00e1st medi\u00e1ln\u00edho konglomer\u00e1tu Czech Media Invest kolem\u00a0<strong>Daniela K\u0159et\u00ednsk\u00e9ho<\/strong>, kter\u00fd tak\u00e9\u00a0<a href=\"https:\/\/www.mediar.cz\/kretinsky-webu-info-cz-prislibil-letos-10-milionu\/\">rozjezd webu dotoval des\u00edtkami milion\u016f<\/a>.<\/p>\n<p>Nov\u00fd \u0161\u00e9fredaktor Vondr\u00e1\u010dek chce z\u00e1b\u011br titulu roz\u0161\u00ed\u0159it. \u201ePonech\u00e1m spole\u010densk\u00e9, politick\u00e9 texty, ale z\u00e1rove\u0148 mus\u00edm webu vdechnout \u00fapln\u011b jin\u00fd duch, d\u00edvat se na aktu\u00e1ln\u00ed probl\u00e9my z\u00a0r\u016fzn\u00fdch \u00fahl\u016f a\u00a0hledat neot\u0159el\u00e9 pohledy,\u201c \u0159\u00edk\u00e1\u00a0<a href=\"https:\/\/herohero.co\/aust\">v\u00a0podcastu\u00a0<em><strong>Aust<\/strong><\/em><\/a>, v\u00a0rozhovoru, kter\u00fd vyjde p\u0159\u00ed\u0161t\u00ed st\u0159edu.<\/p>\n<p>\u201eMrz\u00ed m\u011b, \u017ee odch\u00e1z\u00ed dosavadn\u00ed z\u00e1stupce \u0161\u00e9fredaktora\u00a0<strong>Luk\u00e1\u0161 Posp\u00ed\u0161il<\/strong>, velice dobr\u00fd editor. Dosavadn\u00ed j\u00e1dro redakce z\u016fst\u00e1v\u00e1,\u201c uv\u00e1d\u00ed Vondr\u00e1\u010dek k\u00a0person\u00e1li\u00edm. Mezi autory podle n\u011bj maj\u00ed b\u00fdt nov\u011b nap\u0159\u00edklad\u00a0<strong>Radek Kovanda<\/strong>\u00a0nebo\u00a0<a href=\"https:\/\/www.mediar.cz\/do-seznam-zprav-prisli-neff-mihalicek-a-marsal\/\"><strong>Adam Mar\u0161\u00e1l<\/strong><\/a>, s\u00a0nimi\u017e Vondr\u00e1\u010dek d\u011blal u\u017e v\u00a0Maximu, \u010di t\u0159eba p\u0159ekladatel a\u00a0publicista\u00a0<strong>Ladislav Nagy<\/strong>. Jinak m\u00e1 b\u00fdt nastaven tak\u00e9\u00a0<a href=\"https:\/\/www.mediar.cz\/info-cz-zpoplatnilo-web-a-prebira-businessinfo-cz\/\">paywall<\/a>, respektive to, kter\u00e9 texty \u010di podcasty budou za p\u0159edplatn\u00e9 a\u00a0kter\u00e9 voln\u011b dostupn\u00e9, financovan\u00e9 konkr\u00e9tn\u00edmi partnery.<\/p>\n<p>\u201eM\u011b zaj\u00edm\u00e1 Info.cz jako m\u00edsto, kde z\u00a0text\u016f, vide\u00ed, podcast\u016f a\u00a0newsletter\u016f m\u016f\u017eu poskl\u00e1dat smyslupln\u00fd obraz. Samoz\u0159ejm\u011b obraz ironick\u00fd, nepatetick\u00fd, opravdov\u00fd i\u00a0konfliktn\u00ed,\u201c shrnuje svou vizi nov\u00fd \u0161\u00e9fredaktor. Vondr\u00e1\u010dek zd\u016fraz\u0148uje, \u017ee dobr\u00fd obsah nem\u016f\u017ee vznikat od stolu, ale mus\u00ed se j\u00edt fyzicky za t\u00e9maty. Trv\u00e1 tak\u00e9 na redak\u010dn\u00edm potk\u00e1v\u00e1n\u00ed se a\u00a0inspirov\u00e1n\u00ed: \u201eKa\u017ed\u00fd, kdo pracuje na home office, kreativn\u011b hnije.\u201c<\/p>\n<p><strong>Zdroj: archiv, mediar.cz<\/strong><\/p>\n<p><img loading=\"lazy\" decoding=\"async\" class=\"alignnone size-large wp-image-85798\" src=\"http:\/\/www.automakersnews.cz\/wp-content\/uploads\/2023\/08\/pavel-vondracek-1-1024x683.jpg\" alt=\"\" width=\"1024\" height=\"683\" \/><\/p>\n","protected":false},"excerpt":{"rendered":"<div class=\"mh-excerpt\"><p>B\u00fdval\u00fd \u0161\u00e9fredaktor \u010dasopisu Maxim a motoristick\u00fd novin\u00e1\u0159 Pavel Vondr\u00e1\u010dek zkou\u0161el n\u011bkolik let \u0161t\u011bst\u00ed jako majitel obchodu a restaurace v Dlouh\u00e9 ulici. Nad\u011bjn\u011b rozjet\u00fd podnik ale <a class=\"mh-excerpt-more\" href=\"https:\/\/www.automakersnews.cz\/index.php\/2023\/08\/21\/pavel-vondracek-sefredaktorem-info-cz\/\" title=\"Vondr\u00e1\u010dek \u0161\u00e9fredaktorem n\u00e1zorov\u00e9ho webu\">[&#8230;]<\/a><\/p>\n<\/div>","protected":false},"author":1,"featured_media":85799,"comment_status":"open","ping_status":"open","sticky":false,"template":"","format":"standard","meta":{"footnotes":""},"categories":[27,49],"tags":[],"class_list":["post-85794","post","type-post","status-publish","format-standard","has-post-thumbnail","hentry","category-media","category-novinari"],"_links":{"self":[{"href":"https:\/\/www.automakersnews.cz\/index.php\/wp-json\/wp\/v2\/posts\/85794","targetHints":{"allow":["GET"]}}],"collection":[{"href":"https:\/\/www.automakersnews.cz\/index.php\/wp-json\/wp\/v2\/posts"}],"about":[{"href":"https:\/\/www.automakersnews.cz\/index.php\/wp-json\/wp\/v2\/types\/post"}],"author":[{"embeddable":true,"href":"https:\/\/www.automakersnews.cz\/index.php\/wp-json\/wp\/v2\/users\/1"}],"replies":[{"embeddable":true,"href":"https:\/\/www.automakersnews.cz\/index.php\/wp-json\/wp\/v2\/comments?post=85794"}],"version-history":[{"count":0,"href":"https:\/\/www.automakersnews.cz\/index.php\/wp-json\/wp\/v2\/posts\/85794\/revisions"}],"wp:featuredmedia":[{"embeddable":true,"href":"https:\/\/www.automakersnews.cz\/index.php\/wp-json\/wp\/v2\/media\/85799"}],"wp:attachment":[{"href":"https:\/\/www.automakersnews.cz\/index.php\/wp-json\/wp\/v2\/media?parent=85794"}],"wp:term":[{"taxonomy":"category","embeddable":true,"href":"https:\/\/www.automakersnews.cz\/index.php\/wp-json\/wp\/v2\/categories?post=85794"},{"taxonomy":"post_tag","embeddable":true,"href":"https:\/\/www.automakersnews.cz\/index.php\/wp-json\/wp\/v2\/tags?post=85794"}],"curies":[{"name":"wp","href":"https:\/\/api.w.org\/{rel}","templated":true}]}}