{"id":85832,"date":"2023-08-21T07:26:19","date_gmt":"2023-08-21T07:26:19","guid":{"rendered":"https:\/\/www.automakersnews.cz\/?p=85832"},"modified":"2023-08-21T07:31:47","modified_gmt":"2023-08-21T07:31:47","slug":"pavel-pral-autodromu-most-ke-kulatinam","status":"publish","type":"post","link":"https:\/\/www.automakersnews.cz\/index.php\/2023\/08\/21\/pavel-pral-autodromu-most-ke-kulatinam\/","title":{"rendered":"Pavel p\u0159\u00e1l Autodromu Most ke kulatin\u00e1m"},"content":{"rendered":"<p><b>AUTODROM MOST ji\u017e 40 let p\u0159edstavuje jeden ze svatost\u00e1nk\u016f pro p\u0159\u00edznivce motoristick\u00e9ho sportu. Ofici\u00e1ln\u00ed zah\u00e1jen\u00ed provozu z\u00e1vodn\u00edho okruhu se odehr\u00e1lo 14. srpna roku 1983. Mezi gratulanty, kte\u0159\u00ed p\u0159ej\u00ed okruhu k v\u00fdznamn\u00e9mu v\u00fdro\u010d\u00ed je i prezident Petr Pavel. <\/b><!--more--><\/p>\n<p><b>\u00a0<\/b><i>\u201eLetos slav\u00ed mosteck\u00fd autodrom 40. narozeniny a je t\u0159eba \u0159\u00edct, \u017ee se mu moc da\u0159\u00ed. Cht\u011bl bych Autodromu pop\u0159\u00e1t, aby se mu do dal\u0161\u00edch let da\u0159ilo je\u0161t\u011b l\u00edp, aby sem p\u0159it\u00e1hl z\u00e1vody evropsk\u00e9 i sv\u011btov\u00e9 \u00farovn\u011b, hodn\u011b fanou\u0161k\u016f a aby motorsport u n\u00e1s nezanikl, ale vzkv\u00e9tal,&#8220;\u00a0<\/i>pop\u0159\u00e1l okruhu\u00a0<strong>prezident Petr Pavel\u00a0<\/strong>p\u0159\u00edmo na startovn\u00edm ro\u0161tu Autodromu Most, b\u011bhem srpnov\u00e9ho ESET Cupu, kter\u00fd osobn\u011b nav\u0161t\u00edvil.<\/p>\n<p>Most se sv\u00e9 prvn\u00ed motoristick\u00e9 akce do\u010dkal nedlouho po druh\u00e9 sv\u011btov\u00e9 v\u00e1lce, kdy\u017e byl 25. kv\u011btna 1947 na trati kolem pivovaru odstartov\u00e1n prvn\u00ed rychlostn\u00ed z\u00e1vod motocykl\u016f. O p\u011bt let pozd\u011bji se uskute\u010dnilo tak\u00e9 prvn\u00ed kl\u00e1n\u00ed automobil\u016f. V\u00a0dal\u0161\u00ed letech se m\u00edsta z\u00e1vod\u016f \u010dasto m\u011bnila, ale st\u00e1le prob\u00edhala na okruz\u00edch vyty\u010den\u00fdch na silnic\u00edch ur\u010den\u00fdch pro b\u011b\u017en\u00fd silni\u010dn\u00ed provoz, co\u017e ov\u0161em byla b\u011b\u017en\u00e1 praxe i ve sv\u011bt\u011b.<\/p>\n<iframe loading=\"lazy\"  style=\"display: block; margin: 0px auto;\"  id=\"_ytid_45230\"  width=\"800\" height=\"450\"  data-origwidth=\"800\" data-origheight=\"450\" src=\"https:\/\/www.youtube.com\/embed\/EtwiC5v8vi8?enablejsapi=1&autoplay=1&cc_load_policy=0&iv_load_policy=1&loop=1&playlist=EtwiC5v8vi8&modestbranding=0&fs=1&playsinline=0&controls=1&color=red&cc_lang_pref=&rel=1&autohide=2&theme=dark&\" class=\"__youtube_prefs__  no-lazyload\" title=\"YouTube player\"  allow=\"accelerometer; autoplay; clipboard-write; encrypted-media; gyroscope; picture-in-picture\" allowfullscreen data-no-lazy=\"1\" data-skipgform_ajax_framebjll=\"\"><\/iframe>\n<p>Vzr\u016fstaj\u00edc\u00ed rychlosti z\u00e1vodn\u00edch automobil\u016f i motocykl\u016f a st\u00e1le se zvy\u0161uj\u00edc\u00ed n\u00e1roky na bezpe\u010dnost i z\u00e1zem\u00ed pro z\u00e1vodn\u00edky i jejich t\u00fdmy a samoz\u0159ejm\u011b i pro div\u00e1ky vedly v\u00a0sedmdes\u00e1t\u00fdch letech dvac\u00e1t\u00e9ho stolet\u00ed k\u00a0rozhodnut\u00ed vybudovat speci\u00e1ln\u00ed z\u00e1vodn\u00ed okruh. V\u017edy\u0165 nap\u0159\u00edklad v\u00a0roce 1979 se v\u00a0Most\u011b na okruhu vyty\u010den\u00e9m je\u0161t\u011b na komunikac\u00edch d\u00e1lni\u010dn\u00edho typu uskute\u010dnil mimo jin\u00e9 jeden z podnik\u016f presti\u017en\u00edho seri\u00e1lu z\u00e1vod\u016f sportovn\u00edch voz\u016f a prototyp\u016f Interserie, pat\u0159\u00edc\u00edch k\u00a0nejrychlej\u0161\u00edm nejen ve sv\u00e9 dob\u011b.<\/p>\n<p>Autodrom za\u010dali d\u011bln\u00edci stav\u011bt na plo\u0161e o rozloze 140 hektar\u016f v m\u00edst\u011b b\u00fdval\u00e9ho povrchov\u00e9ho hn\u011bdouheln\u00e9ho lomu Vrbensk\u00fd v roce 1978, z\u00e1vodn\u00ed okruh m\u011bl b\u00fdt sou\u010d\u00e1st\u00ed tzv. brann\u011b-sportovn\u00edho are\u00e1lu. Studii okruhu vyhotovila o dva roky d\u0159\u00edve skupina lid\u00ed veden\u00e1 V\u00e1clavem Paurem. N\u00e1vrh trati p\u0159itom vznikal bez mo\u017enosti d\u016fkladn\u011bj\u0161\u00ed prohl\u00eddky projektu n\u011bkter\u00e9ho ze zahrani\u010dn\u00edch okruh\u016f. Auto\u0159i n\u00e1vrhu trati sice nav\u0161t\u00edvili n\u011bmeck\u00e9 okruhy Hockenheim a N\u00fcrburgring, p\u0159i projektov\u00e1n\u00ed v\u0161ak m\u011bli k dispozici pouze p\u0159edpisy mezin\u00e1rodn\u00edch federac\u00ed FIA a FIM a poznatky z\u00edskan\u00e9 z odborn\u00e9ho motoristick\u00e9ho tisku a televizn\u00edch p\u0159enos\u016f. P\u0159esto v projektu neopomenuli \u017e\u00e1dn\u00fd detail.<\/p>\n<p><strong>Ofici\u00e1ln\u00ed zah\u00e1jen\u00ed provozu na nov\u00e9m Autodromu Most se odehr\u00e1lo 14. srpna roku 1983<\/strong>, i kdy\u017e zku\u0161ebn\u00ed automobilov\u00e9 z\u00e1vody zde \u00fasp\u011b\u0161n\u011b prob\u011bhly ji\u017e koncem \u010dervna stejn\u00e9ho roku. Vedle samotn\u00fdch z\u00e1vod\u016f automobil\u016f a motocykl\u016f se hned od po\u010d\u00e1tku po\u010d\u00edtalo s\u00a0vyu\u017eit\u00edm autodromu i pro jin\u00e9 \u00fa\u010dely. Brzy tak o\u017eil tak\u00e9 testov\u00e1n\u00edm z\u00e1vodn\u00edch i nov\u011b vyv\u00edjen\u00fdch voz\u016f, v\u00fdcvikem \u0159idi\u010d\u016f speci\u00e1ln\u00edch vozidel sanitn\u00edch, hasi\u010dsk\u00fdch nebo policejn\u00edch \u010di kurzy bezpe\u010dn\u00e9 a sportovn\u00ed j\u00edzdy pro z\u00e1jemce z \u0159ad ve\u0159ejnosti.<\/p>\n<p>Tuto \u00falohu p\u0159evzal pozd\u011bji\u00a0<strong>polygon, vybudovan\u00fd v are\u00e1lu z\u00e1vodn\u00edho okruhu v roce 2005<\/strong>. Polygon je st\u00e1le nejv\u011bt\u0161\u00edm a nejkomplexn\u011bj\u0161\u00edm za\u0159\u00edzen\u00edm sv\u00e9ho druhu v \u010cesk\u00e9 republice. Svou dispozic\u00ed, instalovan\u00fdmi technologiemi a dal\u0161\u00edmi navazuj\u00edc\u00edmi aktivitami nab\u00edz\u00ed na plo\u0161e 13 hektar\u016f jedine\u010dn\u00e9 podm\u00ednky pro v\u00fduku a v\u00fdcvik \u0159idi\u010d\u016f ve v\u0161ech oblastech problematiky \u0159\u00edzen\u00ed vozidel ve\u0161ker\u00fdch druh\u016f a ton\u00e1\u017e\u00ed.<\/p>\n<p>Autodrom Most od sv\u00e9ho uveden\u00ed do provozu do sou\u010dasnosti p\u0159itahuje pozornost \u0159adou podnik\u016f \u0161pi\u010dkov\u00fdch z\u00e1vodn\u00edch s\u00e9ri\u00ed. V\u00a0osmdes\u00e1t\u00fdch letech zde k\u00a0nejpopul\u00e1rn\u011bj\u0161\u00edm pat\u0159ily z\u00e1vody\u00a0<strong>Interserie<\/strong>, jich\u017e se \u00fa\u010dastnily atraktivn\u00ed vozy skupiny C, vytvo\u0159en\u00e9 pro mistrovstv\u00ed sv\u011bta ve vytrvalostn\u00edch z\u00e1vodech, a vozy CanAm, co\u017e byly tehdy monoposty r\u016fzn\u00fdch formul\u00ed p\u0159ekarosovan\u00e9 tak, aby m\u011bly kryt\u00e1 kola.<\/p>\n<p><em><a href=\"https:\/\/autodrom-mostcz.t.mailkit.eu\/mc\/VUQMVIQU\/CRUVYZALUQZKZSVNIJ\/CLCCIUQIPEW\" target=\"_blank\" rel=\"noopener noreferrer\">V\u00edce o Interserii<\/a><\/em><\/p>\n<p>Devades\u00e1t\u00e1 l\u00e9ta p\u0159inesla zcela nov\u00e9 hv\u011bzdy z\u00e1vodn\u00edch trat\u00ed, kdy\u017e\u00a0<strong>Autodrom Most v\u00a0roce 1992 poprv\u00e9 hostil z\u00e1vody taha\u010d\u016f<\/strong>. Tehdy zde v\u00a0r\u00e1mci evropsk\u00e9ho mistrovstv\u00ed \u010deskoslovensk\u00e9 barvy reprezentovaly z\u00e1vodn\u00ed taha\u010de dom\u00e1c\u00ed zna\u010dky LIAZ. Mezi hlavn\u00ed hv\u011bzdy se s nimi i d\u00edky sv\u00fdm v\u00fdkon\u016fm a v\u00fdsledk\u016fm \u0159adil Franti\u0161ek Vojt\u00ed\u0161ek, a vedle n\u011bj i popul\u00e1rn\u00ed Karel Pato\u010dka, kter\u00fd tehdy v jednom ze z\u00e1vod\u016f zv\u00edt\u011bzil. Po v\u00edce ne\u017e t\u0159iceti letech jsou z\u00e1vodn\u00ed taha\u010de tradi\u010dn\u00edmi n\u00e1v\u0161t\u011bvn\u00edky mosteck\u00e9ho autodromu.<\/p>\n<p><em><a href=\"https:\/\/autodrom-mostcz.t.mailkit.eu\/mc\/VUQMVPEU\/OORGMZJMLNHKRVOGJI\/CLCCIUQIPEW\" target=\"_blank\" rel=\"noopener noreferrer\">30 let Czech Truck Prix<\/a><\/em><\/p>\n<p>Vedle z\u00e1vodn\u00edch taha\u010d\u016f ov\u0161em Autodrom Most hostil a host\u00ed i dal\u0161\u00ed \u0161pi\u010dkov\u00e9 \u0161ampion\u00e1ty. Z\u00a0nich lze vyzdvihnout nap\u0159\u00edklad\u00a0<strong>ADAC GT Masters<\/strong>, mezin\u00e1rodn\u00ed seri\u00e1l z\u00e1vod\u016f upraven\u00fdch supersportovn\u00edch voz\u016f kategorie GT3 se z\u00e1kladnou v N\u011bmecku. St\u00e1le v\u011bt\u0161\u00ed popularitu si z\u00edsk\u00e1v\u00e1\u00a0<strong>NASCAR Whelen Euro Series<\/strong>, co\u017e je evropsk\u00e1 varianta z\u00e1vod\u016f voz\u016f &#8222;stock car&#8220; s licenc\u00ed americk\u00e9ho po\u0159adatele NASCAR.\u00a0<strong>K\u00a0vrchol\u016fm z\u00e1vodn\u00ed sez\u00f3ny pak od roku 2021 pat\u0159\u00ed \u0161ampion\u00e1t WorldSBK<\/strong>, co\u017e je mistrovstv\u00ed sv\u011bta motocykl\u016f kategorie Superbike, nejvy\u0161\u0161\u00ed a nejrychlej\u0161\u00ed t\u0159\u00eddy z\u00e1vod\u016f s\u00e9riov\u00fdch silni\u010dn\u00edch motocykl\u016f.<\/p>\n<p><em><a href=\"https:\/\/autodrom-mostcz.t.mailkit.eu\/mc\/VUQMVPQQ\/HDHPQITPPABEEKWAMY\/CLCCIUQIPEW\" target=\"_blank\" rel=\"noopener noreferrer\">WorldSBK v Most\u011b vid\u011blo 54 tis\u00edc div\u00e1k\u016f<\/a><\/em><\/p>\n<p><i>\u201eM\u00e1m radost, \u017ee v\u00a0tomto roce m\u016f\u017eeme spole\u010dn\u011b oslavit v\u00fdznamn\u00e9 v\u00fdro\u010d\u00ed Autodromu Most. Da\u0159\u00ed se n\u00e1m po\u0159\u00e1dat velk\u00e9 sv\u011btov\u00e9 z\u00e1vody, a\u0165 to jsou Superbiky, Trucky a NASCARy, nebo sraz veter\u00e1n\u016f. M\u00e1me zde i nejv\u011bt\u0161\u00ed polygon v\u00a0\u010cesk\u00e9 republice. Odrazem dobr\u00e9 pr\u00e1ce na\u0161eho t\u00fdmu je pak neust\u00e1le se zvedaj\u00edc\u00ed n\u00e1v\u0161t\u011bvnost. R\u00e1d bych tu uv\u00edtal i v\u00e1s, tak n\u00e1s p\u0159ij\u010fte podpo\u0159it,&#8220;\u00a0<\/i>zve do Mostu Josef Zaj\u00ed\u010dek, p\u0159edseda p\u0159edstavenstva spole\u010dnosti Autodrom Most.<\/p>\n<p><strong>Nejbli\u017e\u0161\u00ed p\u0159\u00edle\u017eitost je pro fanou\u0161ky u\u017e o v\u00edkendu 26. &#8211; 27. srpna, kdy se v\u00a0Most\u011b pojede tradi\u010dn\u00ed Czech Truck Prix<\/strong>, ke kter\u00e9mu u\u017e neodmysliteln\u011b pat\u0159\u00ed i s\u00e9rie evropsk\u00fdch NASCAR.<\/p>\n<p>Autodrom Most, ale ne\u017eije pouze z\u00e1vody a nab\u00edz\u00ed i \u0159adu zaj\u00edmav\u00fdch akc\u00ed, k\u00a0nim\u017e pat\u0159\u00ed nap\u0159\u00edklad b\u011bh po z\u00e1vodn\u00ed dr\u00e1ze\u00a0<strong>The Most RUN, automobilov\u00fd festival The Most CLASSIC,<\/strong>\u00a0nebo\u00a0<strong>AUTOSHOW a DEN BEZPE\u010cNOSTI<\/strong>, jejich\u017e c\u00edlem je z\u00e1bavnou formou zv\u00fd\u0161it v\u0161eobecn\u00e9 pov\u011bdom\u00ed o bezpe\u010dnosti na silnic\u00edch.<\/p>\n<p><u><b>V\u00fdznamn\u00e9 miln\u00edky Autodromu Most<\/b><\/u><\/p>\n<p>26.6. 1983 \u00a0zku\u0161ebn\u00ed automobilov\u00e9 z\u00e1vody<\/p>\n<p>14.8. 1983 \u00a0ofici\u00e1ln\u00ed zah\u00e1jen\u00ed provozu<\/p>\n<p>14.6. 1987 \u00a0mistrovstv\u00ed Evropy silni\u010dn\u00edch motocykl\u016f<\/p>\n<p>6.9. 1992 \u00a0mezin\u00e1rodn\u00ed z\u00e1vody taha\u010d\u016f<\/p>\n<p>13.7. 1997 \u00a0sv\u011btov\u00fd poh\u00e1r sajdk\u00e1r\u016f<\/p>\n<p>21.6. 1998 \u00a0mistrovstv\u00ed FIA historick\u00fdch voz\u016f F1<\/p>\n<p>20.8. 1998 \u00a0promoakce t\u00fdmu F1 West McLaren Mercedes<\/p>\n<p>5.8. 2001 \u00a0European Le Mans Series<\/p>\n<p>8.6. 2003 \u00a0Ferrari Challenge<\/p>\n<p>27.4. 2005 \u00a0 zah\u00e1jen\u00ed provozu na trati s nov\u00fdm profilem<\/p>\n<p>6.11. 2005 \u00a0otev\u0159en\u00ed polygonu<\/p>\n<p>28.4. 2018 \u00a0ADAC GT Masters<\/p>\n<p>7.8. 2021 \u00a0mistrovstv\u00ed sv\u011bta superbik\u016f WorldSBK<\/p>\n<p><img loading=\"lazy\" decoding=\"async\" class=\"alignnone size-large wp-image-69824\" src=\"http:\/\/www.automakersnews.cz\/wp-content\/uploads\/2023\/07\/Most-motorky-superbike-1024x683.jpg\" alt=\"\" width=\"1024\" height=\"683\" \/><\/p>\n","protected":false},"excerpt":{"rendered":"<div class=\"mh-excerpt\"><p>AUTODROM MOST ji\u017e 40 let p\u0159edstavuje jeden ze svatost\u00e1nk\u016f pro p\u0159\u00edznivce motoristick\u00e9ho sportu. Ofici\u00e1ln\u00ed zah\u00e1jen\u00ed provozu z\u00e1vodn\u00edho okruhu se odehr\u00e1lo 14. srpna roku 1983. Mezi <a class=\"mh-excerpt-more\" href=\"https:\/\/www.automakersnews.cz\/index.php\/2023\/08\/21\/pavel-pral-autodromu-most-ke-kulatinam\/\" title=\"Pavel p\u0159\u00e1l Autodromu Most ke kulatin\u00e1m\">[&#8230;]<\/a><\/p>\n<\/div>","protected":false},"author":1,"featured_media":85834,"comment_status":"open","ping_status":"open","sticky":false,"template":"","format":"standard","meta":{"footnotes":""},"categories":[16,23],"tags":[],"class_list":["post-85832","post","type-post","status-publish","format-standard","has-post-thumbnail","hentry","category-motorsport","category-vyroci"],"_links":{"self":[{"href":"https:\/\/www.automakersnews.cz\/index.php\/wp-json\/wp\/v2\/posts\/85832","targetHints":{"allow":["GET"]}}],"collection":[{"href":"https:\/\/www.automakersnews.cz\/index.php\/wp-json\/wp\/v2\/posts"}],"about":[{"href":"https:\/\/www.automakersnews.cz\/index.php\/wp-json\/wp\/v2\/types\/post"}],"author":[{"embeddable":true,"href":"https:\/\/www.automakersnews.cz\/index.php\/wp-json\/wp\/v2\/users\/1"}],"replies":[{"embeddable":true,"href":"https:\/\/www.automakersnews.cz\/index.php\/wp-json\/wp\/v2\/comments?post=85832"}],"version-history":[{"count":0,"href":"https:\/\/www.automakersnews.cz\/index.php\/wp-json\/wp\/v2\/posts\/85832\/revisions"}],"wp:featuredmedia":[{"embeddable":true,"href":"https:\/\/www.automakersnews.cz\/index.php\/wp-json\/wp\/v2\/media\/85834"}],"wp:attachment":[{"href":"https:\/\/www.automakersnews.cz\/index.php\/wp-json\/wp\/v2\/media?parent=85832"}],"wp:term":[{"taxonomy":"category","embeddable":true,"href":"https:\/\/www.automakersnews.cz\/index.php\/wp-json\/wp\/v2\/categories?post=85832"},{"taxonomy":"post_tag","embeddable":true,"href":"https:\/\/www.automakersnews.cz\/index.php\/wp-json\/wp\/v2\/tags?post=85832"}],"curies":[{"name":"wp","href":"https:\/\/api.w.org\/{rel}","templated":true}]}}