{"id":86092,"date":"2023-08-21T15:48:26","date_gmt":"2023-08-21T15:48:26","guid":{"rendered":"https:\/\/www.automakersnews.cz\/?p=86092"},"modified":"2023-08-21T15:48:26","modified_gmt":"2023-08-21T15:48:26","slug":"pwc-pocet-elektromobilu-vzroste-na-63-milionu","status":"publish","type":"post","link":"https:\/\/www.automakersnews.cz\/index.php\/2023\/08\/21\/pwc-pocet-elektromobilu-vzroste-na-63-milionu\/","title":{"rendered":"PwC: po\u010det\u00a0elektromobil\u016f\u00a0vzroste na 63 milion\u016f"},"content":{"rendered":"<p><strong> Za p\u011bt let bude po sv\u011bt\u011b jezdit 63 milion\u016f elektrick\u00fdch \u010di hybridn\u00edch aut, co\u017e je ve srovn\u00e1n\u00ed se sou\u010dasn\u00fdm stavem o 129 procent v\u00edce, uvedla <span class=\"e1id4 e4id2 advancedHighlight\" data-id=\"14\" data-classic=\"false\">PwC<\/span>. Nejv\u011bt\u0161\u00ed pod\u00edl budou podle n\u00ed m\u00edt \u010dist\u011b bateriov\u00e9 vozy, kter\u00fdch bude t\u00e9m\u011b\u0159 35 milion\u016f, tedy o 224 procent v\u00edce ne\u017e nyn\u00ed. Naopak nejm\u00e9n\u011b popul\u00e1rn\u00ed budou plug-in hybridy, kter\u00fdch bude \u0161est milion\u016f proti sou\u010dasn\u00fdm necel\u00fdm \u010dty\u0159em milion\u016fm.<\/strong><!--more--><br \/>\nVe sv\u011bt\u011b se ve druh\u00e9m \u010dtvrtlet\u00ed prodalo 2,4 milionu <span class=\"e4id5 advancedHighlight\" data-id=\"2\" data-classic=\"false\">elektrick\u00fdch<\/span>\u00a0<span class=\"e4id5 advancedHighlight\" data-id=\"2\" data-classic=\"false\">aut<\/span>, meziro\u010dn\u011b o 52 procent v\u00edc. Na deseti nejv\u00fdznamn\u011bj\u0161\u00edch evropsk\u00fdch trz\u00edch se prodeje \u010dist\u011b\u00a0<span class=\"e4id5 advancedHighlight\" data-id=\"2\" data-classic=\"false\">elektrick\u00fdch<\/span>\u00a0<span class=\"e4id5 advancedHighlight\" data-id=\"2\" data-classic=\"false\">aut<\/span>\u00a0v leto\u0161n\u00edm druh\u00e9m \u010dtvrtlet\u00ed zv\u00fd\u0161ily o 49 procent, zat\u00edmco cel\u00fd automobilov\u00fd trh rostl o 17 procent. Podobn\u011b se vyv\u00edj\u00ed trhy i mimo\u00a0<span class=\"e0id4 advancedHighlight\" data-id=\"86\" data-classic=\"false\">Evropu<\/span>, v\u00a0<span class=\"e0id0 advancedHighlight\" data-id=\"87\" data-classic=\"false\">USA<\/span>\u00a0vzrostl z\u00e1jem o\u00a0<span class=\"e4id5 advancedHighlight\" data-id=\"2\" data-classic=\"false\">elektrick\u00e1<\/span>\u00a0<span class=\"e4id5 advancedHighlight\" data-id=\"2\" data-classic=\"false\">auta<\/span>\u00a0o 67 procent (cel\u00fd trh rostl o 19 procent) a v\u00a0<span class=\"e0id9 advancedHighlight\" data-id=\"90\" data-classic=\"false\">\u010c\u00edn\u011b<\/span>\u00a0o 49 procent.<br \/>\n\u010cesk\u00fd trh v prodej\u00edch\u00a0<span class=\"e4id5 advancedHighlight\" data-id=\"2\" data-classic=\"false\">elektroaut<\/span>\u00a0zaost\u00e1v\u00e1, z\u00e1jem brzd\u00ed vy\u0161\u0161\u00ed cena i nedostate\u010dn\u00e1 nab\u00edjec\u00ed s\u00ed\u0165.<\/p>\n<p>&#8222;P\u0159esto\u017ee z\u00e1jem postupn\u011b roste, st\u00e1le jsme jen na zlomku stavu v\u00a0<span class=\"e0id7 advancedHighlight\" data-id=\"92\" data-classic=\"false\">z\u00e1padn\u00ed<\/span>\u00a0<span class=\"e0id7 advancedHighlight\" data-id=\"92\" data-classic=\"false\">Evrop\u011b<\/span>. Chyb\u00ed systematick\u00e1 podpora ze strany st\u00e1tu, vysok\u00e1 cena z\u00e1jemce odrazuje. Trh tak i nad\u00e1le pot\u00e1hnou p\u0159edev\u0161\u00edm firmy, kter\u00e9 obm\u011b\u0148uj\u00ed vozov\u00fd park za\u00a0<span class=\"e4id5 advancedHighlight\" data-id=\"2\" data-classic=\"false\">elektroauta<\/span>. V tomto sm\u011bru se na \u010desk\u00e9m trhu nic nezm\u011bn\u00ed,\u201c uvedl\u00a0<span class=\"e5id6 advancedHighlight\" data-id=\"95\" data-classic=\"false\">expert<\/span>\u00a0<span class=\"e1id4 e4id2 advancedHighlight\" data-id=\"14\" data-classic=\"false\">PwC<\/span>\u00a0na automobilov\u00fd trh\u00a0<span class=\"e2id1 advancedHighlight\" data-id=\"97\" data-classic=\"false\">Pavel<\/span>\u00a0<span class=\"e2id1 advancedHighlight\" data-id=\"97\" data-classic=\"false\">\u0160tefek<\/span>.<\/p>\n<p>Za prvn\u00edch sedm m\u011bs\u00edc\u016f roku bylo v\u00a0<span class=\"e0id2 advancedHighlight\" data-id=\"1\" data-classic=\"false\">\u010cR<\/span>\u00a0prod\u00e1no necel\u00fdch 3500\u00a0<span class=\"e4id5 advancedHighlight\" data-id=\"2\" data-classic=\"false\">elektromobil\u016f<\/span>. To je sice v\u00edce ne\u017e 50procentn\u00ed meziro\u010dn\u00ed r\u016fst, nicm\u00e9n\u011b pod\u00edl\u00a0<span class=\"e4id5 advancedHighlight\" data-id=\"2\" data-classic=\"false\">elektroaut<\/span>\u00a0na celkov\u00fdch registrac\u00edch je 2,6 procenta.<\/p>\n<p>V relativn\u00edm vyj\u00e1d\u0159en\u00ed se bude podle\u00a0<span class=\"e2id1 advancedHighlight\" data-id=\"97\" data-classic=\"false\">\u0160tefka<\/span>\u00a0pod\u00edl\u00a0<span class=\"e4id5 advancedHighlight\" data-id=\"2\" data-classic=\"false\">elektromobil\u016f<\/span>\u00a0na vysp\u011bl\u00fdch trz\u00edch i nad\u00e1le zvy\u0161ovat. Je ale ot\u00e1zkou, jak to bude v absolutn\u00edch \u010d\u00edslech, proto\u017ee celkov\u011b automobilov\u00fd trh \u010dekaj\u00ed sp\u00ed\u0161e t\u011b\u017e\u0161\u00ed \u010dasy, na co\u017e budou obecn\u011b dra\u017e\u0161\u00ed\u00a0<span class=\"e4id5 advancedHighlight\" data-id=\"2\" data-classic=\"false\">elektromobily<\/span>\u00a0citliv\u00e9.<\/p>\n<p>&#8222;Dobr\u00e1 \u010d\u00edsla za prvn\u00ed pololet\u00ed jsou z velk\u00e9 \u010d\u00e1sti je\u0161t\u011b v\u00fdsledkem nahromad\u011bn\u00fdch star\u0161\u00edch objedn\u00e1vek. Nejen z n\u011bmeck\u00fdch automobilek u\u017e ale dol\u00e9haj\u00ed hlasy, \u017ee aktu\u00e1ln\u00ed popt\u00e1vka po bateriov\u00fdch vozech nenapl\u0148uje jejich o\u010dek\u00e1v\u00e1n\u00ed. Kdy\u017e k tomu p\u0159ipo\u010dteme moment\u00e1ln\u00ed balancov\u00e1n\u00ed na hran\u011b recese evropsk\u00fdch ekonomik v kombinaci s inflac\u00ed a drah\u00fdmi pen\u011bzi, d\u00e1 se o\u010dek\u00e1vat, \u017ee nast\u00e1vaj\u00edc\u00ed obdob\u00ed budou t\u011b\u017e\u0161\u00ed,\u201c dodal\u00a0<span class=\"e2id1 advancedHighlight\" data-id=\"97\" data-classic=\"false\">\u0160tefek<\/span>.<\/p>\n<p>V absolutn\u00edch po\u010dtech\u00a0<span class=\"e4id5 advancedHighlight\" data-id=\"2\" data-classic=\"false\">elektromobil\u016f<\/span>\u00a0je del\u0161\u00ed dobu l\u00eddrem\u00a0<span class=\"e0id9 advancedHighlight\" data-id=\"90\" data-classic=\"false\">\u010c\u00edna<\/span>, v prvn\u00edm pololet\u00ed se na tamn\u00edm trhu objevily p\u0159es \u010dty\u0159i miliony nov\u00fdch elektrovoz\u016f. Tomuto r\u016fstu napom\u00e1h\u00e1 i cenov\u00e1 politika. Podle aktu\u00e1ln\u00edho srovn\u00e1n\u00ed\u00a0<span class=\"e1id4 e4id2 advancedHighlight\" data-id=\"14\" data-classic=\"false\">PwC<\/span>\u00a0je v\u00a0<span class=\"e0id9 advancedHighlight\" data-id=\"90\" data-classic=\"false\">\u010c\u00edn\u011b<\/span>\u00a0vyroben\u00fd\u00a0<span class=\"e4id5 advancedHighlight\" data-id=\"2\" data-classic=\"false\">elektromobil<\/span>\u00a0na \u010d\u00ednsk\u00e9m trhu v pr\u016fm\u011bru o 40 a\u017e 45 procent levn\u011bj\u0161\u00ed ne\u017e stejn\u00fd v\u016fz vyvezen\u00fd do\u00a0<span class=\"e0id3 advancedHighlight\" data-id=\"111\" data-classic=\"false\">N\u011bmecka<\/span>, rozd\u00edl p\u0159itom u n\u011bkter\u00fdch model\u016f je a\u017e dvojn\u00e1sobn\u00fd. Naopak vozy vyv\u00e1\u017een\u00e9 z\u00a0<span class=\"e0id3 advancedHighlight\" data-id=\"111\" data-classic=\"false\">N\u011bmecka<\/span>\u00a0do\u00a0<span class=\"e0id9 advancedHighlight\" data-id=\"90\" data-classic=\"false\">\u010c\u00edny<\/span>\u00a0maj\u00ed na obou trz\u00edch zhruba podobnou cenovku.<\/p>\n<p><img loading=\"lazy\" decoding=\"async\" class=\"alignnone size-large wp-image-526\" src=\"http:\/\/www.automakersnews.cz\/wp-content\/uploads\/2022\/09\/Tesla-logo-kapky-1024x679.jpg\" alt=\"\" width=\"1024\" height=\"679\" \/><\/p>\n<p>Nejprod\u00e1van\u011bj\u0161\u00edm vozem na v\u0161ech sledovan\u00fdch trz\u00edch je model <span class=\"e1id5 e4id3 e4id4 advancedHighlight\" data-id=\"114\" data-classic=\"false\">Tesla<\/span>\u00a0Y. Zat\u00edmco v\u00a0<span class=\"e0id4 advancedHighlight\" data-id=\"86\" data-classic=\"false\">Evrop\u011b<\/span>\u00a0jsou krom\u011b\u00a0<span class=\"e1id5 e4id3 e4id4 advancedHighlight\" data-id=\"114\" data-classic=\"false\">Tesly<\/span>\u00a0v top des\u00edtce jen evropsk\u00e9 vozy, naopak v\u00a0<span class=\"e0id9 advancedHighlight\" data-id=\"90\" data-classic=\"false\">\u010c\u00edn\u011b<\/span>\u00a0je\u00a0<span class=\"e1id5 e4id3 e4id4 advancedHighlight\" data-id=\"114\" data-classic=\"false\">Tesla<\/span>\u00a0jedinou automobilkou, kter\u00e1 se dok\u00e1\u017ee prosadit mezi \u010d\u00ednsk\u00fdmi zna\u010dkami. \u010c\u00ednsk\u00e9 automobilky p\u0159itom v posledn\u00edch m\u011bs\u00edc\u00edch jasn\u011b deklarovaly, \u017ee se pokus\u00ed dob\u00fdt i evropsk\u00fd trh.<\/p>\n","protected":false},"excerpt":{"rendered":"<div class=\"mh-excerpt\"><p>Za p\u011bt let bude po sv\u011bt\u011b jezdit 63 milion\u016f elektrick\u00fdch \u010di hybridn\u00edch aut, co\u017e je ve srovn\u00e1n\u00ed se sou\u010dasn\u00fdm stavem o 129 procent v\u00edce, uvedla <a class=\"mh-excerpt-more\" href=\"https:\/\/www.automakersnews.cz\/index.php\/2023\/08\/21\/pwc-pocet-elektromobilu-vzroste-na-63-milionu\/\" title=\"PwC: po\u010det\u00a0elektromobil\u016f\u00a0vzroste na 63 milion\u016f\">[&#8230;]<\/a><\/p>\n<\/div>","protected":false},"author":1,"featured_media":41092,"comment_status":"open","ping_status":"open","sticky":false,"template":"","format":"standard","meta":{"footnotes":""},"categories":[6],"tags":[],"class_list":["post-86092","post","type-post","status-publish","format-standard","has-post-thumbnail","hentry","category-analyza"],"_links":{"self":[{"href":"https:\/\/www.automakersnews.cz\/index.php\/wp-json\/wp\/v2\/posts\/86092","targetHints":{"allow":["GET"]}}],"collection":[{"href":"https:\/\/www.automakersnews.cz\/index.php\/wp-json\/wp\/v2\/posts"}],"about":[{"href":"https:\/\/www.automakersnews.cz\/index.php\/wp-json\/wp\/v2\/types\/post"}],"author":[{"embeddable":true,"href":"https:\/\/www.automakersnews.cz\/index.php\/wp-json\/wp\/v2\/users\/1"}],"replies":[{"embeddable":true,"href":"https:\/\/www.automakersnews.cz\/index.php\/wp-json\/wp\/v2\/comments?post=86092"}],"version-history":[{"count":0,"href":"https:\/\/www.automakersnews.cz\/index.php\/wp-json\/wp\/v2\/posts\/86092\/revisions"}],"wp:featuredmedia":[{"embeddable":true,"href":"https:\/\/www.automakersnews.cz\/index.php\/wp-json\/wp\/v2\/media\/41092"}],"wp:attachment":[{"href":"https:\/\/www.automakersnews.cz\/index.php\/wp-json\/wp\/v2\/media?parent=86092"}],"wp:term":[{"taxonomy":"category","embeddable":true,"href":"https:\/\/www.automakersnews.cz\/index.php\/wp-json\/wp\/v2\/categories?post=86092"},{"taxonomy":"post_tag","embeddable":true,"href":"https:\/\/www.automakersnews.cz\/index.php\/wp-json\/wp\/v2\/tags?post=86092"}],"curies":[{"name":"wp","href":"https:\/\/api.w.org\/{rel}","templated":true}]}}