{"id":86094,"date":"2023-08-22T04:15:56","date_gmt":"2023-08-22T04:15:56","guid":{"rendered":"https:\/\/www.automakersnews.cz\/?p=86094"},"modified":"2023-08-22T06:08:41","modified_gmt":"2023-08-22T06:08:41","slug":"v-cr-letos-pribylo-nekolk-stovek-dobijecek","status":"publish","type":"post","link":"https:\/\/www.automakersnews.cz\/index.php\/2023\/08\/22\/v-cr-letos-pribylo-nekolk-stovek-dobijecek\/","title":{"rendered":"V \u010cR letos p\u0159ibylo n\u011bkolik stovek dob\u00edje\u010dek"},"content":{"rendered":"<p><strong>\u00a0V\u00a0<span class=\"e0id2 advancedHighlight\" data-id=\"1\" data-classic=\"false\">\u010cesku<\/span>\u00a0bylo ke konci lo\u0148sk\u00e9ho roku podle statistik \u00fa\u0159ad\u016f kolem 1360\u00a0<span class=\"e4id5 advancedHighlight\" data-id=\"2\" data-classic=\"false\">dob\u00edjec\u00edch<\/span>\u00a0<span class=\"e4id5 advancedHighlight\" data-id=\"2\" data-classic=\"false\">stanic<\/span>. Jak si letos vedou v n\u00e1r\u016fstech nab\u00edjec\u00edch bod\u016f jednotliv\u00e9 s\u00edt\u011b?<\/strong><!--more--><\/p>\n<p>Dob\u00edjen\u00ed <span class=\"e4id5 advancedHighlight\" data-id=\"2\" data-classic=\"false\">elektromobil\u016f<\/span>\u00a0v s\u00edti energetick\u00e9 firmy\u00a0<span class=\"e1id2 e4id0 advancedHighlight\" data-id=\"17\" data-classic=\"false\">\u010cEZ<\/span>\u00a0v prvn\u00edm pololet\u00ed vzrostlo meziro\u010dn\u011b o 12 procent na 2,3 milionu kilowatthodin (kWh) bezemisn\u00ed elekt\u0159iny. Z\u00e1rove\u0148 je to p\u011btin\u00e1sobek spot\u0159eby p\u0159ed p\u011bti lety. Roste i mno\u017estv\u00ed pr\u016fm\u011brn\u011b na\u010derpan\u00e9 energie p\u0159i jednom dob\u00edjen\u00ed, kter\u00e9 stouplo meziro\u010dn\u011b o 14 procent na 19 kWh.\u00a0<span class=\"e5id1 advancedHighlight\" data-id=\"24\" data-classic=\"false\">\u0158idi\u010di<\/span>\u00a0podle spole\u010dnosti v s\u00edti uskute\u010dnili v\u00edce ne\u017e 123.000 nabit\u00ed aut.<\/p>\n<p><span class=\"e1id2 e4id0 advancedHighlight\" data-id=\"17\" data-classic=\"false\">\u010cEZ<\/span>\u00a0zat\u00edm v prvn\u00ed polovin\u011b roku zprovoznil 51 nov\u00fdch\u00a0<span class=\"e4id5 advancedHighlight\" data-id=\"2\" data-classic=\"false\">dob\u00edjec\u00edch<\/span>\u00a0<span class=\"e4id5 advancedHighlight\" data-id=\"2\" data-classic=\"false\">stanic<\/span>\u00a0pro\u00a0<span class=\"e4id5 advancedHighlight\" data-id=\"2\" data-classic=\"false\">elektromobily<\/span>, celkem jich m\u00e1 p\u0159es 550.<\/p>\n<p>&#8222;Roz\u0161i\u0159ov\u00e1n\u00ed <span class=\"e4id5 advancedHighlight e-industry SearchKeywordHighlight\" data-id=\"0\" data-classic=\"true\">elektromobility<\/span>\u00a0v\u011bnujeme v\u00a0<span class=\"e1id2 e4id0 advancedHighlight\" data-id=\"17\" data-classic=\"false\">\u010cEZ<\/span>\u00a0velkou pozornost. Rychle stav\u00edme nov\u00e9 stanice a tak\u00e9 navy\u0161ujeme jejich v\u00fdkon. V podstat\u011b do ka\u017ed\u00e9ho nov\u011b spou\u0161t\u011bn\u00e9ho dob\u00edjec\u00edho hubu se sna\u017e\u00edme za\u010dlenit minim\u00e1ln\u011b jeden ultrarychl\u00fd stojan, u kter\u00e9ho se\u00a0<span class=\"e5id1 advancedHighlight\" data-id=\"24\" data-classic=\"false\">\u0159idi\u010d<\/span>\u00a0zdr\u017e\u00ed jen n\u011bkolik minut,&#8220; \u0159ekl\u00a0<span class=\"e5id3 advancedHighlight\" data-id=\"32\" data-classic=\"false\">m\u00edstop\u0159edseda<\/span>\u00a0p\u0159edstavenstva\u00a0<span class=\"e1id2 e4id0 advancedHighlight\" data-id=\"17\" data-classic=\"false\">\u010cEZ<\/span>\u00a0Pavel Cyrani.<\/p>\n<p>Vzestup <span class=\"e4id5 advancedHighlight e-industry SearchKeywordHighlight\" data-id=\"0\" data-classic=\"true\">elektromobility<\/span>\u00a0potvrzuje na sv\u00fdch stanic\u00edch i\u00a0<span class=\"e1id0 e4id0 advancedHighlight\" data-id=\"18\" data-classic=\"false\">Pra\u017esk\u00e1<\/span>\u00a0<span class=\"e1id0 e4id0 advancedHighlight\" data-id=\"18\" data-classic=\"false\">energetika<\/span>, kter\u00e1 m\u00e1 v provozu p\u0159es 600\u00a0<span class=\"e4id5 advancedHighlight\" data-id=\"2\" data-classic=\"false\">dob\u00edjec\u00edch<\/span>\u00a0<span class=\"e4id5 advancedHighlight\" data-id=\"2\" data-classic=\"false\">stanic<\/span>. Letos jejich po\u010det roz\u0161\u00ed\u0159ila o 150 nov\u00fdch. &#8222;Pokud srovn\u00e1me meziro\u010dn\u00ed v\u00fdvoj spot\u0159eby u\u00a0<span class=\"e4id5 advancedHighlight\" data-id=\"2\" data-classic=\"false\">dob\u00edjec\u00edch<\/span>\u00a0<span class=\"e4id5 advancedHighlight\" data-id=\"2\" data-classic=\"false\">stanic<\/span>, tak v polovin\u011b roku 2023 jsme byli na \u00farovni, kter\u00e1 odpov\u00edd\u00e1 t\u00e9m\u011b\u0159 74 procent\u016fm spot\u0159ebovan\u00e9 energie za cel\u00fd minul\u00fd rok,&#8220; \u0159ekl\u00a0<span class=\"e5id2 advancedHighlight\" data-id=\"41\" data-classic=\"false\">mluv\u010d\u00ed<\/span>\u00a0<span class=\"e2id2 advancedHighlight\" data-id=\"42\" data-classic=\"false\">Karel<\/span>\u00a0<span class=\"e2id2 advancedHighlight\" data-id=\"42\" data-classic=\"false\">Hanzelka<\/span>. Spole\u010dnost m\u00e1 nejvy\u0161\u0161\u00ed pokryt\u00ed hlavn\u011b v\u00a0<span class=\"e0id5 advancedHighlight\" data-id=\"44\" data-classic=\"false\">Praze<\/span>, nejvyt\u00ed\u017een\u011bj\u0161\u00ed stanice jsou na\u00a0<span class=\"e0id11 advancedHighlight\" data-id=\"45\" data-classic=\"false\">Chodov\u011b<\/span>\u00a0a\u00a0<span class=\"e0id8 advancedHighlight\" data-id=\"46\" data-classic=\"false\">\u010cern\u00e9m<\/span>\u00a0<span class=\"e0id8 advancedHighlight\" data-id=\"46\" data-classic=\"false\">Most\u011b<\/span>.<\/p>\n<p><span class=\"e1id0 e4id0 advancedHighlight\" data-id=\"18\" data-classic=\"false\">PRE<\/span>\u00a0v posledn\u00ed dob\u011b podle\u00a0<span class=\"e2id2 advancedHighlight\" data-id=\"42\" data-classic=\"false\">Hanzelky<\/span>\u00a0hodn\u011b s\u00e1z\u00ed na ultrarychl\u00e9\u00a0<span class=\"e4id5 advancedHighlight\" data-id=\"2\" data-classic=\"false\">dob\u00edjec\u00ed<\/span>\u00a0<span class=\"e4id5 advancedHighlight\" data-id=\"2\" data-classic=\"false\">stanice<\/span>. &#8222;Velk\u00e1 \u010d\u00e1st na\u0161\u00ed s\u00edt\u011b jsou stanice, kter\u00e9 dok\u00e1\u017eeme snadno a rychle upgradovat na v\u00fdkon p\u0159esahuj\u00edc\u00ed 100 kW, tedy na ultrarychl\u00e9 dob\u00edjen\u00ed,&#8220; vysv\u011btlil\u00a0<span class=\"e2id2 advancedHighlight\" data-id=\"42\" data-classic=\"false\">Hanzelka<\/span>.<\/p>\n<p>Vysok\u00e1 \u010d\u00edsla dob\u00edjen\u00ed na sv\u00fdch stanic\u00edch vyk\u00e1zal rovn\u011b\u017e <span class=\"e1id1 e4id0 advancedHighlight\" data-id=\"19\" data-classic=\"false\">E<\/span><span class=\"e1id1 e4id0 advancedHighlight\" data-id=\"19\" data-classic=\"false\">.<\/span><span class=\"e1id1 e4id0 advancedHighlight\" data-id=\"19\" data-classic=\"false\">ON<\/span>\u00a0.\u00a0<span class=\"e5id1 advancedHighlight\" data-id=\"24\" data-classic=\"false\">\u0158idi\u010di<\/span>\u00a0v t\u00e9to s\u00edti od ledna do konce \u010dervna provedli 42.186 dob\u00edjen\u00ed, co\u017e je o 46 procent meziro\u010dn\u011b v\u00edce. Mno\u017estv\u00ed spot\u0159ebovan\u00e9 energie pak oproti lo\u0148sk\u00e9mu prvn\u00edmu pololet\u00ed vzrostlo o 63 procent, motorist\u00e9 u\u00a0<span class=\"e1id1 e4id0 advancedHighlight\" data-id=\"19\" data-classic=\"false\">E<\/span><span class=\"e1id1 e4id0 advancedHighlight\" data-id=\"19\" data-classic=\"false\">.<\/span><span class=\"e1id1 e4id0 advancedHighlight\" data-id=\"19\" data-classic=\"false\">ON<\/span>\u00a0odebrali 780 MW.<\/p>\n<p><img loading=\"lazy\" decoding=\"async\" class=\"alignnone size-large wp-image-70229\" src=\"http:\/\/www.automakersnews.cz\/wp-content\/uploads\/2023\/07\/05_Dobijeci-stanice-Tesco-Kolin-small-1-1024x681.jpg\" alt=\"\" width=\"1024\" height=\"681\" srcset=\"https:\/\/www.automakersnews.cz\/wp-content\/uploads\/2023\/07\/05_Dobijeci-stanice-Tesco-Kolin-small-1-1024x681.jpg 1024w, https:\/\/www.automakersnews.cz\/wp-content\/uploads\/2023\/07\/05_Dobijeci-stanice-Tesco-Kolin-small-1-300x200.jpg 300w, https:\/\/www.automakersnews.cz\/wp-content\/uploads\/2023\/07\/05_Dobijeci-stanice-Tesco-Kolin-small-1-768x511.jpg 768w, https:\/\/www.automakersnews.cz\/wp-content\/uploads\/2023\/07\/05_Dobijeci-stanice-Tesco-Kolin-small-1.jpg 1418w\" sizes=\"auto, (max-width: 1024px) 100vw, 1024px\" \/><\/p>\n<p>&#8222;Pro p\u0159edstavu, kter\u00e1 vych\u00e1z\u00ed z dat Centra pro dopravn\u00ed v\u00fdzkum, takov\u00e9 mno\u017estv\u00ed elekt\u0159iny by sta\u010dilo na pln\u00e9 dobit\u00ed v\u00edce ne\u017e deseti tis\u00edc\u00a0<span class=\"e4id5 advancedHighlight\" data-id=\"2\" data-classic=\"false\">elektromobil\u016f<\/span>\u00a0typu\u00a0<span class=\"e3id1 advancedHighlight\" data-id=\"61\" data-classic=\"false\">\u0160koda<\/span>\u00a0<span class=\"e3id1 advancedHighlight\" data-id=\"61\" data-classic=\"false\">Enyaq<\/span>,&#8220; uvedl\u00a0<span class=\"e5id2 advancedHighlight\" data-id=\"41\" data-classic=\"false\">mluv\u010d\u00ed<\/span>\u00a0<span class=\"e2id0 advancedHighlight\" data-id=\"64\" data-classic=\"false\">Roman<\/span>\u00a0<span class=\"e2id0 advancedHighlight\" data-id=\"64\" data-classic=\"false\">\u0160per\u0148\u00e1k<\/span>. V sou\u010dasn\u00e9 dob\u011b m\u00e1 <span class=\"e1id1 e4id0 advancedHighlight\" data-id=\"19\" data-classic=\"false\">E<\/span><span class=\"e1id1 e4id0 advancedHighlight\" data-id=\"19\" data-classic=\"false\">.<\/span><span class=\"e1id1 e4id0 advancedHighlight\" data-id=\"19\" data-classic=\"false\">ON<\/span>\u00a0v\u00a0<span class=\"e0id2 advancedHighlight\" data-id=\"1\" data-classic=\"false\">\u010cesku<\/span>\u00a0369 ve\u0159ejn\u00fdch dob\u00edjec\u00edch bod\u016f na 187 stanic\u00edch. Posledn\u00ed z nich vznikly v uplynul\u00fdch t\u00fddnech nap\u0159\u00edklad v\u00a0<span class=\"e0id1 advancedHighlight\" data-id=\"70\" data-classic=\"false\">Karlov\u00fdch<\/span>\u00a0<span class=\"e0id1 advancedHighlight\" data-id=\"70\" data-classic=\"false\">Varech<\/span>,\u00a0<span class=\"e0id6 advancedHighlight\" data-id=\"72\" data-classic=\"false\">Chomutov\u011b<\/span>\u00a0nebo\u00a0<span class=\"e0id10 advancedHighlight\" data-id=\"73\" data-classic=\"false\">Jihlav\u011b<\/span>. Krom\u011b toho se spole\u010dnost pod\u00edl\u00ed na provozu 60 partnersk\u00fdch dob\u00edje\u010dek, kdy si\u00a0<span class=\"e4id5 advancedHighlight\" data-id=\"2\" data-classic=\"false\">dob\u00edjec\u00ed<\/span>\u00a0<span class=\"e4id5 advancedHighlight\" data-id=\"2\" data-classic=\"false\">stanici<\/span>\u00a0po\u0159\u00edd\u00ed soukrom\u00fd subjekt a\u00a0<span class=\"e1id1 e4id0 advancedHighlight\" data-id=\"19\" data-classic=\"false\">E<\/span><span class=\"e1id1 e4id0 advancedHighlight\" data-id=\"19\" data-classic=\"false\">.<\/span><span class=\"e1id1 e4id0 advancedHighlight\" data-id=\"19\" data-classic=\"false\">ON<\/span>\u00a0ji p\u0159ipoj\u00ed do sv\u00e9 s\u00edt\u011b.<\/p>\n","protected":false},"excerpt":{"rendered":"<div class=\"mh-excerpt\"><p>\u00a0V\u00a0\u010cesku\u00a0bylo ke konci lo\u0148sk\u00e9ho roku podle statistik \u00fa\u0159ad\u016f kolem 1360\u00a0dob\u00edjec\u00edch\u00a0stanic. Jak si letos vedou v n\u00e1r\u016fstech nab\u00edjec\u00edch bod\u016f jednotliv\u00e9 s\u00edt\u011b?<\/p>\n<\/div>","protected":false},"author":1,"featured_media":29034,"comment_status":"open","ping_status":"open","sticky":false,"template":"","format":"standard","meta":{"footnotes":""},"categories":[8],"tags":[],"class_list":["post-86094","post","type-post","status-publish","format-standard","has-post-thumbnail","hentry","category-statistika"],"_links":{"self":[{"href":"https:\/\/www.automakersnews.cz\/index.php\/wp-json\/wp\/v2\/posts\/86094","targetHints":{"allow":["GET"]}}],"collection":[{"href":"https:\/\/www.automakersnews.cz\/index.php\/wp-json\/wp\/v2\/posts"}],"about":[{"href":"https:\/\/www.automakersnews.cz\/index.php\/wp-json\/wp\/v2\/types\/post"}],"author":[{"embeddable":true,"href":"https:\/\/www.automakersnews.cz\/index.php\/wp-json\/wp\/v2\/users\/1"}],"replies":[{"embeddable":true,"href":"https:\/\/www.automakersnews.cz\/index.php\/wp-json\/wp\/v2\/comments?post=86094"}],"version-history":[{"count":0,"href":"https:\/\/www.automakersnews.cz\/index.php\/wp-json\/wp\/v2\/posts\/86094\/revisions"}],"wp:featuredmedia":[{"embeddable":true,"href":"https:\/\/www.automakersnews.cz\/index.php\/wp-json\/wp\/v2\/media\/29034"}],"wp:attachment":[{"href":"https:\/\/www.automakersnews.cz\/index.php\/wp-json\/wp\/v2\/media?parent=86094"}],"wp:term":[{"taxonomy":"category","embeddable":true,"href":"https:\/\/www.automakersnews.cz\/index.php\/wp-json\/wp\/v2\/categories?post=86094"},{"taxonomy":"post_tag","embeddable":true,"href":"https:\/\/www.automakersnews.cz\/index.php\/wp-json\/wp\/v2\/tags?post=86094"}],"curies":[{"name":"wp","href":"https:\/\/api.w.org\/{rel}","templated":true}]}}