{"id":8629,"date":"2022-12-14T16:14:49","date_gmt":"2022-12-14T16:14:49","guid":{"rendered":"https:\/\/www.automakersnews.cz\/?p=8629"},"modified":"2022-12-14T16:14:49","modified_gmt":"2022-12-14T16:14:49","slug":"mazda-svolava-v-evrope-temer-150-000-aut","status":"publish","type":"post","link":"https:\/\/www.automakersnews.cz\/index.php\/2022\/12\/14\/mazda-svolava-v-evrope-temer-150-000-aut\/","title":{"rendered":"Mazda svol\u00e1v\u00e1 v Evrop\u011b t\u00e9m\u011b\u0159 150 000 aut"},"content":{"rendered":"<p><strong>Japonsk\u00e1 Mazda chyst\u00e1 svol\u00e1vac\u00ed akci n\u011bkolika modelov\u00fdch \u0159ad kv\u016fli probl\u00e9m\u016fm s palivov\u00fdm \u010derpadlem. Svol\u00e1vac\u00ed akce se celosv\u011btov\u011b t\u00fdk\u00e1 529 964 vozidel, z nich\u017e je 148 651 registrov\u00e1no v Evrop\u011b<\/strong>.<!--more--><\/p>\n<p>Jedn\u00e1 se o modelov\u00e9 \u0159ady\u00a0<strong>Mazda2<\/strong>\u00a0(DJ\/DL),\u00a0<strong>Mazda3<\/strong>\u00a0(BM\/BN),\u00a0<strong>Mazda6<\/strong>\u00a0(GJ\/GL),\u00a0<strong>Mazda CX-3<\/strong>\u00a0(DK),\u00a0<strong>Mazda CX-5<\/strong>\u00a0(KF),\u00a0<strong>Mazda CX-8<\/strong>\u00a0(KG),\u00a0<strong>Mazda CX-9<\/strong>\u00a0(TC) a\u00a0<strong>Mazda MX-5<\/strong>\u00a0(ND), z obdob\u00ed v\u00fdroby od \u0159\u00edjna 2017 do kv\u011btna 2020.<\/p>\n<hr \/>\n<hr \/>\n<p>Kv\u016fli mikrotrhlin\u00e1m m\u016f\u017ee doj\u00edt k vniknut\u00ed paliva do ob\u011b\u017en\u00e9ho kola palivov\u00e9ho \u010derpadla a k jeho bobtn\u00e1n\u00ed a deformaci. Deformovan\u00e9 ob\u011b\u017en\u00e9 kolo by se mohlo n\u00e1sledn\u011b dostat do kontaktu s okoln\u00edmi \u010d\u00e1stmi a zablokovat se. To by vedlo k zastaven\u00ed motoru z d\u016fvodu p\u0159eru\u0161en\u00ed dod\u00e1vky paliva.<\/p>\n<p>Tento probl\u00e9m se ji\u017e vyskytl i u jin\u00fdch\u00a0<strong>japonsk\u00fdch v\u00fdrobc\u016f<\/strong>. V\u00edce \u010di m\u00e9n\u011b rozs\u00e1hl\u00e9 svol\u00e1vac\u00ed akce na r\u016fzn\u00fdch trz\u00edch u\u017e kv\u016fli palivov\u00e9mu \u010derpadlu vyhl\u00e1sily automobilky\u00a0<a href=\"https:\/\/svolavacky.cz\/make\/honda\/\">Honda<\/a>,\u00a0<a href=\"https:\/\/svolavacky.cz\/make\/Subaru\/\">Subaru<\/a>,\u00a0<a href=\"https:\/\/svolavacky.cz\/make\/Suzuki\/\">Suzuki<\/a>\u00a0a\u00a0<a href=\"https:\/\/svolavacky.cz\/make\/Toyota\/\">Toyota<\/a>.<\/p>\n<p>U posti\u017een\u00fdch voz\u016f bude palivov\u00e9 \u010derpadlo vym\u011bn\u011bno. Podle n\u011bmeck\u00e9ho zastoupen\u00ed Mazdy zat\u00edm nebyli majitel\u00e9 informov\u00e1ni. Zn\u00e1ma zat\u00edm nen\u00ed ani doba trv\u00e1n\u00ed opravy, ani k\u00f3d svol\u00e1vac\u00ed akce. V USA budou dopisy vlastn\u00edk\u016fm rozesl\u00e1ny na za\u010d\u00e1tku roku 2022.<\/p>\n","protected":false},"excerpt":{"rendered":"<div class=\"mh-excerpt\"><p>Japonsk\u00e1 Mazda chyst\u00e1 svol\u00e1vac\u00ed akci n\u011bkolika modelov\u00fdch \u0159ad kv\u016fli probl\u00e9m\u016fm s palivov\u00fdm \u010derpadlem. Svol\u00e1vac\u00ed akce se celosv\u011btov\u011b t\u00fdk\u00e1 529 964 vozidel, z nich\u017e je 148 <a class=\"mh-excerpt-more\" href=\"https:\/\/www.automakersnews.cz\/index.php\/2022\/12\/14\/mazda-svolava-v-evrope-temer-150-000-aut\/\" title=\"Mazda svol\u00e1v\u00e1 v Evrop\u011b t\u00e9m\u011b\u0159 150 000 aut\">[&#8230;]<\/a><\/p>\n<\/div>","protected":false},"author":1,"featured_media":8630,"comment_status":"open","ping_status":"open","sticky":false,"template":"","format":"standard","meta":{"footnotes":""},"categories":[17],"tags":[],"class_list":["post-8629","post","type-post","status-publish","format-standard","has-post-thumbnail","hentry","category-servis"],"_links":{"self":[{"href":"https:\/\/www.automakersnews.cz\/index.php\/wp-json\/wp\/v2\/posts\/8629","targetHints":{"allow":["GET"]}}],"collection":[{"href":"https:\/\/www.automakersnews.cz\/index.php\/wp-json\/wp\/v2\/posts"}],"about":[{"href":"https:\/\/www.automakersnews.cz\/index.php\/wp-json\/wp\/v2\/types\/post"}],"author":[{"embeddable":true,"href":"https:\/\/www.automakersnews.cz\/index.php\/wp-json\/wp\/v2\/users\/1"}],"replies":[{"embeddable":true,"href":"https:\/\/www.automakersnews.cz\/index.php\/wp-json\/wp\/v2\/comments?post=8629"}],"version-history":[{"count":0,"href":"https:\/\/www.automakersnews.cz\/index.php\/wp-json\/wp\/v2\/posts\/8629\/revisions"}],"wp:featuredmedia":[{"embeddable":true,"href":"https:\/\/www.automakersnews.cz\/index.php\/wp-json\/wp\/v2\/media\/8630"}],"wp:attachment":[{"href":"https:\/\/www.automakersnews.cz\/index.php\/wp-json\/wp\/v2\/media?parent=8629"}],"wp:term":[{"taxonomy":"category","embeddable":true,"href":"https:\/\/www.automakersnews.cz\/index.php\/wp-json\/wp\/v2\/categories?post=8629"},{"taxonomy":"post_tag","embeddable":true,"href":"https:\/\/www.automakersnews.cz\/index.php\/wp-json\/wp\/v2\/tags?post=8629"}],"curies":[{"name":"wp","href":"https:\/\/api.w.org\/{rel}","templated":true}]}}