{"id":8633,"date":"2022-12-14T16:24:22","date_gmt":"2022-12-14T16:24:22","guid":{"rendered":"https:\/\/www.automakersnews.cz\/?p=8633"},"modified":"2022-12-14T16:26:06","modified_gmt":"2022-12-14T16:26:06","slug":"autosap-mel-valnou-hromadu-ve-skodovce","status":"publish","type":"post","link":"https:\/\/www.automakersnews.cz\/index.php\/2022\/12\/14\/autosap-mel-valnou-hromadu-ve-skodovce\/","title":{"rendered":"AutoSAP m\u011bl valnou hromadu ve \u0160kod\u011b"},"content":{"rendered":"<p><strong>Po 3 letech on-line meeting\u016f AutoSAP se leto\u0161n\u00ed, 94. zased\u00e1n\u00ed valn\u00e9 hromady Sdru\u017een\u00ed automobilov\u00e9ho pr\u016fmyslu, konalo op\u011bt fyzicky, tentokr\u00e1t na p\u016fd\u011b \u0160kody Auto.<\/strong><!--more--><\/p>\n<p>Zpr\u00e1vu o \u010dinnosti Sdru\u017een\u00ed v roce 2022 a vize na rok 2023 p\u0159edstavil prezident\u00a0<a href=\"https:\/\/www.linkedin.com\/in\/ACoAAADWgw0BBMDnIkJO98o6AazmOK38TAHdpZg\" data-attribute-index=\"4\" data-entity-hovercard-id=\"urn:li:fs_miniProfile:ACoAAADWgw0BBMDnIkJO98o6AazmOK38TAHdpZg\" data-entity-type=\"MINI_PROFILE\">Martin Jahn<\/a>. Mimo\u00a0v\u00fdzev, kter\u00fdm \u010desk\u00fd autopr\u016fmysl \u010del\u00ed, zm\u00ednil i odpov\u00eddaj\u00edc\u00ed aktivity, kter\u00fdm se AutoSAP v\u00a0prob\u011bhl\u00e9m roce v\u011bnoval\u00a0a\u00a0bude i nad\u00e1le. Nejde jen o CZ (ceny energi\u00ed,&#8230;) a EU regulace\u00a0(Euro 7\/VII, CO2,&#8230;), ale i workshopy pro \u010dleny, sd\u00edlen\u00ed know-how v r\u00e1mci restartovan\u00e9ho\u00a0jedn\u00e1n\u00ed diviz\u00ed, projekty na vzd\u011bl\u00e1v\u00e1n\u00ed zam\u011bstnanc\u016f, networkingov\u00e9\u00a0akce jako Automotive Leaders\u00a0Forum\u00a0\u010di obchodn\u00ed setk\u00e1n\u00ed jako\u00a0mezin\u00e1rodn\u00ed dodavatelsk\u00e1 konference CEE Automotive Supply Chain\u00a02022 a \u0159ada dal\u0161\u00edch.<\/p>\n<p>S\u00a0osobn\u00edmi pohledy na aktu\u00e1ln\u00ed slo\u017eitou situaci p\u0159isp\u011bli i viceprezidenti AutoSAP\u00a0Miroslav Dvo\u0159\u00e1k,\u00a0<a href=\"https:\/\/www.linkedin.com\/in\/ACoAAAHsZTABT_rDs0CNrQnSt_AjmTs6deu5ORM\" data-attribute-index=\"6\" data-entity-hovercard-id=\"urn:li:fs_miniProfile:ACoAAAHsZTABT_rDs0CNrQnSt_AjmTs6deu5ORM\" data-entity-type=\"MINI_PROFILE\">Dr. Robert Kiml<\/a>\u00a0a\u00a0<a href=\"https:\/\/www.linkedin.com\/in\/ACoAABVcxsoBMuoGn4THcihdIKOxUCuaEVsopbw\" data-attribute-index=\"8\" data-entity-hovercard-id=\"urn:li:fs_miniProfile:ACoAABVcxsoBMuoGn4THcihdIKOxUCuaEVsopbw\" data-entity-type=\"MINI_PROFILE\">Petr Ma\u0161ek<\/a>.<\/p>\n<p>T\u00e9ma cen energi\u00ed jedn\u00e1n\u00edm rezonovalo a Pavel \u0160olc, \u010dlen p\u0159edstavenstva\u00a0<a href=\"https:\/\/www.linkedin.com\/company\/-eps-a.s.\/\" data-attribute-index=\"10\" data-entity-hovercard-id=\"urn:li:fs_miniCompany:263172\" data-entity-type=\"MINI_COMPANY\">Skupina \u010cEPS<\/a>\u00a0p\u0159\u00edtomn\u00e9 sezn\u00e1mil\u00a0jak s\u00a0podrobn\u011bj\u0161\u00edm fungov\u00e1n\u00edm trhu s energiemi, tak i s v\u00fdhledem dal\u0161\u00edho v\u00fdvoje \u010desk\u00e9 elektriza\u010dn\u00ed soustavy.<\/p>\n<p>Jak\u00e1 opat\u0159en\u00ed proti vysok\u00fdm cen\u00e1m energi\u00ed pro obdob\u00ed 2022-2023 p\u0159ichystala vl\u00e1da \u010cR p\u0159edstavil ve sv\u00e9m vystoupen\u00ed n\u00e1m\u011bstek sekce pr\u016fmyslu\u00a0<a href=\"https:\/\/www.linkedin.com\/company\/ministry-of-industry-and-trade-of-the-czech-republic\/\" data-attribute-index=\"12\" data-entity-hovercard-id=\"urn:li:fs_miniCompany:1413131\" data-entity-type=\"MINI_COMPANY\">Ministerstvo pr\u016fmyslu a obchodu \u010cesk\u00e9 republiky<\/a>\u00a0Eduard Mu\u0159ick\u00fd.<\/p>\n<p>Faktory aktu\u00e1ln\u00edho v\u00fdvoje ekonomiky \u2013 zpomaluj\u00edc\u00ed inflaci, sn\u00ed\u017eenou spot\u0159ebu, n\u00edzkou m\u00edru zadlu\u017een\u00ed a nebezpe\u010dn\u00e9 tempo p\u0159ibl\u00ed\u017eili v\u00a0rozhovoru viceguvern\u00e9r\u00a0<a href=\"https:\/\/www.linkedin.com\/company\/czech-national-bank\/\" data-attribute-index=\"14\" data-entity-hovercard-id=\"urn:li:fs_miniCompany:303415\" data-entity-type=\"MINI_COMPANY\">\u010cesk\u00e1 n\u00e1rodn\u00ed banka<\/a>\u00a0Marek Mora a p\u0159edseda spr\u00e1vn\u00ed rady\u00a0<a href=\"https:\/\/www.linkedin.com\/company\/aspen-institute-central-europe\/\" data-attribute-index=\"16\" data-entity-hovercard-id=\"urn:li:fs_miniCompany:3019165\" data-entity-type=\"MINI_COMPANY\">The Aspen Institute Central Europe<\/a>\u00a0<a href=\"https:\/\/www.linkedin.com\/in\/ACoAADKvRW4BoeYwvi612UX1pNqu9vYi-V0wq5Q\" data-attribute-index=\"18\" data-entity-hovercard-id=\"urn:li:fs_miniProfile:ACoAADKvRW4BoeYwvi612UX1pNqu9vYi-V0wq5Q\" data-entity-type=\"MINI_PROFILE\">ivan Hodac<\/a>.<\/p>\n<p>V z\u00e1v\u011bru valn\u00e9 hromady v \u0159ad\u00e1ch AutoSAP p\u0159iv\u00edtal tak\u00e9 t\u0159i nov\u00e9 \u010dlensk\u00e9 firmy: <a href=\"https:\/\/www.linkedin.com\/company\/hronovskysro\/\" data-attribute-index=\"20\" data-entity-hovercard-id=\"urn:li:fs_miniCompany:18646122\" data-entity-type=\"MINI_COMPANY\">Hronovsk\u00fd s.r.o.\u00a0<\/a>, zastoupenou panem\u00a0<a href=\"https:\/\/www.linkedin.com\/in\/ACoAABYde1cBngGwnHcDOyVRPbdJatWzPS1t9-Q\" data-attribute-index=\"22\" data-entity-hovercard-id=\"urn:li:fs_miniProfile:ACoAABYde1cBngGwnHcDOyVRPbdJatWzPS1t9-Q\" data-entity-type=\"MINI_PROFILE\">Karel Prochazka<\/a>,\u00a0<a href=\"https:\/\/www.linkedin.com\/company\/kiekert-cs\/\" data-attribute-index=\"24\" data-entity-hovercard-id=\"urn:li:fs_miniCompany:10828696\" data-entity-type=\"MINI_COMPANY\">KIEKERT-CS<\/a>, zastoupenou panem Tom\u00e1\u0161em Krajsou a\u00a0<a href=\"https:\/\/www.linkedin.com\/company\/strojmetal\/\" data-attribute-index=\"26\" data-entity-hovercard-id=\"urn:li:fs_miniCompany:28530411\" data-entity-type=\"MINI_COMPANY\">Strojmetal Aluminium Forging<\/a>.<\/p>\n<p>Zdroj: Linked-in<\/p>\n","protected":false},"excerpt":{"rendered":"<div class=\"mh-excerpt\"><p>Po 3 letech on-line meeting\u016f AutoSAP se leto\u0161n\u00ed, 94. zased\u00e1n\u00ed valn\u00e9 hromady Sdru\u017een\u00ed automobilov\u00e9ho pr\u016fmyslu, konalo op\u011bt fyzicky, tentokr\u00e1t na p\u016fd\u011b \u0160kody Auto.<\/p>\n<\/div>","protected":false},"author":1,"featured_media":8634,"comment_status":"open","ping_status":"open","sticky":false,"template":"","format":"standard","meta":{"footnotes":""},"categories":[2],"tags":[],"class_list":["post-8633","post","type-post","status-publish","format-standard","has-post-thumbnail","hentry","category-news"],"_links":{"self":[{"href":"https:\/\/www.automakersnews.cz\/index.php\/wp-json\/wp\/v2\/posts\/8633","targetHints":{"allow":["GET"]}}],"collection":[{"href":"https:\/\/www.automakersnews.cz\/index.php\/wp-json\/wp\/v2\/posts"}],"about":[{"href":"https:\/\/www.automakersnews.cz\/index.php\/wp-json\/wp\/v2\/types\/post"}],"author":[{"embeddable":true,"href":"https:\/\/www.automakersnews.cz\/index.php\/wp-json\/wp\/v2\/users\/1"}],"replies":[{"embeddable":true,"href":"https:\/\/www.automakersnews.cz\/index.php\/wp-json\/wp\/v2\/comments?post=8633"}],"version-history":[{"count":0,"href":"https:\/\/www.automakersnews.cz\/index.php\/wp-json\/wp\/v2\/posts\/8633\/revisions"}],"wp:featuredmedia":[{"embeddable":true,"href":"https:\/\/www.automakersnews.cz\/index.php\/wp-json\/wp\/v2\/media\/8634"}],"wp:attachment":[{"href":"https:\/\/www.automakersnews.cz\/index.php\/wp-json\/wp\/v2\/media?parent=8633"}],"wp:term":[{"taxonomy":"category","embeddable":true,"href":"https:\/\/www.automakersnews.cz\/index.php\/wp-json\/wp\/v2\/categories?post=8633"},{"taxonomy":"post_tag","embeddable":true,"href":"https:\/\/www.automakersnews.cz\/index.php\/wp-json\/wp\/v2\/tags?post=8633"}],"curies":[{"name":"wp","href":"https:\/\/api.w.org\/{rel}","templated":true}]}}