{"id":86579,"date":"2023-08-22T06:17:21","date_gmt":"2023-08-22T06:17:21","guid":{"rendered":"https:\/\/www.automakersnews.cz\/?p=86579"},"modified":"2023-08-22T06:19:46","modified_gmt":"2023-08-22T06:19:46","slug":"kolinska-toyota-dnes-zastavi-vyrobu","status":"publish","type":"post","link":"https:\/\/www.automakersnews.cz\/index.php\/2023\/08\/22\/kolinska-toyota-dnes-zastavi-vyrobu\/","title":{"rendered":"\u017debr\u00e1k zastavil v\u00fdrobu v kol\u00ednsk\u00e9 Toyot\u011b"},"content":{"rendered":"<p class=\"big\"><strong>Toyota Motor Manufacturing Czech Republic v Kol\u00edn\u011b ode dne\u0161ka zastav\u00ed v\u00fdrobu kv\u016fli nedostatku komponent\u016f. Chyb\u00ed j\u00ed d\u00edly, kter\u00e9 automobilce dod\u00e1v\u00e1 Novares CZ Zebrak. Jej\u00ed v\u00fdrobn\u00ed a skladovac\u00ed prostory v \u017debr\u00e1ku na Berounsku zni\u010dil minul\u00fd t\u00fdden rozs\u00e1hl\u00fd po\u017e\u00e1r.<\/strong><!--more--><\/p>\n<p class=\"big\">V\u011bt\u0161ina zam\u011bstnanc\u016f Toyoty dnes do pr\u00e1ce p\u0159ijde, budou ale vykon\u00e1vat jin\u00e9 \u010dinnosti. Zat\u00edm nen\u00ed jasn\u00e9, kdy se v\u00fdroba obnov\u00ed. Letos zastavuje automobilka v\u00fdrobu nepl\u00e1novan\u011b podruh\u00e9.<\/p>\n<div class=\"box-offer-mob-perex\">\n<div id=\"mobFullPerexBan\">Kv\u016fli nedostatku d\u00edl\u016f nesj\u00ed\u017ed\u011bla z linek auta v \u00fanoru a \u010d\u00e1ste\u010dn\u011b v b\u0159eznu. Podle odhad\u016f nevyrobila spole\u010dnost kv\u016fli omezen\u00edm zhruba 25.000 aut.<\/div>\n<div><\/div>\n<div>Kol\u00ednsk\u00e1 automobilka produkuje denn\u011b zhruba 1000 aut. Loni zv\u00fd\u0161ila po dvou slab\u0161\u00edch letech v\u00fdrobu zhruba o \u010dtvrtinu, vyrobila p\u0159es 202.000 voz\u016f. Automobilka zam\u011bstn\u00e1v\u00e1 v Kol\u00edn\u011b p\u0159es 3500 lid\u00ed.<\/div>\n<div><img loading=\"lazy\" decoding=\"async\" class=\"alignnone size-large wp-image-74\" src=\"http:\/\/www.automakersnews.cz\/wp-content\/uploads\/2022\/01\/Toyota_Yaris_Mte_2020_hybrid-1024x682.jpg\" alt=\"\" width=\"1024\" height=\"682\" srcset=\"https:\/\/www.automakersnews.cz\/wp-content\/uploads\/2022\/01\/Toyota_Yaris_Mte_2020_hybrid-1024x682.jpg 1024w, https:\/\/www.automakersnews.cz\/wp-content\/uploads\/2022\/01\/Toyota_Yaris_Mte_2020_hybrid-300x200.jpg 300w, https:\/\/www.automakersnews.cz\/wp-content\/uploads\/2022\/01\/Toyota_Yaris_Mte_2020_hybrid-768x512.jpg 768w, https:\/\/www.automakersnews.cz\/wp-content\/uploads\/2022\/01\/Toyota_Yaris_Mte_2020_hybrid.jpg 1280w\" sizes=\"auto, (max-width: 1024px) 100vw, 1024px\" \/><\/div>\n<\/div>\n<div class=\"crossroad-icon\"><\/div>\n<div id=\"textFullBan\">\n<div id=\"ssp-zone-78406\" class=\"adFull\">\n<div class=\"sssp-posCont\"><\/div>\n<\/div>\n<\/div>\n","protected":false},"excerpt":{"rendered":"<div class=\"mh-excerpt\"><p>Toyota Motor Manufacturing Czech Republic v Kol\u00edn\u011b ode dne\u0161ka zastav\u00ed v\u00fdrobu kv\u016fli nedostatku komponent\u016f. Chyb\u00ed j\u00ed d\u00edly, kter\u00e9 automobilce dod\u00e1v\u00e1 Novares CZ Zebrak. Jej\u00ed v\u00fdrobn\u00ed <a class=\"mh-excerpt-more\" href=\"https:\/\/www.automakersnews.cz\/index.php\/2023\/08\/22\/kolinska-toyota-dnes-zastavi-vyrobu\/\" title=\"\u017debr\u00e1k zastavil v\u00fdrobu v kol\u00ednsk\u00e9 Toyot\u011b\">[&#8230;]<\/a><\/p>\n<\/div>","protected":false},"author":1,"featured_media":57819,"comment_status":"open","ping_status":"open","sticky":false,"template":"","format":"standard","meta":{"footnotes":""},"categories":[2,33],"tags":[],"class_list":["post-86579","post","type-post","status-publish","format-standard","has-post-thumbnail","hentry","category-news","category-vyrobci"],"_links":{"self":[{"href":"https:\/\/www.automakersnews.cz\/index.php\/wp-json\/wp\/v2\/posts\/86579","targetHints":{"allow":["GET"]}}],"collection":[{"href":"https:\/\/www.automakersnews.cz\/index.php\/wp-json\/wp\/v2\/posts"}],"about":[{"href":"https:\/\/www.automakersnews.cz\/index.php\/wp-json\/wp\/v2\/types\/post"}],"author":[{"embeddable":true,"href":"https:\/\/www.automakersnews.cz\/index.php\/wp-json\/wp\/v2\/users\/1"}],"replies":[{"embeddable":true,"href":"https:\/\/www.automakersnews.cz\/index.php\/wp-json\/wp\/v2\/comments?post=86579"}],"version-history":[{"count":0,"href":"https:\/\/www.automakersnews.cz\/index.php\/wp-json\/wp\/v2\/posts\/86579\/revisions"}],"wp:featuredmedia":[{"embeddable":true,"href":"https:\/\/www.automakersnews.cz\/index.php\/wp-json\/wp\/v2\/media\/57819"}],"wp:attachment":[{"href":"https:\/\/www.automakersnews.cz\/index.php\/wp-json\/wp\/v2\/media?parent=86579"}],"wp:term":[{"taxonomy":"category","embeddable":true,"href":"https:\/\/www.automakersnews.cz\/index.php\/wp-json\/wp\/v2\/categories?post=86579"},{"taxonomy":"post_tag","embeddable":true,"href":"https:\/\/www.automakersnews.cz\/index.php\/wp-json\/wp\/v2\/tags?post=86579"}],"curies":[{"name":"wp","href":"https:\/\/api.w.org\/{rel}","templated":true}]}}