{"id":87098,"date":"2023-08-23T13:13:45","date_gmt":"2023-08-23T13:13:45","guid":{"rendered":"https:\/\/www.automakersnews.cz\/?p=87098"},"modified":"2023-08-23T13:13:45","modified_gmt":"2023-08-23T13:13:45","slug":"panasonic-spousti-vyrobu-klimatizaci-v-plzni","status":"publish","type":"post","link":"https:\/\/www.automakersnews.cz\/index.php\/2023\/08\/23\/panasonic-spousti-vyrobu-klimatizaci-v-plzni\/","title":{"rendered":"Panasonic spou\u0161t\u00ed v\u00fdrobu klimatizac\u00ed v Plzni"},"content":{"rendered":"<p><strong>Panasonic Heating &amp; Ventilation Air-Conditioning si pronajala budovu v Panattoni Parku Pilsen West II. Prostory haly o celkov\u00e9 plo\u0161e p\u0159es 24 600 metr\u016f \u010dtvere\u010dn\u00edch budou slou\u017eit pro v\u00fdrobu a skladov\u00e1n\u00ed \u0159\u00eddic\u00edch desek pro klimatizace a tepeln\u00e1 \u010derpadla vyr\u00e1b\u011bn\u00e1 v \u010cR. Projekt financuje skupina AEW Europe.<\/strong><!--more--><\/p>\n<p>Panasonic Heating &amp; Ventilation Air-Conditioning se od roku 2022 v\u011bnuje v\u00fdhradn\u011b v\u00fdrob\u011b tepeln\u00fdch \u010derpadel. Nov\u00e1 hala o celkov\u00e9 plo\u0161e 24 662 metr\u016f \u010dtvere\u010dn\u00edch zavr\u0161uje rozvoj n\u00fd\u0159ansk\u00e9 brownfield lokality, kde dohromady s ji\u017e dokon\u010denou halou v tomto roce m\u00e1 Panattoni Park Pilsen West II p\u0159es 60 000 m2 pronaj\u00edmateln\u00fdch ploch. V souladu s hodnotami a viz\u00ed Panasonic byly p\u0159i v\u00fdstavb\u011b kladeny vysok\u00e9 n\u00e1roky na udr\u017eitelnost budovy.<\/p>\n<p>\u201eTepeln\u00e1 \u010derpadla vzduch-voda jsou, jako\u017eto ekologick\u00fd a \u00fasporn\u00fd zdroj tepla, st\u00e1le v\u00edce obl\u00edben\u00e1 jak u novostaveb, tak u rekonstrukc\u00ed star\u0161\u00edch objekt\u016f. Mezi roky 2019 a 2022 se popt\u00e1vka na evropsk\u00e9m trhu zdvojn\u00e1sobila, a to na t\u0159i miliony prodan\u00fdch kus\u016f ro\u010dn\u011b. V tomto obdob\u00ed vyrostl Panasonic v segmentu tepeln\u00fdch \u010derpadel \u010dty\u0159ikr\u00e1t. Z tohoto d\u016fvodu jsme se rozhodli roz\u0161\u00ed\u0159it v\u00fdrobn\u00ed kapacity v plze\u0148sk\u00e9m z\u00e1vod\u011b. A proto tak\u00e9 pot\u0159ebujeme nov\u00e9 skladovac\u00ed prostory, kter\u00e9 jsme na\u0161li v nedalek\u00fdch N\u00fd\u0159anech v r\u00e1mci spolupr\u00e1ce s na\u0161\u00edm partnerem Panattoni. T\u00edmto d\u011bkuji firm\u011b Panattoni a jej\u00edm pracovn\u00edk\u016fm za bezprobl\u00e9movou spolupr\u00e1ci a dodr\u017een\u00ed term\u00ednu dokon\u010den\u00ed nov\u00e9 skladovac\u00ed haly. I d\u00edky tomu bude Panasonic d\u00e1l expandovat ve v\u00fdrob\u011b tepeln\u00fdch \u010derpadel a stane v\u016fd\u010d\u00edm v\u00fdrobcem v Evrop\u011b,\u201c uvedl Hiroshi Komatsubara, Managing Director Panasonic Heating &amp; Ventilation Air-Conditioning Czech, s. r. o., CEO, HVAC Business Division Europe.<\/p>\n<p>\u201ePanasonic je z\u00e1sadn\u00edm v\u00fdrobcem a zam\u011bstnavatelem na Plze\u0148sku u\u017e od roku 1996, kdy zde otev\u0159el svou prvn\u00ed v\u00fdrobn\u00ed halu. Tehdy \u0161lo o prvn\u00ed japonskou investici v \u010cesk\u00e9 republice. P\u016fvodn\u00ed v\u00fdroba se v\u011bnovala televizor\u016fm, dnes jsou tu v\u0161ak specialist\u00e9 na kompletn\u00ed v\u00fdrobu tepeln\u00fdch \u010derpadel vzduch-voda. Vzhledem k tomu, \u017ee i my v r\u00e1mci na\u0161ich hal s t\u011bmito technologiemi pracujeme, abychom doc\u00edlili sn\u00ed\u017een\u00ed n\u00e1klad\u016f na energie a minimalizovali CO2 stopu budov, bylo p\u0159\u00edzna\u010dn\u00e9, \u017ee jsme pro Panasonic byli jasnou volbou,\u201c \u0159ekl Pavel Sovi\u010dka, gener\u00e1ln\u00ed \u0159editel Panattoni pro \u010cesko a Slovensko.<\/p>\n<p>Na budov\u011b jsou instalov\u00e1ny sol\u00e1rn\u00ed panely, kter\u00e9 se potenci\u00e1ln\u011b mohou roz\u0161\u00ed\u0159it na celou plochu st\u0159echy. U haly je i hmyz\u00ed hotel a infrastruktura pro cyklodopravu v\u010detn\u011b cyklopruh\u016f a zast\u0159e\u0161en\u00fdch stojan\u016f. I d\u00edky tomu budova aspiruje na jedno z nejvy\u0161\u0161\u00edch ocen\u011bn\u00ed v r\u00e1mci certifikace udr\u017eitelnosti dle BREEAM New Construction, a to stupe\u0148 Excellent.<\/p>\n<p>Cel\u00fd projekt znovuo\u017eivil p\u016fvodn\u011b mrtv\u00fd brownfield s bohatou pr\u016fmyslovou tradic\u00ed. V bl\u00edzkosti z\u00e1jmov\u00e9 lokality se historicky nach\u00e1zel d\u016fl na \u010dern\u00e9 uhl\u00ed Krimich I. T\u011b\u017eilo se zde v letech 1867 a\u017e 1935, kdy byla t\u011b\u017eba p\u0159enesena na nov\u011b otev\u0159en\u00fd d\u016fl Krimich II v Tlu\u010dn\u00e9. Star\u00fd d\u016fl slou\u017eil pouze k \u010derp\u00e1n\u00ed vody a z\u00e1soboval vodou i m\u011bsto N\u00fd\u0159any a osadu Pankr\u00e1c. P\u016fvodn\u011b d\u016fl pat\u0159il t\u011b\u017ea\u0159i JUDr. Pankr\u00e1covi, od n\u011bj jej p\u0159evzaly \u0160kodovy z\u00e1vody v Plzni. Ve dvac\u00e1t\u00fdch letech 20. stolet\u00ed zde plze\u0148sk\u00e1 \u0160kodovka postavila tepelnou elektr\u00e1rnu, kter\u00e1 z\u00e1sobovala plze\u0148skou \u0160kodovku, m\u011bsto N\u00fd\u0159any, ale i muni\u010dn\u00ed tov\u00e1rnu a d\u016fl Ziegler. Objekty b\u00fdval\u00e9 \u0161achty a elektr\u00e1rny byly od roku 1971 postupn\u011b p\u0159ebudov\u00e1v\u00e1ny na potravin\u00e1\u0159sk\u00fd z\u00e1vod Likona N\u00fd\u0159any.<\/p>\n<p>N\u00fd\u0159any le\u017e\u00ed p\u0159\u00edmo u exitu 93 d\u00e1lnice D5. Nab\u00edzej\u00ed tak vynikaj\u00edc\u00ed dopravn\u00ed spojen\u00ed s N\u011bmeckem i \u010ceskou republikou prost\u0159ednictv\u00edm d\u00e1lnice D5 a s\u00edt\u00ed n\u011bmeck\u00fdch d\u00e1lnic A6\/A93\/A9 do Norimberku, \u0158ezna a Mnichova. Obec je napojen\u00e1 i na \u017eelezni\u010dn\u00ed s\u00ed\u0165, autobusov\u00e1 zast\u00e1vka se nach\u00e1z\u00ed p\u0159\u00edmo u are\u00e1lu.<\/p>\n","protected":false},"excerpt":{"rendered":"<div class=\"mh-excerpt\"><p>Panasonic Heating &amp; Ventilation Air-Conditioning si pronajala budovu v Panattoni Parku Pilsen West II. Prostory haly o celkov\u00e9 plo\u0161e p\u0159es 24 600 metr\u016f \u010dtvere\u010dn\u00edch budou <a class=\"mh-excerpt-more\" href=\"https:\/\/www.automakersnews.cz\/index.php\/2023\/08\/23\/panasonic-spousti-vyrobu-klimatizaci-v-plzni\/\" title=\"Panasonic spou\u0161t\u00ed v\u00fdrobu klimatizac\u00ed v Plzni\">[&#8230;]<\/a><\/p>\n<\/div>","protected":false},"author":4,"featured_media":87099,"comment_status":"open","ping_status":"open","sticky":false,"template":"","format":"standard","meta":{"footnotes":""},"categories":[9,33],"tags":[],"class_list":["post-87098","post","type-post","status-publish","format-standard","has-post-thumbnail","hentry","category-investice","category-vyrobci"],"_links":{"self":[{"href":"https:\/\/www.automakersnews.cz\/index.php\/wp-json\/wp\/v2\/posts\/87098","targetHints":{"allow":["GET"]}}],"collection":[{"href":"https:\/\/www.automakersnews.cz\/index.php\/wp-json\/wp\/v2\/posts"}],"about":[{"href":"https:\/\/www.automakersnews.cz\/index.php\/wp-json\/wp\/v2\/types\/post"}],"author":[{"embeddable":true,"href":"https:\/\/www.automakersnews.cz\/index.php\/wp-json\/wp\/v2\/users\/4"}],"replies":[{"embeddable":true,"href":"https:\/\/www.automakersnews.cz\/index.php\/wp-json\/wp\/v2\/comments?post=87098"}],"version-history":[{"count":0,"href":"https:\/\/www.automakersnews.cz\/index.php\/wp-json\/wp\/v2\/posts\/87098\/revisions"}],"wp:featuredmedia":[{"embeddable":true,"href":"https:\/\/www.automakersnews.cz\/index.php\/wp-json\/wp\/v2\/media\/87099"}],"wp:attachment":[{"href":"https:\/\/www.automakersnews.cz\/index.php\/wp-json\/wp\/v2\/media?parent=87098"}],"wp:term":[{"taxonomy":"category","embeddable":true,"href":"https:\/\/www.automakersnews.cz\/index.php\/wp-json\/wp\/v2\/categories?post=87098"},{"taxonomy":"post_tag","embeddable":true,"href":"https:\/\/www.automakersnews.cz\/index.php\/wp-json\/wp\/v2\/tags?post=87098"}],"curies":[{"name":"wp","href":"https:\/\/api.w.org\/{rel}","templated":true}]}}