{"id":87612,"date":"2023-08-23T13:54:25","date_gmt":"2023-08-23T13:54:25","guid":{"rendered":"https:\/\/www.automakersnews.cz\/?p=87612"},"modified":"2023-08-23T13:55:20","modified_gmt":"2023-08-23T13:55:20","slug":"agc-chuderice-dodava-skla-pro-novy-mercedes","status":"publish","type":"post","link":"https:\/\/www.automakersnews.cz\/index.php\/2023\/08\/23\/agc-chuderice-dodava-skla-pro-novy-mercedes\/","title":{"rendered":"AGC Chude\u0159ice dod\u00e1v\u00e1 skla pro nov\u00fd Mercedes"},"content":{"rendered":"<p class=\"v1MsoNormal\"><b>P\u0159edev\u0161\u00edm \u010deln\u00ed sklo, ale tak\u00e9 p\u0159edn\u00ed a zadn\u00ed stahovac\u00ed skla ve dve\u0159\u00edch \u2013 to v\u0161e dod\u00e1v\u00e1 chude\u0159ick\u00e1 AGC Automotive Czech do nejnov\u011bj\u0161\u00edho modelu Mercedesu GLC kup\u00e9. Investici do nov\u00e9 linky popsal \u0161\u00e9f z\u00e1vodu Zbyn\u011bk Slivo\u0148.<\/b><!--more--><\/p>\n<p class=\"v1MsoNormal\">Do vozu, kter\u00fd automobilka vyr\u00e1b\u00ed pouze s hybridn\u00edmi modely, dod\u00e1v\u00e1 chude\u0159ick\u00fd v\u00fdrobce jako volitelnou v\u00fdbavu tak\u00e9 \u010deln\u00ed skla s head-up displeji. Ty \u0159idi\u010di zobrazuj\u00ed p\u0159\u00edmo ve v\u00fdhledu nap\u0159\u00edklad rychlost, za\u0159azen\u00fd rychlostn\u00ed stupe\u0148 nebo dojezd.<\/p>\n<p class=\"v1MsoNormal\">V\u00fdrobu \u010deln\u00edch skel s\u00a0head-up (HUD) displeji umo\u017enila jednomu z nejv\u011bt\u0161\u00edch z\u00e1vod\u016f na v\u00fdrobu autoskel v\u00a0Evrop\u011b rozs\u00e1hl\u00e1 investice do nov\u00e9 linky.<\/p>\n<p class=\"v1MsoNormal\"><b>Zbyn\u011bk Slivo\u0148, gener\u00e1ln\u00ed \u0159editel AGC Automotive Czech:\u00a0<\/b><i>\u201eDod\u00e1vky pro tato vozidla kladou obrovsk\u00e9 n\u00e1roky na v\u00fdvoj a dokonalou p\u0159\u00edpravu n\u00e1sledn\u00e9 s\u00e9riov\u00e9 v\u00fdroby. D\u00edky investici do nov\u00e9 linky na v\u00fdrobu \u010deln\u00edch skel v\u00a0minul\u00fdch letech, m\u016f\u017eeme z\u00e1kazn\u00edk\u016fm dod\u00e1vat autoskla v\u00a0prvot\u0159\u00eddn\u00ed kvalit\u011b s\u00a0nejmodern\u011bj\u0161\u00edmi prvky, jako jsou pr\u00e1v\u011b head-up displeje. To n\u00e1m otev\u00edr\u00e1 dve\u0159e pro dal\u0161\u00ed rozvoj v\u00fdroby autoskel na Teplicku.&#8220;<\/i><\/p>\n<p class=\"v1MsoNormal\">Mercedes GLC kup\u00e9 p\u0159edstavila automobilka tento rok. Jde o vozy s\u00a0v\u00fdhradn\u011b hybridn\u00edmi motory. Model GLC kup\u00e9 vych\u00e1z\u00ed z\u00a0p\u0159edchoz\u00edho model\u016f, ov\u0161em oproti n\u011bmu m\u00e1 spl\u00fdvavou z\u00e1\u010f.\u00a0Mo\u017enost zobrazov\u00e1n\u00ed provozn\u00edch informac\u00ed p\u0159\u00edmo na \u010deln\u00edm skle pomoc\u00ed head-up displeje je pro nov\u00e9 SUV volitelnou \u010d\u00e1st\u00ed v\u00fdbavy. AGC Automotive Czech do tohoto vozu vedle \u010deln\u00edho skla dod\u00e1v\u00e1 tak\u00e9 n\u011bkter\u00e1 bo\u010dn\u00ed skla a n\u011bkter\u00e1 skla pro zadn\u00ed \u010d\u00e1st vozu.<\/p>\n<figure id=\"attachment_16781\" aria-describedby=\"caption-attachment-16781\" style=\"width: 1024px\" class=\"wp-caption alignnone\"><img loading=\"lazy\" decoding=\"async\" class=\"size-large wp-image-16781\" src=\"http:\/\/www.automakersnews.cz\/wp-content\/uploads\/2023\/01\/AGC-Automotive-Czech-Zbynek-Slivon-1024x684.jpg\" alt=\"\" width=\"1024\" height=\"684\" \/><figcaption id=\"caption-attachment-16781\" class=\"wp-caption-text\">Zbyn\u011bk Slivo\u0148<\/figcaption><\/figure>\n<div>Z\u00e1vod v Chude\u0159ic\u00edch spole\u010dnosti AGC Automotive Czech pat\u0159\u00ed mezi nejv\u011bt\u0161\u00ed a nejkomplexn\u011bj\u0161\u00ed evropsk\u00e9 v\u00fdrobce autoskel a je nejv\u011bt\u0161\u00edm z\u00e1vodem na v\u00fdrobu autoskel skupiny AGC. Dod\u00e1v\u00e1 automobilov\u00e1 skla v\u0161em velk\u00fdm evropsk\u00fdm automobilk\u00e1m. V\u00a0Chude\u0159ic\u00edch na Teplicku zam\u011bstn\u00e1v\u00e1 kolem 1750 lid\u00ed. Firma pat\u0159\u00ed do skupiny AGC, kter\u00e1 je nejv\u011bt\u0161\u00edm sv\u011btov\u00fdm v\u00fdrobcem ploch\u00e9ho skla.<\/div>\n","protected":false},"excerpt":{"rendered":"<div class=\"mh-excerpt\"><p>P\u0159edev\u0161\u00edm \u010deln\u00ed sklo, ale tak\u00e9 p\u0159edn\u00ed a zadn\u00ed stahovac\u00ed skla ve dve\u0159\u00edch \u2013 to v\u0161e dod\u00e1v\u00e1 chude\u0159ick\u00e1 AGC Automotive Czech do nejnov\u011bj\u0161\u00edho modelu Mercedesu GLC <a class=\"mh-excerpt-more\" href=\"https:\/\/www.automakersnews.cz\/index.php\/2023\/08\/23\/agc-chuderice-dodava-skla-pro-novy-mercedes\/\" title=\"AGC Chude\u0159ice dod\u00e1v\u00e1 skla pro nov\u00fd Mercedes\">[&#8230;]<\/a><\/p>\n<\/div>","protected":false},"author":1,"featured_media":87613,"comment_status":"open","ping_status":"open","sticky":false,"template":"","format":"standard","meta":{"footnotes":""},"categories":[9],"tags":[],"class_list":["post-87612","post","type-post","status-publish","format-standard","has-post-thumbnail","hentry","category-investice"],"_links":{"self":[{"href":"https:\/\/www.automakersnews.cz\/index.php\/wp-json\/wp\/v2\/posts\/87612","targetHints":{"allow":["GET"]}}],"collection":[{"href":"https:\/\/www.automakersnews.cz\/index.php\/wp-json\/wp\/v2\/posts"}],"about":[{"href":"https:\/\/www.automakersnews.cz\/index.php\/wp-json\/wp\/v2\/types\/post"}],"author":[{"embeddable":true,"href":"https:\/\/www.automakersnews.cz\/index.php\/wp-json\/wp\/v2\/users\/1"}],"replies":[{"embeddable":true,"href":"https:\/\/www.automakersnews.cz\/index.php\/wp-json\/wp\/v2\/comments?post=87612"}],"version-history":[{"count":0,"href":"https:\/\/www.automakersnews.cz\/index.php\/wp-json\/wp\/v2\/posts\/87612\/revisions"}],"wp:featuredmedia":[{"embeddable":true,"href":"https:\/\/www.automakersnews.cz\/index.php\/wp-json\/wp\/v2\/media\/87613"}],"wp:attachment":[{"href":"https:\/\/www.automakersnews.cz\/index.php\/wp-json\/wp\/v2\/media?parent=87612"}],"wp:term":[{"taxonomy":"category","embeddable":true,"href":"https:\/\/www.automakersnews.cz\/index.php\/wp-json\/wp\/v2\/categories?post=87612"},{"taxonomy":"post_tag","embeddable":true,"href":"https:\/\/www.automakersnews.cz\/index.php\/wp-json\/wp\/v2\/tags?post=87612"}],"curies":[{"name":"wp","href":"https:\/\/api.w.org\/{rel}","templated":true}]}}