{"id":87653,"date":"2023-08-23T14:56:57","date_gmt":"2023-08-23T14:56:57","guid":{"rendered":"https:\/\/www.automakersnews.cz\/?p=87653"},"modified":"2023-08-23T14:57:48","modified_gmt":"2023-08-23T14:57:48","slug":"vlada-schvalila-ruceni-pro-elektrokolobezky","status":"publish","type":"post","link":"https:\/\/www.automakersnews.cz\/index.php\/2023\/08\/23\/vlada-schvalila-ruceni-pro-elektrokolobezky\/","title":{"rendered":"Vl\u00e1da schv\u00e1lila ru\u010den\u00ed pro elektrokolob\u011b\u017eky"},"content":{"rendered":"<p><strong>Minist\u0159i ve st\u0159edu schv\u00e1lili n\u00e1vrh z\u00e1kona, kter\u00fd p\u0159inese novinky nejen \u0159idi\u010d\u016fm aut, ale i elektrick\u00fdch kolob\u011b\u017eek, segway\u00ed \u010di golfov\u00fdch voz\u00edtek. Povinn\u00e9mu poji\u0161t\u011bn\u00ed odpov\u011bdnosti neboli povinn\u00e9mu ru\u010den\u00ed bude nov\u011b podl\u00e9hat v\u011bt\u0161\u00ed spektrum vozidel.<\/strong><!--more--><\/p>\n<p>Vozidlem, kter\u00e9 pot\u0159ebuje povinn\u00e9 ru\u010den\u00ed, se nov\u011b rozum\u00ed prost\u0159edek, jeho\u017e maxim\u00e1ln\u00ed konstruk\u010dn\u00ed rychlost je vy\u0161\u0161\u00ed ne\u017e 25 km v hodin\u011b, nebo je vy\u0161\u0161\u00ed ne\u017e 14 km v hodin\u011b, kdy\u017e m\u00e1 v\u011bt\u0161\u00ed hmotnost ne\u017e 25 kg a p\u0159\u00edpojn\u00e1 vozidla.<\/p>\n<div class=\"c_jO _608bd6b73316103f15d31ccc\">\n<div class=\"c_c\" data-e2e=\"ogm-article-layout\">\n<article class=\"c_hD\" role=\"article\" aria-labelledby=\"accessibility-article\">\n<div class=\"c_d7\" data-dot=\"ogm-article-content\">\n<div class=\"g_d8 mol-rich-content--for-article\">\n<div class=\"g_bd speakable\" data-dot=\"mol-paragraph\">\n<p class=\"e_bd\"><span class=\"atm-text-decorator\">Povinn\u00e9 ru\u010den\u00ed je z\u00e1konem na\u0159\u00edzen\u00e9 poji\u0161t\u011bn\u00ed dopravn\u00edho prost\u0159edku, ze kter\u00e9ho se hrad\u00ed p\u0159\u00edpadn\u00e9 \u0161kody a\u00a0n\u00e1sledky, kter\u00e9 zp\u016fsob\u00ed.<\/span><\/p>\n<\/div>\n<div class=\"g_d9\" data-dot=\"mol-self-promo\">\n<div class=\"g_gx js-ad g_bF\">\u201eNov\u011b se budou muset poji\u0161\u0165ovat ze z\u00e1kona za \u0161kody, kter\u00e9 by mohly zp\u016fsobit sv\u00fdm provozem i elektrick\u00e9 kolob\u011b\u017eky, segwaye, sn\u011b\u017en\u00e9 sk\u00fatry, zahradn\u00ed traktory, motorov\u00e1 golfov\u00e1 voz\u00edtka a podobn\u011b,\u201c uvedl ministr financ\u00ed Zbyn\u011bk Stanjura (ODS).<\/div>\n<\/div>\n<div class=\"g_bd speakable\" data-dot=\"mol-paragraph\">\n<p class=\"e_bd\"><span class=\"atm-text-decorator\">Tuto zm\u011bnu v\u00edt\u00e1 nap\u0159\u00edklad \u010cesk\u00e1 asociace poji\u0161\u0165oven (\u010cAP). \u201eC\u00edlem t\u00e9to \u00fapravy je chr\u00e1nit osoby, kter\u00fdm jezdec takov\u00e9ho vozidla zp\u016fsob\u00ed \u00fajmu na zdrav\u00ed \u010di majetku, a\u00a0tak\u00e9 zjednodu\u0161it cel\u00fd proces od\u0161kodn\u011bn\u00ed. Od roku 2024\u00a0dostane po\u0161kozen\u00fd kompenzaci od poji\u0161\u0165ovny ze sjednan\u00e9ho povinn\u00e9ho poji\u0161t\u011bn\u00ed,\u201c \u0159\u00edk\u00e1 mluv\u010d\u00ed \u010cAP Tom\u00e1\u0161 Pavl\u00edk.<\/span><\/p>\n<\/div>\n<div class=\"g_e0\" data-dot=\"mol-document-links\">\n<div class=\"d_e\">\n<div class=\"g_e2\" data-dot=\"mol-document-link\">\n<div class=\"g_je\" data-dot=\"mol-article-card\" data-e2e=\"mol-article-card\">\n<div class=\"d_g g_g\">\n<div class=\"d_h g_h\" data-dot=\"mol-article-card-media\">\n<div class=\"e_bj\">\n<div class=\"e_cF\">\n<div class=\"e_ax e_H e_L\">\n<div class=\"e_i6\">\u00dapravy z\u00e1kona tak\u00e9 nov\u011b stanovuj\u00ed, co spad\u00e1 pod definici motorov\u00e9ho vozidla. Za n\u011bj se budou nov\u011b pova\u017eovat ty dopravn\u00ed prost\u0159edky, u kter\u00fdch je motor hlavn\u00edm zdrojem pohybu. Do t\u00e9to definice budou nov\u011b pat\u0159it tak\u00e9 elektrick\u00e9 kolob\u011b\u017eky \u010di segwaye.<\/div>\n<div><\/div>\n<div><strong>Elektrokola bez ru\u010den\u00ed<\/strong><\/div>\n<\/div>\n<\/div>\n<\/div>\n<\/div>\n<\/div>\n<\/div>\n<\/div>\n<\/div>\n<\/div>\n<div class=\"g_bd speakable\" data-dot=\"mol-paragraph\">\n<p class=\"e_bd\"><span class=\"atm-text-decorator\">V\u00fdjimku budou m\u00edt ale nap\u0159\u00edklad elektrokola, proto\u017ee jejich prim\u00e1rn\u00edm zdrojem energie je \u0161lap\u00e1n\u00ed, a\u00a0ne pouze motor. Dal\u0161\u00ed v\u00fdjimku dostanou tak\u00e9 zahradn\u00ed traktory, kter\u00e9 se pohybuj\u00ed v\u00fdhradn\u011b na soukrom\u00e9m pozemku. Pokud jej ale opust\u00ed a\u00a0vyjedou nap\u0159\u00edklad na silnici, mus\u00ed u\u017e m\u00edt poji\u0161t\u011bn\u00ed.<\/span><\/p>\n<\/div>\n<div class=\"g_bd speakable\" data-dot=\"mol-paragraph\">\n<p class=\"e_bd\"><span class=\"atm-text-decorator\">N\u00e1vrh tak\u00e9 roz\u0161i\u0159uje povinnost povinn\u00e9ho ru\u010den\u00ed v\u010detn\u011b alternativn\u00edho poji\u0161t\u011bn\u00ed odpov\u011bdnosti p\u0159i motorov\u00fdch z\u00e1vodech nebo sout\u011b\u017e\u00edc\u00edch. Poji\u0161t\u011bn\u00ed si bude muset sjednat skute\u010dn\u00fd provozovatel vozidla, nikoli \u0159idi\u010d, kter\u00fd jej do\u010dasn\u011b vyu\u017e\u00edv\u00e1. Doposud byla tato povinnost na majiteli vozidla. Stejn\u00e1 povinnost plat\u00ed i\u00a0pro sd\u00edlen\u00e9 kolob\u011b\u017eky, kter\u00e9 lid\u00e9 vyu\u017e\u00edvaj\u00ed jen kr\u00e1tce.<\/span><\/p>\n<\/div>\n<h2 class=\"e_k e_r g_k speakable\">Zelen\u00e9 karty budou online, ale jen v\u00a0\u010cesku<\/h2>\n<div class=\"g_bd speakable\" data-dot=\"mol-paragraph\">\n<p class=\"e_bd\"><span class=\"atm-text-decorator\">Lid\u00e9 se nov\u011b ji\u017e nebudou muset prokazovat tzv. zelen\u00fdmi kartami, kter\u00e9 slou\u017e\u00ed jako mezin\u00e1rodn\u00ed osv\u011bd\u010den\u00ed o\u00a0platn\u00e9m poji\u0161t\u011bn\u00ed odpov\u011bdnosti z\u00a0provozu vozidla. \u201eOd p\u0159ijet\u00ed z\u00e1kona, co\u017e by m\u011blo b\u00fdt 23.\u00a0prosince leto\u0161n\u00edho roku, nebudeme muset, pokud budeme cestovat na \u00fazem\u00ed \u010cesk\u00e9 republiky, u\u00a0sebe m\u00edt tzv. zelenou kartu,\u201c up\u0159esnil Stanjura. Pro cesty do zahrani\u010d\u00ed v\u0161ak budou zelen\u00e9 karty nad\u00e1le pot\u0159eba.<\/span><\/p>\n<\/div>\n<div class=\"g_bd speakable\" data-dot=\"mol-paragraph\">\n<p class=\"e_bd\"><span class=\"atm-text-decorator\">Zelen\u00e9 karty nahrad\u00ed elektronick\u00e1 evidence povinn\u00e9ho ru\u010den\u00ed. Kontrola tak bude na \u00fazem\u00ed \u010cesk\u00e9 republiky mo\u017en\u00e1 i\u00a0bez zastaven\u00ed vozidla.<\/span><\/p>\n<\/div>\n<div class=\"g_e0\" data-dot=\"mol-document-links\">\n<div class=\"d_e\">\n<div class=\"g_e2\" data-dot=\"mol-document-link\">\n<div class=\"g_je\" data-dot=\"mol-article-card\" data-e2e=\"mol-article-card\">\n<div class=\"d_g g_g\">\n<div class=\"d_h g_h\" data-dot=\"mol-article-card-media\">\n<div class=\"e_bj\">\n<div class=\"e_cF\">\n<div class=\"e_ax e_H e_L\">\n<div class=\"e_i6\">Podle Ministerstva financ\u00ed se zjednodu\u0161\u00ed tak\u00e9 eviden\u010dn\u00ed \u00fakony p\u0159i zm\u011bn\u00e1ch v registru silni\u010dn\u00edch vozidel.<\/div>\n<\/div>\n<\/div>\n<\/div>\n<\/div>\n<\/div>\n<\/div>\n<\/div>\n<\/div>\n<\/div>\n<div class=\"g_bd speakable\" data-dot=\"mol-paragraph\">\n<p class=\"e_bd\"><span class=\"atm-text-decorator\">Dojde tak\u00e9 ke zv\u00fd\u0161en\u00ed minim\u00e1ln\u00ed hranice pojistn\u00e9ho pln\u011bn\u00ed ze sou\u010dasn\u00fdch 35\u00a0milion\u016f K\u010d na 50\u00a0milion\u016f K\u010d a\u00a0ke zm\u011bn\u00e1m n\u011bkter\u00fdch pravidel pro \u010dinnost \u010cesk\u00e9 kancel\u00e1\u0159e pojistitel\u016f.<\/span><\/p>\n<\/div>\n<div class=\"g_bd speakable\" data-dot=\"mol-paragraph\">\n<p class=\"e_bd\"><span class=\"atm-text-decorator\">\u201eRo\u010dn\u011b vznikaj\u00ed a\u017e des\u00edtky p\u0159\u00edpad\u016f \u0161kod, kter\u00e9 svou v\u00fd\u0161\u00ed p\u0159ekonaj\u00ed 30\u00a0milion\u016f K\u010d, kde u\u017e m\u016f\u017ee b\u00fdt dosa\u017een\u00ed minim\u00e1ln\u00edho limitu aktu\u00e1ln\u00ed. V\u00a0p\u0159\u00edpad\u011b, \u017ee k\u00a0takov\u00e9 \u0161kod\u011b v\u00a0sou\u010dasn\u00e9 dob\u011b dojde a\u00a0klient m\u00e1 sjednan\u00fd pouze minim\u00e1ln\u00ed limit pln\u011bn\u00ed, riskuje, \u017ee bude hradit a\u017e des\u00edtky milion\u016f korun po\u0161kozen\u00e9mu ze sv\u00e9ho,\u201c upozor\u0148uje Pavl\u00edk z\u00a0\u010cAP.<\/span><\/p>\n<\/div>\n<div class=\"g_bd speakable\" data-dot=\"mol-paragraph\">\n<p class=\"e_bd\"><span class=\"atm-text-decorator\">Nov\u00e1 vy\u0161\u0161\u00ed hranice bude v\u00a0souladu s\u00a0evropskou legislativou a\u00a0z\u00e1rove\u0148 bude podle \u010cAP harmonizovat minim\u00e1ln\u00ed standardy od\u0161kodn\u011bn\u00ed pro po\u0161kozen\u00e9. \u201eT\u00edm doch\u00e1z\u00ed k\u00a0vy\u0161\u0161\u00ed jistot\u011b, \u017ee po\u0161kozen\u00e9mu bude kompenzov\u00e1na skute\u010dn\u011b vznikl\u00e1 \u0161koda a\u00a0nebude si muset \u00fahradu nadlimitn\u00ed \u010d\u00e1sti \u0161kody \u0159e\u0161it nap\u0159\u00edmo s\u00a0vin\u00edkem a\u00a0stejn\u011b tak i\u00a0pro vin\u00edka se tak v\u00fdrazn\u011b sni\u017euje riziko, \u017ee by po n\u011bm po\u0161kozen\u00fd n\u00e1rokoval nap\u0159\u00edmo \u010d\u00e1stku, kter\u00e1 by byla nad jeho finan\u010dn\u00ed mo\u017enosti,\u201c popisuje Pavl\u00edk.<\/span><\/p>\n<\/div>\n<div class=\"g_bd speakable\" data-dot=\"mol-paragraph\">\n<p class=\"e_bd\"><span class=\"atm-text-decorator\">Podle pl\u00e1nu by m\u011bl z\u00e1kon nab\u00fdt \u010dinnosti 23.\u00a0prosince 2023.\u00a0P\u0159echod na online syst\u00e9m v\u00fdm\u011bny dat a\u00a0s t\u00edm souvisej\u00edc\u00ed zru\u0161en\u00ed zelen\u00fdch karet pro vnitrost\u00e1tn\u00ed \u00fa\u010dely by m\u011bly b\u00fdt realizov\u00e1ny po uplynut\u00ed \u0161estim\u011bs\u00ed\u010dn\u00edho p\u0159echodn\u00e9ho obdob\u00ed k\u00a01.\u00a0\u010dervenci 2024.<\/span><\/p>\n<p><strong>Zdroj: Seznam Zpr\u00e1vy<\/strong><\/p>\n<\/div>\n<\/div>\n<\/div>\n<\/article>\n<\/div>\n<\/div>\n","protected":false},"excerpt":{"rendered":"<div class=\"mh-excerpt\"><p>Minist\u0159i ve st\u0159edu schv\u00e1lili n\u00e1vrh z\u00e1kona, kter\u00fd p\u0159inese novinky nejen \u0159idi\u010d\u016fm aut, ale i elektrick\u00fdch kolob\u011b\u017eek, segway\u00ed \u010di golfov\u00fdch voz\u00edtek. Povinn\u00e9mu poji\u0161t\u011bn\u00ed odpov\u011bdnosti neboli povinn\u00e9mu <a class=\"mh-excerpt-more\" href=\"https:\/\/www.automakersnews.cz\/index.php\/2023\/08\/23\/vlada-schvalila-ruceni-pro-elektrokolobezky\/\" title=\"Vl\u00e1da schv\u00e1lila ru\u010den\u00ed pro elektrokolob\u011b\u017eky\">[&#8230;]<\/a><\/p>\n<\/div>","protected":false},"author":1,"featured_media":87654,"comment_status":"open","ping_status":"open","sticky":false,"template":"","format":"standard","meta":{"footnotes":""},"categories":[5],"tags":[],"class_list":["post-87653","post","type-post","status-publish","format-standard","has-post-thumbnail","hentry","category-pojisteni"],"_links":{"self":[{"href":"https:\/\/www.automakersnews.cz\/index.php\/wp-json\/wp\/v2\/posts\/87653","targetHints":{"allow":["GET"]}}],"collection":[{"href":"https:\/\/www.automakersnews.cz\/index.php\/wp-json\/wp\/v2\/posts"}],"about":[{"href":"https:\/\/www.automakersnews.cz\/index.php\/wp-json\/wp\/v2\/types\/post"}],"author":[{"embeddable":true,"href":"https:\/\/www.automakersnews.cz\/index.php\/wp-json\/wp\/v2\/users\/1"}],"replies":[{"embeddable":true,"href":"https:\/\/www.automakersnews.cz\/index.php\/wp-json\/wp\/v2\/comments?post=87653"}],"version-history":[{"count":0,"href":"https:\/\/www.automakersnews.cz\/index.php\/wp-json\/wp\/v2\/posts\/87653\/revisions"}],"wp:featuredmedia":[{"embeddable":true,"href":"https:\/\/www.automakersnews.cz\/index.php\/wp-json\/wp\/v2\/media\/87654"}],"wp:attachment":[{"href":"https:\/\/www.automakersnews.cz\/index.php\/wp-json\/wp\/v2\/media?parent=87653"}],"wp:term":[{"taxonomy":"category","embeddable":true,"href":"https:\/\/www.automakersnews.cz\/index.php\/wp-json\/wp\/v2\/categories?post=87653"},{"taxonomy":"post_tag","embeddable":true,"href":"https:\/\/www.automakersnews.cz\/index.php\/wp-json\/wp\/v2\/tags?post=87653"}],"curies":[{"name":"wp","href":"https:\/\/api.w.org\/{rel}","templated":true}]}}